{"id":9555,"date":"2021-06-14T15:09:01","date_gmt":"2021-06-14T13:09:01","guid":{"rendered":"https:\/\/feuerwehr-vglambrecht.de\/cms\/?p=9555"},"modified":"2021-06-14T16:56:33","modified_gmt":"2021-06-14T14:56:33","slug":"trainingstag-der-a-n-t-s-staffel-der-vg-lambrecht-feuerwehr-a-n-t-s-atemschutznotfalltrainierte-staffel","status":"publish","type":"post","link":"https:\/\/feuerwehr-vglambrecht.de\/cms\/2021\/06\/14\/trainingstag-der-a-n-t-s-staffel-der-vg-lambrecht-feuerwehr-a-n-t-s-atemschutznotfalltrainierte-staffel\/","title":{"rendered":"Trainingstag der A.N.T.S. Staffel der VG Lambrecht Feuerwehr ( A.N.T.S. Atemschutznotfalltrainierte Staffel)"},"content":{"rendered":"<p>Die Feuerwehr Esthal stellt als Sondereinheit die A.N.T.S. f\u00fcr die Feuerwehren der Verbandsgemeinde Lambrecht und organisiert den Sammelplatz Atemschutz bei gr\u00f6\u00dferen Brandeins\u00e4tzen.<!--more--><\/p>\n<p>Am 12. Juni 2021 fand ein Trainingstag f\u00fcr die Atemschutzger\u00e4tetr\u00e4ger der Feuerwehr Esthal statt. Nach einer kurzen theoretischen Einweisung wurden bei verschiedenen \u00dcbungen Atemschutznotf\u00e4lle dargestellt, die von der A.N.T.S. abzuarbeiten war. Szenarien waren und anderem das Wechseln einer Mitteldruckleitung und das Aufsetzen einer Rettungshaube (Respihood) eines verunfallten Angriffstrupps im Innenangriff, jeweils unter Nullsichtbedingungen. Bei einer Crashrettung wurden das Reanimieren w\u00e4hrend der Rettung und das schnellstm\u00f6gliche Ablegen des Atemschutzger\u00e4tes mitsamt der Kleidung ge\u00fcbt.<\/p>\n<p>Schwerpunkte waren auch das Schlauchmanagements im Geb\u00e4ude, Umgang mit einem Rauchvorhang zur Vermeidung der Ausbreitung von Brandrauch im Geb\u00e4ude, verschiedene Einsatztaktiken f\u00fcr den Innenangriff und dem Einsatz eines Hochleistungsl\u00fcfters. Wichtig war auch die Kommunikation der eingesetzten Staffel unter sich, mit der F\u00fchrung der Atemschutznotfalltrainierten Staffel und der Atemschutz\u00fcberwachung. \n<div class=\"ngg-galleryoverview\" id=\"ngg-gallery-322-9555\">\n\n\t<!-- Slideshow link -->\n\t<div class=\"slideshowlink\">\n\t\t<a class=\"slideshowlink\" href=\"https:\/\/feuerwehr-vglambrecht.de\/cms\/2021\/06\/14\/trainingstag-der-a-n-t-s-staffel-der-vg-lambrecht-feuerwehr-a-n-t-s-atemschutznotfalltrainierte-staffel\/nggallery\/slideshow\">\n\t\t\t[Show as slideshow]\t\t<\/a>\n\t<\/div>\n\n\t\n\t<!-- Thumbnails -->\n\t\t\n\t<div id=\"ngg-image-1870\" class=\"ngg-gallery-thumbnail-box\"  >\n\t\t<div class=\"ngg-gallery-thumbnail\" >\n\t\t\t<a href=\"https:\/\/feuerwehr-vglambrecht.de\/cms\/wp-content\/gallery\/a-n-t-s-training\/dsc00108.jpg\" title=\" \" class=\"shutterset_set_322\" >\n\t\t\t\t\t\t\t\t<img loading=\"lazy\" decoding=\"async\" title=\"SONY DSC\" alt=\"SONY DSC\" src=\"https:\/\/feuerwehr-vglambrecht.de\/cms\/wp-content\/gallery\/a-n-t-s-training\/thumbs\/thumbs_dsc00108.jpg\" width=\"100\" height=\"75\" \/>\n\t\t\t\t\t\t\t<\/a>\n\t\t<\/div>\n\t<\/div>\n\t\n\t\t\n \t\t\n\t<div id=\"ngg-image-1871\" class=\"ngg-gallery-thumbnail-box\"  >\n\t\t<div class=\"ngg-gallery-thumbnail\" >\n\t\t\t<a href=\"https:\/\/feuerwehr-vglambrecht.de\/cms\/wp-content\/gallery\/a-n-t-s-training\/dsc00110.jpg\" title=\" \" class=\"shutterset_set_322\" >\n\t\t\t\t\t\t\t\t<img loading=\"lazy\" decoding=\"async\" title=\"SONY DSC\" alt=\"SONY DSC\" src=\"https:\/\/feuerwehr-vglambrecht.de\/cms\/wp-content\/gallery\/a-n-t-s-training\/thumbs\/thumbs_dsc00110.jpg\" width=\"100\" height=\"75\" \/>\n\t\t\t\t\t\t\t<\/a>\n\t\t<\/div>\n\t<\/div>\n\t\n\t\t\n \t\t\n\t<div id=\"ngg-image-1872\" class=\"ngg-gallery-thumbnail-box\"  >\n\t\t<div class=\"ngg-gallery-thumbnail\" >\n\t\t\t<a href=\"https:\/\/feuerwehr-vglambrecht.de\/cms\/wp-content\/gallery\/a-n-t-s-training\/dsc00111.jpg\" title=\" \" class=\"shutterset_set_322\" >\n\t\t\t\t\t\t\t\t<img loading=\"lazy\" decoding=\"async\" title=\"SONY DSC\" alt=\"SONY DSC\" src=\"https:\/\/feuerwehr-vglambrecht.de\/cms\/wp-content\/gallery\/a-n-t-s-training\/thumbs\/thumbs_dsc00111.jpg\" width=\"100\" height=\"75\" \/>\n\t\t\t\t\t\t\t<\/a>\n\t\t<\/div>\n\t<\/div>\n\t\n\t\t\n \t\t\n\t<div id=\"ngg-image-1873\" class=\"ngg-gallery-thumbnail-box\"  >\n\t\t<div class=\"ngg-gallery-thumbnail\" >\n\t\t\t<a href=\"https:\/\/feuerwehr-vglambrecht.de\/cms\/wp-content\/gallery\/a-n-t-s-training\/dsc00113.jpg\" title=\" \" class=\"shutterset_set_322\" >\n\t\t\t\t\t\t\t\t<img loading=\"lazy\" decoding=\"async\" title=\"SONY DSC\" alt=\"SONY DSC\" src=\"https:\/\/feuerwehr-vglambrecht.de\/cms\/wp-content\/gallery\/a-n-t-s-training\/thumbs\/thumbs_dsc00113.jpg\" width=\"100\" height=\"75\" \/>\n\t\t\t\t\t\t\t<\/a>\n\t\t<\/div>\n\t<\/div>\n\t\n\t\t\n \t\t\n\t<div id=\"ngg-image-1874\" class=\"ngg-gallery-thumbnail-box\"  >\n\t\t<div class=\"ngg-gallery-thumbnail\" >\n\t\t\t<a href=\"https:\/\/feuerwehr-vglambrecht.de\/cms\/wp-content\/gallery\/a-n-t-s-training\/dsc00114.jpg\" title=\" \" class=\"shutterset_set_322\" >\n\t\t\t\t\t\t\t\t<img loading=\"lazy\" decoding=\"async\" title=\"SONY DSC\" alt=\"SONY DSC\" src=\"https:\/\/feuerwehr-vglambrecht.de\/cms\/wp-content\/gallery\/a-n-t-s-training\/thumbs\/thumbs_dsc00114.jpg\" width=\"100\" height=\"75\" \/>\n\t\t\t\t\t\t\t<\/a>\n\t\t<\/div>\n\t<\/div>\n\t\n\t\t\n \t\t\n\t<div id=\"ngg-image-1875\" class=\"ngg-gallery-thumbnail-box\"  >\n\t\t<div class=\"ngg-gallery-thumbnail\" >\n\t\t\t<a href=\"https:\/\/feuerwehr-vglambrecht.de\/cms\/wp-content\/gallery\/a-n-t-s-training\/dsc00115.jpg\" title=\" \" class=\"shutterset_set_322\" >\n\t\t\t\t\t\t\t\t<img loading=\"lazy\" decoding=\"async\" title=\"SONY DSC\" alt=\"SONY DSC\" src=\"https:\/\/feuerwehr-vglambrecht.de\/cms\/wp-content\/gallery\/a-n-t-s-training\/thumbs\/thumbs_dsc00115.jpg\" width=\"100\" height=\"75\" \/>\n\t\t\t\t\t\t\t<\/a>\n\t\t<\/div>\n\t<\/div>\n\t\n\t\t\n \t\t\n\t<div id=\"ngg-image-1876\" class=\"ngg-gallery-thumbnail-box\"  >\n\t\t<div class=\"ngg-gallery-thumbnail\" >\n\t\t\t<a href=\"https:\/\/feuerwehr-vglambrecht.de\/cms\/wp-content\/gallery\/a-n-t-s-training\/dsc00116.jpg\" title=\" \" class=\"shutterset_set_322\" >\n\t\t\t\t\t\t\t\t<img loading=\"lazy\" decoding=\"async\" title=\"SONY DSC\" alt=\"SONY DSC\" src=\"https:\/\/feuerwehr-vglambrecht.de\/cms\/wp-content\/gallery\/a-n-t-s-training\/thumbs\/thumbs_dsc00116.jpg\" width=\"100\" height=\"75\" \/>\n\t\t\t\t\t\t\t<\/a>\n\t\t<\/div>\n\t<\/div>\n\t\n\t\t\n \t\t\n\t<div id=\"ngg-image-1877\" class=\"ngg-gallery-thumbnail-box\"  >\n\t\t<div class=\"ngg-gallery-thumbnail\" >\n\t\t\t<a href=\"https:\/\/feuerwehr-vglambrecht.de\/cms\/wp-content\/gallery\/a-n-t-s-training\/dsc00125.jpg\" title=\" \" class=\"shutterset_set_322\" >\n\t\t\t\t\t\t\t\t<img loading=\"lazy\" decoding=\"async\" title=\"SONY DSC\" alt=\"SONY DSC\" src=\"https:\/\/feuerwehr-vglambrecht.de\/cms\/wp-content\/gallery\/a-n-t-s-training\/thumbs\/thumbs_dsc00125.jpg\" width=\"100\" height=\"75\" \/>\n\t\t\t\t\t\t\t<\/a>\n\t\t<\/div>\n\t<\/div>\n\t\n\t\t\n \t\t\n\t<div id=\"ngg-image-1878\" class=\"ngg-gallery-thumbnail-box\"  >\n\t\t<div class=\"ngg-gallery-thumbnail\" >\n\t\t\t<a href=\"https:\/\/feuerwehr-vglambrecht.de\/cms\/wp-content\/gallery\/a-n-t-s-training\/dsc00126.jpg\" title=\" \" class=\"shutterset_set_322\" >\n\t\t\t\t\t\t\t\t<img loading=\"lazy\" decoding=\"async\" title=\"SONY DSC\" alt=\"SONY DSC\" src=\"https:\/\/feuerwehr-vglambrecht.de\/cms\/wp-content\/gallery\/a-n-t-s-training\/thumbs\/thumbs_dsc00126.jpg\" width=\"100\" height=\"75\" \/>\n\t\t\t\t\t\t\t<\/a>\n\t\t<\/div>\n\t<\/div>\n\t\n\t\t\n \t\t\n\t<div id=\"ngg-image-1879\" class=\"ngg-gallery-thumbnail-box\"  >\n\t\t<div class=\"ngg-gallery-thumbnail\" >\n\t\t\t<a href=\"https:\/\/feuerwehr-vglambrecht.de\/cms\/wp-content\/gallery\/a-n-t-s-training\/dsc00128.jpg\" title=\" \" class=\"shutterset_set_322\" >\n\t\t\t\t\t\t\t\t<img loading=\"lazy\" decoding=\"async\" title=\"SONY DSC\" alt=\"SONY DSC\" src=\"https:\/\/feuerwehr-vglambrecht.de\/cms\/wp-content\/gallery\/a-n-t-s-training\/thumbs\/thumbs_dsc00128.jpg\" width=\"100\" height=\"75\" \/>\n\t\t\t\t\t\t\t<\/a>\n\t\t<\/div>\n\t<\/div>\n\t\n\t\t\n \t\t\n\t<div id=\"ngg-image-1880\" class=\"ngg-gallery-thumbnail-box\"  >\n\t\t<div class=\"ngg-gallery-thumbnail\" >\n\t\t\t<a href=\"https:\/\/feuerwehr-vglambrecht.de\/cms\/wp-content\/gallery\/a-n-t-s-training\/dsc00131.jpg\" title=\" \" class=\"shutterset_set_322\" >\n\t\t\t\t\t\t\t\t<img loading=\"lazy\" decoding=\"async\" title=\"SONY DSC\" alt=\"SONY DSC\" src=\"https:\/\/feuerwehr-vglambrecht.de\/cms\/wp-content\/gallery\/a-n-t-s-training\/thumbs\/thumbs_dsc00131.jpg\" width=\"100\" height=\"75\" \/>\n\t\t\t\t\t\t\t<\/a>\n\t\t<\/div>\n\t<\/div>\n\t\n\t\t\n \t \t\n\t<!-- Pagination -->\n \t<div class='ngg-clear'><\/div>\n \t\n<\/div>\n\n<\/p>\n","protected":false},"excerpt":{"rendered":"<p>Die Feuerwehr Esthal stellt als Sondereinheit die A.N.T.S. f\u00fcr die Feuerwehren der Verbandsgemeinde Lambrecht und organisiert den Sammelplatz Atemschutz bei gr\u00f6\u00dferen Brandeins\u00e4tzen.<\/p>\n","protected":false},"author":5,"featured_media":9559,"comment_status":"closed","ping_status":"closed","sticky":false,"template":"","format":"standard","meta":{"footnotes":""},"categories":[1,6,3],"tags":[448,388,138,383,373,168],"class_list":["post-9555","post","type-post","status-publish","format-standard","has-post-thumbnail","hentry","category-allgemein","category-fw_esthal","category-news","tag-a-n-t-s-staffel","tag-ehrenamt","tag-esthal","tag-feuerwehrvglambrecht","tag-immerda","tag-uebung"],"better_featured_image":{"id":9559,"alt_text":"","caption":"SONY DSC","description":"","media_type":"image","media_details":{"width":2560,"height":1711,"file":"2021\/06\/DSC00108-scaled.jpg","filesize":806398,"sizes":{"medium_large":{"file":"DSC00108-768x513.jpg","width":768,"height":513,"mime-type":"image\/jpeg","filesize":139938,"source_url":"https:\/\/feuerwehr-vglambrecht.de\/cms\/wp-content\/uploads\/2021\/06\/DSC00108-768x513.jpg"},"1536x1536":{"file":"DSC00108-1536x1027.jpg","width":1536,"height":1027,"mime-type":"image\/jpeg","filesize":362778,"source_url":"https:\/\/feuerwehr-vglambrecht.de\/cms\/wp-content\/uploads\/2021\/06\/DSC00108-1536x1027.jpg"},"2048x2048":{"file":"DSC00108-2048x1369.jpg","width":2048,"height":1369,"mime-type":"image\/jpeg","filesize":569293,"source_url":"https:\/\/feuerwehr-vglambrecht.de\/cms\/wp-content\/uploads\/2021\/06\/DSC00108-2048x1369.jpg"},"wptouch-new-thumbnail":{"file":"DSC00108-144x144.jpg","width":144,"height":144,"mime-type":"image\/jpeg","filesize":59889,"source_url":"https:\/\/feuerwehr-vglambrecht.de\/cms\/wp-content\/uploads\/2021\/06\/DSC00108-144x144.jpg"},"landing_image":{"file":"DSC00108-1024x460.jpg","width":1024,"height":460,"mime-type":"image\/jpeg","filesize":156446,"source_url":"https:\/\/feuerwehr-vglambrecht.de\/cms\/wp-content\/uploads\/2021\/06\/DSC00108-1024x460.jpg"},"foundation-featured-image":{"file":"DSC00108-900x602.jpg","width":900,"height":602,"mime-type":"image\/jpeg","filesize":169723,"source_url":"https:\/\/feuerwehr-vglambrecht.de\/cms\/wp-content\/uploads\/2021\/06\/DSC00108-900x602.jpg"},"thumbnail":{"file":"DSC00108-150x150.jpg","width":150,"height":150,"source_url":"https:\/\/feuerwehr-vglambrecht.de\/cms\/wp-content\/uploads\/2021\/06\/DSC00108-150x150.jpg"},"medium":{"file":"DSC00108-300x201.jpg","width":300,"height":201,"source_url":"https:\/\/feuerwehr-vglambrecht.de\/cms\/wp-content\/uploads\/2021\/06\/DSC00108-300x201.jpg"},"large":{"file":"DSC00108-1024x685.jpg","width":1024,"height":685,"source_url":"https:\/\/feuerwehr-vglambrecht.de\/cms\/wp-content\/uploads\/2021\/06\/DSC00108-1024x685.jpg"}},"image_meta":{"aperture":"10","credit":"","camera":"DSLR-A200","caption":"SONY DSC","created_timestamp":"1623491412","copyright":"","focal_length":"18","iso":"100","shutter_speed":"0.005","title":"SONY DSC","orientation":"1","keywords":[]},"original_image":"DSC00108.jpg","image-converter":{"thumbnail":"IME","medium":"IME","large":"IME"}},"post":9555,"source_url":"https:\/\/feuerwehr-vglambrecht.de\/cms\/wp-content\/uploads\/2021\/06\/DSC00108-scaled.jpg"},"_links":{"self":[{"href":"https:\/\/feuerwehr-vglambrecht.de\/cms\/wp-json\/wp\/v2\/posts\/9555","targetHints":{"allow":["GET"]}}],"collection":[{"href":"https:\/\/feuerwehr-vglambrecht.de\/cms\/wp-json\/wp\/v2\/posts"}],"about":[{"href":"https:\/\/feuerwehr-vglambrecht.de\/cms\/wp-json\/wp\/v2\/types\/post"}],"author":[{"embeddable":true,"href":"https:\/\/feuerwehr-vglambrecht.de\/cms\/wp-json\/wp\/v2\/users\/5"}],"replies":[{"embeddable":true,"href":"https:\/\/feuerwehr-vglambrecht.de\/cms\/wp-json\/wp\/v2\/comments?post=9555"}],"version-history":[{"count":3,"href":"https:\/\/feuerwehr-vglambrecht.de\/cms\/wp-json\/wp\/v2\/posts\/9555\/revisions"}],"predecessor-version":[{"id":9558,"href":"https:\/\/feuerwehr-vglambrecht.de\/cms\/wp-json\/wp\/v2\/posts\/9555\/revisions\/9558"}],"wp:featuredmedia":[{"embeddable":true,"href":"https:\/\/feuerwehr-vglambrecht.de\/cms\/wp-json\/wp\/v2\/media\/9559"}],"wp:attachment":[{"href":"https:\/\/feuerwehr-vglambrecht.de\/cms\/wp-json\/wp\/v2\/media?parent=9555"}],"wp:term":[{"taxonomy":"category","embeddable":true,"href":"https:\/\/feuerwehr-vglambrecht.de\/cms\/wp-json\/wp\/v2\/categories?post=9555"},{"taxonomy":"post_tag","embeddable":true,"href":"https:\/\/feuerwehr-vglambrecht.de\/cms\/wp-json\/wp\/v2\/tags?post=9555"}],"curies":[{"name":"wp","href":"https:\/\/api.w.org\/{rel}","templated":true}]}}