{"id":9449,"date":"2021-04-25T10:50:49","date_gmt":"2021-04-25T08:50:49","guid":{"rendered":"https:\/\/feuerwehr-vglambrecht.de\/cms\/?p=9449"},"modified":"2021-05-08T21:16:18","modified_gmt":"2021-05-08T19:16:18","slug":"belastungsuebung-fuer-die-atemschutzgeraetetraegerinnen","status":"publish","type":"post","link":"https:\/\/feuerwehr-vglambrecht.de\/cms\/2021\/04\/25\/belastungsuebung-fuer-die-atemschutzgeraetetraegerinnen\/","title":{"rendered":"Belastungs\u00fcbung f\u00fcr die Atemschutzger\u00e4tetr\u00e4gerInnen"},"content":{"rendered":"<p>Einmal im Jahr, muss ein Atemschutzger\u00e4tetr\u00e4gerIn eine einsatznahe Belastungs\u00fcbung erfolgreich abschlie\u00dfen, um im Einsatzfall unter schwerem Atemschutz arbeiten zu d\u00fcrfen. Im Regelfall, f\u00fchren unsere FeuerwehrkameradInnen diese Belastungs\u00fcbung auf der Atemschutzstrecke der Freiwilligen Feuerwehr Landau durch.<!--more--><\/p>\n<p>Aufgrund der weiterhin anhaltenden Corona-Pandemie, ist es nicht m\u00f6glich fl\u00e4chendeckend die Atemschutzstrecke in Landau zu besuchen. Diese Situation nahm das Land als Anlass, eine Ausnahmeregelung zur Durchf\u00fchrung der einsatznahen Belastungs\u00fcbung zu erlassen.<\/p>\n<p>Somit haben unsere Atemschutzger\u00e4tewarte in den vergangenen Wochen eine alternative Belastungsstrecke nach den aktuellen Vorgaben des Landes ausgearbeitet und an mehreren Terminen erfolgreich durchgef\u00fchrt. In Summe nahmen 65 Atemschutzgert\u00e4gerInnen erfolgreich an den Belastungs\u00fcbungen teil.<\/p>\n<p>Und so war die Alternative Belastungs\u00fcbungsstrecke aufgebaut:<\/p>\n<ul>\n<li>Gehstrecke mit 2 Schaummittelkanister mit je 20 Liter Inhalt<\/li>\n<li>Gehstrecke ohne Schaummittelkanister, z\u00fcgiges laufen<\/li>\n<li>Gehstrecke \u00fcber einen Treppenweg<\/li>\n<li>Durchgang einer Werkstattgrube mit eingebauten Hindernissen, sowie Sound- und Lichteffekte<\/li>\n<li>Zweimaliger Aufstieg in den Schlauchturm<\/li>\n<\/ul>\n<p>&nbsp;<\/p>\n<p>Bei der Feuerwehr der Verbandsgemeinde Lambrecht wurden im Jahr 2020 neue Atemschutzger\u00e4te vom Typ M1 der Firma MSA Auer beschafft. Die Gunst der Stunde nutzten die Atemschutzger\u00e4tewarte um die teilnehmende Atemschutzger\u00e4tetr\u00e4gerInnen in die neuen Ger\u00e4te einzuweisen.<\/p>\n<p>Von den TeilnehmerInnen kam durchaus ein sehr positives Feedback \u00fcber die hier geleistete Arbeit der Atemschutzger\u00e4tewarte. Im Namen aller, hier noch ein herzliches Dankesch\u00f6n f\u00fcr die gute Organisation.<\/p>\n\n<div class=\"ngg-galleryoverview\" id=\"ngg-gallery-319-9449\">\n\n\t<!-- Slideshow link -->\n\t<div class=\"slideshowlink\">\n\t\t<a class=\"slideshowlink\" href=\"https:\/\/feuerwehr-vglambrecht.de\/cms\/2021\/04\/25\/belastungsuebung-fuer-die-atemschutzgeraetetraegerinnen\/nggallery\/slideshow\">\n\t\t\t[Show as slideshow]\t\t<\/a>\n\t<\/div>\n\n\t\n\t<!-- Thumbnails -->\n\t\t\n\t<div id=\"ngg-image-1853\" class=\"ngg-gallery-thumbnail-box\"  >\n\t\t<div class=\"ngg-gallery-thumbnail\" >\n\t\t\t<a href=\"https:\/\/feuerwehr-vglambrecht.de\/cms\/wp-content\/gallery\/agt-strecke\/img-20210327-wa0021.jpg\" title=\" \" class=\"shutterset_set_319\" >\n\t\t\t\t\t\t\t\t<img loading=\"lazy\" decoding=\"async\" title=\"img-20210327-wa0021\" alt=\"img-20210327-wa0021\" src=\"https:\/\/feuerwehr-vglambrecht.de\/cms\/wp-content\/gallery\/agt-strecke\/thumbs\/thumbs_img-20210327-wa0021.jpg\" width=\"100\" height=\"75\" \/>\n\t\t\t\t\t\t\t<\/a>\n\t\t<\/div>\n\t<\/div>\n\t\n\t\t\n \t\t\n\t<div id=\"ngg-image-1854\" class=\"ngg-gallery-thumbnail-box\"  >\n\t\t<div class=\"ngg-gallery-thumbnail\" >\n\t\t\t<a href=\"https:\/\/feuerwehr-vglambrecht.de\/cms\/wp-content\/gallery\/agt-strecke\/img-20210327-wa0026.jpg\" title=\" \" class=\"shutterset_set_319\" >\n\t\t\t\t\t\t\t\t<img loading=\"lazy\" decoding=\"async\" title=\"img-20210327-wa0026\" alt=\"img-20210327-wa0026\" src=\"https:\/\/feuerwehr-vglambrecht.de\/cms\/wp-content\/gallery\/agt-strecke\/thumbs\/thumbs_img-20210327-wa0026.jpg\" width=\"100\" height=\"75\" \/>\n\t\t\t\t\t\t\t<\/a>\n\t\t<\/div>\n\t<\/div>\n\t\n\t\t\n \t\t\n\t<div id=\"ngg-image-1855\" class=\"ngg-gallery-thumbnail-box\"  >\n\t\t<div class=\"ngg-gallery-thumbnail\" >\n\t\t\t<a href=\"https:\/\/feuerwehr-vglambrecht.de\/cms\/wp-content\/gallery\/agt-strecke\/img-20210327-wa0027.jpg\" title=\" \" class=\"shutterset_set_319\" >\n\t\t\t\t\t\t\t\t<img loading=\"lazy\" decoding=\"async\" title=\"img-20210327-wa0027\" alt=\"img-20210327-wa0027\" src=\"https:\/\/feuerwehr-vglambrecht.de\/cms\/wp-content\/gallery\/agt-strecke\/thumbs\/thumbs_img-20210327-wa0027.jpg\" width=\"100\" height=\"75\" \/>\n\t\t\t\t\t\t\t<\/a>\n\t\t<\/div>\n\t<\/div>\n\t\n\t\t\n \t\t\n\t<div id=\"ngg-image-1856\" class=\"ngg-gallery-thumbnail-box\"  >\n\t\t<div class=\"ngg-gallery-thumbnail\" >\n\t\t\t<a href=\"https:\/\/feuerwehr-vglambrecht.de\/cms\/wp-content\/gallery\/agt-strecke\/img-20210327-wa0028.jpg\" title=\" \" class=\"shutterset_set_319\" >\n\t\t\t\t\t\t\t\t<img loading=\"lazy\" decoding=\"async\" title=\"img-20210327-wa0028\" alt=\"img-20210327-wa0028\" src=\"https:\/\/feuerwehr-vglambrecht.de\/cms\/wp-content\/gallery\/agt-strecke\/thumbs\/thumbs_img-20210327-wa0028.jpg\" width=\"100\" height=\"75\" \/>\n\t\t\t\t\t\t\t<\/a>\n\t\t<\/div>\n\t<\/div>\n\t\n\t\t\n \t\t\n\t<div id=\"ngg-image-1857\" class=\"ngg-gallery-thumbnail-box\"  >\n\t\t<div class=\"ngg-gallery-thumbnail\" >\n\t\t\t<a href=\"https:\/\/feuerwehr-vglambrecht.de\/cms\/wp-content\/gallery\/agt-strecke\/img_20210318_190500.jpg\" title=\" \" class=\"shutterset_set_319\" >\n\t\t\t\t\t\t\t\t<img loading=\"lazy\" decoding=\"async\" title=\"img_20210318_190500\" alt=\"img_20210318_190500\" src=\"https:\/\/feuerwehr-vglambrecht.de\/cms\/wp-content\/gallery\/agt-strecke\/thumbs\/thumbs_img_20210318_190500.jpg\" width=\"100\" height=\"75\" \/>\n\t\t\t\t\t\t\t<\/a>\n\t\t<\/div>\n\t<\/div>\n\t\n\t\t\n \t\t\n\t<div id=\"ngg-image-1858\" class=\"ngg-gallery-thumbnail-box\"  >\n\t\t<div class=\"ngg-gallery-thumbnail\" >\n\t\t\t<a href=\"https:\/\/feuerwehr-vglambrecht.de\/cms\/wp-content\/gallery\/agt-strecke\/img_20210318_210125.jpg\" title=\" \" class=\"shutterset_set_319\" >\n\t\t\t\t\t\t\t\t<img loading=\"lazy\" decoding=\"async\" title=\"img_20210318_210125\" alt=\"img_20210318_210125\" src=\"https:\/\/feuerwehr-vglambrecht.de\/cms\/wp-content\/gallery\/agt-strecke\/thumbs\/thumbs_img_20210318_210125.jpg\" width=\"100\" height=\"75\" \/>\n\t\t\t\t\t\t\t<\/a>\n\t\t<\/div>\n\t<\/div>\n\t\n\t\t\n \t\t\n\t<div id=\"ngg-image-1859\" class=\"ngg-gallery-thumbnail-box\"  >\n\t\t<div class=\"ngg-gallery-thumbnail\" >\n\t\t\t<a href=\"https:\/\/feuerwehr-vglambrecht.de\/cms\/wp-content\/gallery\/agt-strecke\/img_20210327_073945.jpg\" title=\" \" class=\"shutterset_set_319\" >\n\t\t\t\t\t\t\t\t<img loading=\"lazy\" decoding=\"async\" title=\"img_20210327_073945\" alt=\"img_20210327_073945\" src=\"https:\/\/feuerwehr-vglambrecht.de\/cms\/wp-content\/gallery\/agt-strecke\/thumbs\/thumbs_img_20210327_073945.jpg\" width=\"100\" height=\"75\" \/>\n\t\t\t\t\t\t\t<\/a>\n\t\t<\/div>\n\t<\/div>\n\t\n\t\t\n \t\t\n\t<div id=\"ngg-image-1860\" class=\"ngg-gallery-thumbnail-box\"  >\n\t\t<div class=\"ngg-gallery-thumbnail\" >\n\t\t\t<a href=\"https:\/\/feuerwehr-vglambrecht.de\/cms\/wp-content\/gallery\/agt-strecke\/img_20210327_103019_1.jpg\" title=\" \" class=\"shutterset_set_319\" >\n\t\t\t\t\t\t\t\t<img loading=\"lazy\" decoding=\"async\" title=\"img_20210327_103019_1\" alt=\"img_20210327_103019_1\" src=\"https:\/\/feuerwehr-vglambrecht.de\/cms\/wp-content\/gallery\/agt-strecke\/thumbs\/thumbs_img_20210327_103019_1.jpg\" width=\"100\" height=\"75\" \/>\n\t\t\t\t\t\t\t<\/a>\n\t\t<\/div>\n\t<\/div>\n\t\n\t\t\n \t\t\n\t<div id=\"ngg-image-1861\" class=\"ngg-gallery-thumbnail-box\"  >\n\t\t<div class=\"ngg-gallery-thumbnail\" >\n\t\t\t<a href=\"https:\/\/feuerwehr-vglambrecht.de\/cms\/wp-content\/gallery\/agt-strecke\/img_20210327_103534_1.jpg\" title=\" \" class=\"shutterset_set_319\" >\n\t\t\t\t\t\t\t\t<img loading=\"lazy\" decoding=\"async\" title=\"img_20210327_103534_1\" alt=\"img_20210327_103534_1\" src=\"https:\/\/feuerwehr-vglambrecht.de\/cms\/wp-content\/gallery\/agt-strecke\/thumbs\/thumbs_img_20210327_103534_1.jpg\" width=\"100\" height=\"75\" \/>\n\t\t\t\t\t\t\t<\/a>\n\t\t<\/div>\n\t<\/div>\n\t\n\t\t\n \t\t\n\t<div id=\"ngg-image-1862\" class=\"ngg-gallery-thumbnail-box\"  >\n\t\t<div class=\"ngg-gallery-thumbnail\" >\n\t\t\t<a href=\"https:\/\/feuerwehr-vglambrecht.de\/cms\/wp-content\/gallery\/agt-strecke\/img_20210408_193405.jpg\" title=\" \" class=\"shutterset_set_319\" >\n\t\t\t\t\t\t\t\t<img loading=\"lazy\" decoding=\"async\" title=\"img_20210408_193405\" alt=\"img_20210408_193405\" src=\"https:\/\/feuerwehr-vglambrecht.de\/cms\/wp-content\/gallery\/agt-strecke\/thumbs\/thumbs_img_20210408_193405.jpg\" width=\"100\" height=\"75\" \/>\n\t\t\t\t\t\t\t<\/a>\n\t\t<\/div>\n\t<\/div>\n\t\n\t\t\n \t\t\n\t<div id=\"ngg-image-1863\" class=\"ngg-gallery-thumbnail-box\"  >\n\t\t<div class=\"ngg-gallery-thumbnail\" >\n\t\t\t<a href=\"https:\/\/feuerwehr-vglambrecht.de\/cms\/wp-content\/gallery\/agt-strecke\/img_20210410_074314.jpg\" title=\" \" class=\"shutterset_set_319\" >\n\t\t\t\t\t\t\t\t<img loading=\"lazy\" decoding=\"async\" title=\"img_20210410_074314\" alt=\"img_20210410_074314\" src=\"https:\/\/feuerwehr-vglambrecht.de\/cms\/wp-content\/gallery\/agt-strecke\/thumbs\/thumbs_img_20210410_074314.jpg\" width=\"100\" height=\"75\" \/>\n\t\t\t\t\t\t\t<\/a>\n\t\t<\/div>\n\t<\/div>\n\t\n\t\t\n \t\t\n\t<div id=\"ngg-image-1864\" class=\"ngg-gallery-thumbnail-box\"  >\n\t\t<div class=\"ngg-gallery-thumbnail\" >\n\t\t\t<a href=\"https:\/\/feuerwehr-vglambrecht.de\/cms\/wp-content\/gallery\/agt-strecke\/img_20210410_092352.jpg\" title=\" \" class=\"shutterset_set_319\" >\n\t\t\t\t\t\t\t\t<img loading=\"lazy\" decoding=\"async\" title=\"img_20210410_092352\" alt=\"img_20210410_092352\" src=\"https:\/\/feuerwehr-vglambrecht.de\/cms\/wp-content\/gallery\/agt-strecke\/thumbs\/thumbs_img_20210410_092352.jpg\" width=\"100\" height=\"75\" \/>\n\t\t\t\t\t\t\t<\/a>\n\t\t<\/div>\n\t<\/div>\n\t\n\t\t\n \t\t\n\t<div id=\"ngg-image-1865\" class=\"ngg-gallery-thumbnail-box\"  >\n\t\t<div class=\"ngg-gallery-thumbnail\" >\n\t\t\t<a href=\"https:\/\/feuerwehr-vglambrecht.de\/cms\/wp-content\/gallery\/agt-strecke\/img_20210410_125600.jpg\" title=\" \" class=\"shutterset_set_319\" >\n\t\t\t\t\t\t\t\t<img loading=\"lazy\" decoding=\"async\" title=\"img_20210410_125600\" alt=\"img_20210410_125600\" src=\"https:\/\/feuerwehr-vglambrecht.de\/cms\/wp-content\/gallery\/agt-strecke\/thumbs\/thumbs_img_20210410_125600.jpg\" width=\"100\" height=\"75\" \/>\n\t\t\t\t\t\t\t<\/a>\n\t\t<\/div>\n\t<\/div>\n\t\n\t\t\n \t \t\n\t<!-- Pagination -->\n \t<div class='ngg-clear'><\/div>\n \t\n<\/div>\n\n\n<p>&nbsp;<\/p>\n","protected":false},"excerpt":{"rendered":"<p>Einmal im Jahr, muss ein Atemschutzger\u00e4tetr\u00e4gerIn eine einsatznahe Belastungs\u00fcbung erfolgreich abschlie\u00dfen, um im Einsatzfall unter schwerem Atemschutz arbeiten zu d\u00fcrfen. Im Regelfall, f\u00fchren unsere FeuerwehrkameradInnen diese Belastungs\u00fcbung auf der Atemschutzstrecke der Freiwilligen Feuerwehr Landau durch.<\/p>\n","protected":false},"author":17,"featured_media":9455,"comment_status":"closed","ping_status":"closed","sticky":false,"template":"","format":"standard","meta":{"footnotes":""},"categories":[1,4,69,6,70,75,71,74,73,72],"tags":[440,441,383,398],"class_list":["post-9449","post","type-post","status-publish","format-standard","has-post-thumbnail","hentry","category-allgemein","category-einheiten","category-fw_elmstein","category-fw_esthal","category-fw_frankeneck","category-fw_iggelbach","category-fw_lambrecht","category-fw_lindenberg","category-fw_neidenfels","category-fw_weidenthal","tag-365-25-4","tag-atemschutzgeraetertraeger","tag-feuerwehrvglambrecht","tag-wirfuereuch"],"better_featured_image":{"id":9455,"alt_text":"","caption":"","description":"","media_type":"image","media_details":{"width":2560,"height":1920,"file":"2021\/04\/IMG_20210410_125600-scaled.jpg","filesize":990417,"sizes":{"medium_large":{"file":"IMG_20210410_125600-768x576.jpg","width":768,"height":576,"mime-type":"image\/jpeg","filesize":147239,"source_url":"https:\/\/feuerwehr-vglambrecht.de\/cms\/wp-content\/uploads\/2021\/04\/IMG_20210410_125600-768x576.jpg"},"1536x1536":{"file":"IMG_20210410_125600-1536x1152.jpg","width":1536,"height":1152,"mime-type":"image\/jpeg","filesize":424827,"source_url":"https:\/\/feuerwehr-vglambrecht.de\/cms\/wp-content\/uploads\/2021\/04\/IMG_20210410_125600-1536x1152.jpg"},"2048x2048":{"file":"IMG_20210410_125600-2048x1536.jpg","width":2048,"height":1536,"mime-type":"image\/jpeg","filesize":686900,"source_url":"https:\/\/feuerwehr-vglambrecht.de\/cms\/wp-content\/uploads\/2021\/04\/IMG_20210410_125600-2048x1536.jpg"},"wptouch-new-thumbnail":{"file":"IMG_20210410_125600-144x144.jpg","width":144,"height":144,"mime-type":"image\/jpeg","filesize":56104,"source_url":"https:\/\/feuerwehr-vglambrecht.de\/cms\/wp-content\/uploads\/2021\/04\/IMG_20210410_125600-144x144.jpg"},"landing_image":{"file":"IMG_20210410_125600-1024x460.jpg","width":1024,"height":460,"mime-type":"image\/jpeg","filesize":157323,"source_url":"https:\/\/feuerwehr-vglambrecht.de\/cms\/wp-content\/uploads\/2021\/04\/IMG_20210410_125600-1024x460.jpg"},"foundation-featured-image":{"file":"IMG_20210410_125600-900x675.jpg","width":900,"height":675,"mime-type":"image\/jpeg","filesize":185269,"source_url":"https:\/\/feuerwehr-vglambrecht.de\/cms\/wp-content\/uploads\/2021\/04\/IMG_20210410_125600-900x675.jpg"},"thumbnail":{"file":"IMG_20210410_125600-150x150.jpg","width":150,"height":150,"source_url":"https:\/\/feuerwehr-vglambrecht.de\/cms\/wp-content\/uploads\/2021\/04\/IMG_20210410_125600-150x150.jpg"},"medium":{"file":"IMG_20210410_125600-300x225.jpg","width":300,"height":225,"source_url":"https:\/\/feuerwehr-vglambrecht.de\/cms\/wp-content\/uploads\/2021\/04\/IMG_20210410_125600-300x225.jpg"},"large":{"file":"IMG_20210410_125600-1024x768.jpg","width":1024,"height":768,"source_url":"https:\/\/feuerwehr-vglambrecht.de\/cms\/wp-content\/uploads\/2021\/04\/IMG_20210410_125600-1024x768.jpg"}},"image_meta":{"aperture":"1.8","credit":"","camera":"CLT-L29","caption":"","created_timestamp":"1618059361","copyright":"","focal_length":"5.58","iso":"50","shutter_speed":"0.002859","title":"","orientation":"0","keywords":[]},"original_image":"IMG_20210410_125600.jpg","image-converter":{"thumbnail":"IME","medium":"IME","large":"IME"}},"post":9449,"source_url":"https:\/\/feuerwehr-vglambrecht.de\/cms\/wp-content\/uploads\/2021\/04\/IMG_20210410_125600-scaled.jpg"},"_links":{"self":[{"href":"https:\/\/feuerwehr-vglambrecht.de\/cms\/wp-json\/wp\/v2\/posts\/9449","targetHints":{"allow":["GET"]}}],"collection":[{"href":"https:\/\/feuerwehr-vglambrecht.de\/cms\/wp-json\/wp\/v2\/posts"}],"about":[{"href":"https:\/\/feuerwehr-vglambrecht.de\/cms\/wp-json\/wp\/v2\/types\/post"}],"author":[{"embeddable":true,"href":"https:\/\/feuerwehr-vglambrecht.de\/cms\/wp-json\/wp\/v2\/users\/17"}],"replies":[{"embeddable":true,"href":"https:\/\/feuerwehr-vglambrecht.de\/cms\/wp-json\/wp\/v2\/comments?post=9449"}],"version-history":[{"count":3,"href":"https:\/\/feuerwehr-vglambrecht.de\/cms\/wp-json\/wp\/v2\/posts\/9449\/revisions"}],"predecessor-version":[{"id":9454,"href":"https:\/\/feuerwehr-vglambrecht.de\/cms\/wp-json\/wp\/v2\/posts\/9449\/revisions\/9454"}],"wp:featuredmedia":[{"embeddable":true,"href":"https:\/\/feuerwehr-vglambrecht.de\/cms\/wp-json\/wp\/v2\/media\/9455"}],"wp:attachment":[{"href":"https:\/\/feuerwehr-vglambrecht.de\/cms\/wp-json\/wp\/v2\/media?parent=9449"}],"wp:term":[{"taxonomy":"category","embeddable":true,"href":"https:\/\/feuerwehr-vglambrecht.de\/cms\/wp-json\/wp\/v2\/categories?post=9449"},{"taxonomy":"post_tag","embeddable":true,"href":"https:\/\/feuerwehr-vglambrecht.de\/cms\/wp-json\/wp\/v2\/tags?post=9449"}],"curies":[{"name":"wp","href":"https:\/\/api.w.org\/{rel}","templated":true}]}}