{"id":9163,"date":"2020-10-28T16:44:04","date_gmt":"2020-10-28T15:44:04","guid":{"rendered":"https:\/\/feuerwehr-vglambrecht.de\/cms\/?p=9163"},"modified":"2020-10-28T16:44:04","modified_gmt":"2020-10-28T15:44:04","slug":"atemschutznotfallstaffel-trainiert-unter-realitaetsnahen-einsatzbedingungen","status":"publish","type":"post","link":"https:\/\/feuerwehr-vglambrecht.de\/cms\/2020\/10\/28\/atemschutznotfallstaffel-trainiert-unter-realitaetsnahen-einsatzbedingungen\/","title":{"rendered":"Atemschutznotfallstaffel trainiert unter realit\u00e4tsnahen Einsatzbedingungen"},"content":{"rendered":"<p>Die Feuerwehr Esthal stellt als Sondereinheit die <strong>A.N.T.S.<\/strong> \u00a0(<strong>Atemschutznotfalltrainierte Staffel<\/strong>)\u00a0 f\u00fcr die Feuerwehren der Verbandsgemeinde Lambrecht und organisiert den Sammelplatz Atemschutz bei gr\u00f6\u00dferen Brandeins\u00e4tzen.<!--more--><\/p>\n<p>&nbsp;<\/p>\n<p>Eine besondere \u00dcbung erwartete neun Einsatzkr\u00e4fte der Feuerwehr Esthal am 24. Oktober 2020 in der \u00a0Hei\u00df\u00fcbungsanlage des Training- und Kompetenzzentrum RLP in Miehlen. Diese aus Containern bestehende Brand\u00fcbungsanlage in der mittels Holzfeuer W\u00e4rme und Brandrauch erzeugt werden kann, k\u00f6nnen realit\u00e4tsnahe Einsatzbedingungen nachgestellt und ge\u00fcbt werden. \u00a0Nach einer kurzen Begr\u00fc\u00dfung durch die drei Trainer (alle einer Berufsfeuerwehr angeh\u00f6rend)\u00a0 \u00a0\u00a0und einem theoretischen Teil folgte die Einkleidung und Einweisung in die einfache und sichere Handhabung der Atemschutzger\u00e4te sowie der Brand\u00fcbungsanlage. Im praktischen Teil spielten die Trainer des TKZ verschiedene Szenarien ein, in denen ein Atemschutznotfall durch die A.N.T.S. abzuarbeiten war. Dazu wurde ein Angriffstrupp in der \u00dcbungsanlage platziert der einen MAYDAY \u2013 Notfallfunkspruch absetzte. Die A.N.T.S. gegliedert in Einheitsf\u00fchrer, Sicherheitstrupp (vier Atemschutzger\u00e4tetr\u00e4ger) leiteten umgehend Rettungsma\u00dfnahmen ein. So konnten in mehreren immer schwieriger werdenden \u00dcbungen, bei denen den Teilnehmern einiges abverlangt wurde, die unterschiedlichsten Erfahrungswerte gesammelt werden.<\/p>\n<p>&nbsp;<\/p>\n<p>Das vorhandene Konzept der Atemschutznotfalltrainierten Staffel der VG Lambrecht Feuerwehr konnte an diesem Tag unter realen Bedingungen ge\u00fcbt, verbessert und mit den Tipps der sehr guten Trainern verfeinert werden.<\/p>\n\n<div class=\"ngg-galleryoverview\" id=\"ngg-gallery-310-9163\">\n\n\t<!-- Slideshow link -->\n\t<div class=\"slideshowlink\">\n\t\t<a class=\"slideshowlink\" href=\"https:\/\/feuerwehr-vglambrecht.de\/cms\/2020\/10\/28\/atemschutznotfallstaffel-trainiert-unter-realitaetsnahen-einsatzbedingungen\/nggallery\/slideshow\">\n\t\t\t[Show as slideshow]\t\t<\/a>\n\t<\/div>\n\n\t\n\t<!-- Thumbnails -->\n\t\t\n\t<div id=\"ngg-image-1822\" class=\"ngg-gallery-thumbnail-box\"  >\n\t\t<div class=\"ngg-gallery-thumbnail\" >\n\t\t\t<a href=\"https:\/\/feuerwehr-vglambrecht.de\/cms\/wp-content\/gallery\/ants-uebung-tkz-miehlen\/dsc00052.jpg\" title=\" \" class=\"shutterset_set_310\" >\n\t\t\t\t\t\t\t\t<img loading=\"lazy\" decoding=\"async\" title=\"SONY DSC\" alt=\"SONY DSC\" src=\"https:\/\/feuerwehr-vglambrecht.de\/cms\/wp-content\/gallery\/ants-uebung-tkz-miehlen\/thumbs\/thumbs_dsc00052.jpg\" width=\"100\" height=\"75\" \/>\n\t\t\t\t\t\t\t<\/a>\n\t\t<\/div>\n\t<\/div>\n\t\n\t\t\n \t\t\n\t<div id=\"ngg-image-1823\" class=\"ngg-gallery-thumbnail-box\"  >\n\t\t<div class=\"ngg-gallery-thumbnail\" >\n\t\t\t<a href=\"https:\/\/feuerwehr-vglambrecht.de\/cms\/wp-content\/gallery\/ants-uebung-tkz-miehlen\/dsc00053.jpg\" title=\" \" class=\"shutterset_set_310\" >\n\t\t\t\t\t\t\t\t<img loading=\"lazy\" decoding=\"async\" title=\"SONY DSC\" alt=\"SONY DSC\" src=\"https:\/\/feuerwehr-vglambrecht.de\/cms\/wp-content\/gallery\/ants-uebung-tkz-miehlen\/thumbs\/thumbs_dsc00053.jpg\" width=\"100\" height=\"75\" \/>\n\t\t\t\t\t\t\t<\/a>\n\t\t<\/div>\n\t<\/div>\n\t\n\t\t\n \t\t\n\t<div id=\"ngg-image-1824\" class=\"ngg-gallery-thumbnail-box\"  >\n\t\t<div class=\"ngg-gallery-thumbnail\" >\n\t\t\t<a href=\"https:\/\/feuerwehr-vglambrecht.de\/cms\/wp-content\/gallery\/ants-uebung-tkz-miehlen\/dsc00056.jpg\" title=\" \" class=\"shutterset_set_310\" >\n\t\t\t\t\t\t\t\t<img loading=\"lazy\" decoding=\"async\" title=\"SONY DSC\" alt=\"SONY DSC\" src=\"https:\/\/feuerwehr-vglambrecht.de\/cms\/wp-content\/gallery\/ants-uebung-tkz-miehlen\/thumbs\/thumbs_dsc00056.jpg\" width=\"100\" height=\"75\" \/>\n\t\t\t\t\t\t\t<\/a>\n\t\t<\/div>\n\t<\/div>\n\t\n\t\t\n \t\t\n\t<div id=\"ngg-image-1825\" class=\"ngg-gallery-thumbnail-box\"  >\n\t\t<div class=\"ngg-gallery-thumbnail\" >\n\t\t\t<a href=\"https:\/\/feuerwehr-vglambrecht.de\/cms\/wp-content\/gallery\/ants-uebung-tkz-miehlen\/dsc00058.jpg\" title=\" \" class=\"shutterset_set_310\" >\n\t\t\t\t\t\t\t\t<img loading=\"lazy\" decoding=\"async\" title=\"SONY DSC\" alt=\"SONY DSC\" src=\"https:\/\/feuerwehr-vglambrecht.de\/cms\/wp-content\/gallery\/ants-uebung-tkz-miehlen\/thumbs\/thumbs_dsc00058.jpg\" width=\"100\" height=\"75\" \/>\n\t\t\t\t\t\t\t<\/a>\n\t\t<\/div>\n\t<\/div>\n\t\n\t\t\n \t\t\n\t<div id=\"ngg-image-1826\" class=\"ngg-gallery-thumbnail-box\"  >\n\t\t<div class=\"ngg-gallery-thumbnail\" >\n\t\t\t<a href=\"https:\/\/feuerwehr-vglambrecht.de\/cms\/wp-content\/gallery\/ants-uebung-tkz-miehlen\/dsc00064.jpg\" title=\" \" class=\"shutterset_set_310\" >\n\t\t\t\t\t\t\t\t<img loading=\"lazy\" decoding=\"async\" title=\"SONY DSC\" alt=\"SONY DSC\" src=\"https:\/\/feuerwehr-vglambrecht.de\/cms\/wp-content\/gallery\/ants-uebung-tkz-miehlen\/thumbs\/thumbs_dsc00064.jpg\" width=\"100\" height=\"75\" \/>\n\t\t\t\t\t\t\t<\/a>\n\t\t<\/div>\n\t<\/div>\n\t\n\t\t\n \t\t\n\t<div id=\"ngg-image-1827\" class=\"ngg-gallery-thumbnail-box\"  >\n\t\t<div class=\"ngg-gallery-thumbnail\" >\n\t\t\t<a href=\"https:\/\/feuerwehr-vglambrecht.de\/cms\/wp-content\/gallery\/ants-uebung-tkz-miehlen\/dsc00074.jpg\" title=\" \" class=\"shutterset_set_310\" >\n\t\t\t\t\t\t\t\t<img loading=\"lazy\" decoding=\"async\" title=\"SONY DSC\" alt=\"SONY DSC\" src=\"https:\/\/feuerwehr-vglambrecht.de\/cms\/wp-content\/gallery\/ants-uebung-tkz-miehlen\/thumbs\/thumbs_dsc00074.jpg\" width=\"100\" height=\"75\" \/>\n\t\t\t\t\t\t\t<\/a>\n\t\t<\/div>\n\t<\/div>\n\t\n\t\t\n \t \t\n\t<!-- Pagination -->\n \t<div class='ngg-clear'><\/div>\n \t\n<\/div>\n\n\n","protected":false},"excerpt":{"rendered":"<p>Die Feuerwehr Esthal stellt als Sondereinheit die A.N.T.S. \u00a0(Atemschutznotfalltrainierte Staffel)\u00a0 f\u00fcr die Feuerwehren der Verbandsgemeinde Lambrecht und organisiert den Sammelplatz Atemschutz bei gr\u00f6\u00dferen Brandeins\u00e4tzen.<\/p>\n","protected":false},"author":5,"featured_media":9167,"comment_status":"closed","ping_status":"closed","sticky":false,"template":"","format":"standard","meta":{"footnotes":""},"categories":[1],"tags":[388,138,383,373,168],"class_list":["post-9163","post","type-post","status-publish","format-standard","has-post-thumbnail","hentry","category-allgemein","tag-ehrenamt","tag-esthal","tag-feuerwehrvglambrecht","tag-immerda","tag-uebung"],"better_featured_image":{"id":9167,"alt_text":"","caption":"SONY DSC","description":"","media_type":"image","media_details":{"width":2560,"height":1711,"file":"2020\/10\/DSC00056-scaled.jpg","filesize":433293,"sizes":{"medium_large":{"file":"DSC00056-768x513.jpg","width":768,"height":513,"mime-type":"image\/jpeg","filesize":106118,"source_url":"https:\/\/feuerwehr-vglambrecht.de\/cms\/wp-content\/uploads\/2020\/10\/DSC00056-768x513.jpg"},"1536x1536":{"file":"DSC00056-1536x1027.jpg","width":1536,"height":1027,"mime-type":"image\/jpeg","filesize":217111,"source_url":"https:\/\/feuerwehr-vglambrecht.de\/cms\/wp-content\/uploads\/2020\/10\/DSC00056-1536x1027.jpg"},"2048x2048":{"file":"DSC00056-2048x1369.jpg","width":2048,"height":1369,"mime-type":"image\/jpeg","filesize":316116,"source_url":"https:\/\/feuerwehr-vglambrecht.de\/cms\/wp-content\/uploads\/2020\/10\/DSC00056-2048x1369.jpg"},"wptouch-new-thumbnail":{"file":"DSC00056-144x144.jpg","width":144,"height":144,"mime-type":"image\/jpeg","filesize":58285,"source_url":"https:\/\/feuerwehr-vglambrecht.de\/cms\/wp-content\/uploads\/2020\/10\/DSC00056-144x144.jpg"},"landing_image":{"file":"DSC00056-1024x460.jpg","width":1024,"height":460,"mime-type":"image\/jpeg","filesize":117505,"source_url":"https:\/\/feuerwehr-vglambrecht.de\/cms\/wp-content\/uploads\/2020\/10\/DSC00056-1024x460.jpg"},"foundation-featured-image":{"file":"DSC00056-900x602.jpg","width":900,"height":602,"mime-type":"image\/jpeg","filesize":122128,"source_url":"https:\/\/feuerwehr-vglambrecht.de\/cms\/wp-content\/uploads\/2020\/10\/DSC00056-900x602.jpg"},"thumbnail":{"file":"DSC00056-150x150.jpg","width":150,"height":150,"source_url":"https:\/\/feuerwehr-vglambrecht.de\/cms\/wp-content\/uploads\/2020\/10\/DSC00056-150x150.jpg"},"medium":{"file":"DSC00056-300x201.jpg","width":300,"height":201,"source_url":"https:\/\/feuerwehr-vglambrecht.de\/cms\/wp-content\/uploads\/2020\/10\/DSC00056-300x201.jpg"},"large":{"file":"DSC00056-1024x685.jpg","width":1024,"height":685,"source_url":"https:\/\/feuerwehr-vglambrecht.de\/cms\/wp-content\/uploads\/2020\/10\/DSC00056-1024x685.jpg"}},"image_meta":{"aperture":"5.6","credit":"","camera":"DSLR-A200","caption":"SONY DSC","created_timestamp":"1603540610","copyright":"","focal_length":"35","iso":"200","shutter_speed":"0.016666666666667","title":"SONY DSC","orientation":"1","keywords":[]},"original_image":"DSC00056.jpg","image-converter":{"thumbnail":"IME","medium":"IME","large":"IME"}},"post":9163,"source_url":"https:\/\/feuerwehr-vglambrecht.de\/cms\/wp-content\/uploads\/2020\/10\/DSC00056-scaled.jpg"},"_links":{"self":[{"href":"https:\/\/feuerwehr-vglambrecht.de\/cms\/wp-json\/wp\/v2\/posts\/9163","targetHints":{"allow":["GET"]}}],"collection":[{"href":"https:\/\/feuerwehr-vglambrecht.de\/cms\/wp-json\/wp\/v2\/posts"}],"about":[{"href":"https:\/\/feuerwehr-vglambrecht.de\/cms\/wp-json\/wp\/v2\/types\/post"}],"author":[{"embeddable":true,"href":"https:\/\/feuerwehr-vglambrecht.de\/cms\/wp-json\/wp\/v2\/users\/5"}],"replies":[{"embeddable":true,"href":"https:\/\/feuerwehr-vglambrecht.de\/cms\/wp-json\/wp\/v2\/comments?post=9163"}],"version-history":[{"count":3,"href":"https:\/\/feuerwehr-vglambrecht.de\/cms\/wp-json\/wp\/v2\/posts\/9163\/revisions"}],"predecessor-version":[{"id":9168,"href":"https:\/\/feuerwehr-vglambrecht.de\/cms\/wp-json\/wp\/v2\/posts\/9163\/revisions\/9168"}],"wp:featuredmedia":[{"embeddable":true,"href":"https:\/\/feuerwehr-vglambrecht.de\/cms\/wp-json\/wp\/v2\/media\/9167"}],"wp:attachment":[{"href":"https:\/\/feuerwehr-vglambrecht.de\/cms\/wp-json\/wp\/v2\/media?parent=9163"}],"wp:term":[{"taxonomy":"category","embeddable":true,"href":"https:\/\/feuerwehr-vglambrecht.de\/cms\/wp-json\/wp\/v2\/categories?post=9163"},{"taxonomy":"post_tag","embeddable":true,"href":"https:\/\/feuerwehr-vglambrecht.de\/cms\/wp-json\/wp\/v2\/tags?post=9163"}],"curies":[{"name":"wp","href":"https:\/\/api.w.org\/{rel}","templated":true}]}}