{"id":8718,"date":"2020-05-17T09:00:09","date_gmt":"2020-05-17T07:00:09","guid":{"rendered":"https:\/\/feuerwehr-vglambrecht.de\/cms\/?p=8718"},"modified":"2020-05-17T09:00:09","modified_gmt":"2020-05-17T07:00:09","slug":"feuerwehr-esthal-gruenanlage-hergerichtet-und-historischen-schneepflug-ueberarbeitet","status":"publish","type":"post","link":"https:\/\/feuerwehr-vglambrecht.de\/cms\/2020\/05\/17\/feuerwehr-esthal-gruenanlage-hergerichtet-und-historischen-schneepflug-ueberarbeitet\/","title":{"rendered":"Feuerwehr Esthal &#8211; Gr\u00fcnanlage hergerichtet und historischen Schneepflug \u00fcberarbeitet"},"content":{"rendered":"<p dir=\"ltr\">Die Feuerwehr Esthal k\u00fcmmert sich seit Jahrzehnten um die Gr\u00fcnanlage der Gemeinde mit historischem Schneepflug zwischen Feuerwehrhaus und Friedhof.<\/p>\n<p><!--more-->Der diesj\u00e4hrige Arbeitsdienst musste aufgrund der Covid-19-Pandemie etwas anders organisiert werden, da zur Aufrechterhaltung der Einsatzbereitschaft besondere Regeln gelten und nicht f\u00fcr den Einsatzbetrieb notwendige Arbeiten mit mehreren Feuerwehrangeh\u00f6rigen zu unterlassen sind. So wurde in einigen Arbeitseins\u00e4tzen einzelner FW-Angeh\u00f6riger die Gr\u00fcnanlage hergerichtet, der Schneepflug abgeschliffen sowie neu gestrichen und wieder Blumenk\u00e4sten installiert.<\/p>\n<p>Das Hinweisschild zur Geschichte des Pfluges wird noch \u00fcberarbeitet und dann auch wieder aufgestellt.<\/p>\n<p>Die Feuerwehr Esthal bedankt sich auch bei dem passiven Mitglied Roland Buschlinger f\u00fcr die Arbeitseins\u00e4tze und Unterst\u00fctzung am Schneepflug.<\/p>\n\n<div class=\"ngg-galleryoverview\" id=\"ngg-gallery-302-8718\">\n\n\t<!-- Slideshow link -->\n\t<div class=\"slideshowlink\">\n\t\t<a class=\"slideshowlink\" href=\"https:\/\/feuerwehr-vglambrecht.de\/cms\/2020\/05\/17\/feuerwehr-esthal-gruenanlage-hergerichtet-und-historischen-schneepflug-ueberarbeitet\/nggallery\/slideshow\">\n\t\t\t[Show as slideshow]\t\t<\/a>\n\t<\/div>\n\n\t\n\t<!-- Thumbnails -->\n\t\t\n\t<div id=\"ngg-image-1787\" class=\"ngg-gallery-thumbnail-box\"  >\n\t\t<div class=\"ngg-gallery-thumbnail\" >\n\t\t\t<a href=\"https:\/\/feuerwehr-vglambrecht.de\/cms\/wp-content\/gallery\/arbeitsdienst-gruenanlage-esthal\/img_7878.jpg\" title=\" \" class=\"shutterset_set_302\" >\n\t\t\t\t\t\t\t\t<img loading=\"lazy\" decoding=\"async\" title=\"img_7878\" alt=\"img_7878\" src=\"https:\/\/feuerwehr-vglambrecht.de\/cms\/wp-content\/gallery\/arbeitsdienst-gruenanlage-esthal\/thumbs\/thumbs_img_7878.jpg\" width=\"100\" height=\"75\" \/>\n\t\t\t\t\t\t\t<\/a>\n\t\t<\/div>\n\t<\/div>\n\t\n\t\t\n \t\t\n\t<div id=\"ngg-image-1788\" class=\"ngg-gallery-thumbnail-box\"  >\n\t\t<div class=\"ngg-gallery-thumbnail\" >\n\t\t\t<a href=\"https:\/\/feuerwehr-vglambrecht.de\/cms\/wp-content\/gallery\/arbeitsdienst-gruenanlage-esthal\/img_7880.jpg\" title=\" \" class=\"shutterset_set_302\" >\n\t\t\t\t\t\t\t\t<img loading=\"lazy\" decoding=\"async\" title=\"img_7880\" alt=\"img_7880\" src=\"https:\/\/feuerwehr-vglambrecht.de\/cms\/wp-content\/gallery\/arbeitsdienst-gruenanlage-esthal\/thumbs\/thumbs_img_7880.jpg\" width=\"100\" height=\"75\" \/>\n\t\t\t\t\t\t\t<\/a>\n\t\t<\/div>\n\t<\/div>\n\t\n\t\t\n \t\t\n\t<div id=\"ngg-image-1789\" class=\"ngg-gallery-thumbnail-box\"  >\n\t\t<div class=\"ngg-gallery-thumbnail\" >\n\t\t\t<a href=\"https:\/\/feuerwehr-vglambrecht.de\/cms\/wp-content\/gallery\/arbeitsdienst-gruenanlage-esthal\/img_7881.jpg\" title=\" \" class=\"shutterset_set_302\" >\n\t\t\t\t\t\t\t\t<img loading=\"lazy\" decoding=\"async\" title=\"img_7881\" alt=\"img_7881\" src=\"https:\/\/feuerwehr-vglambrecht.de\/cms\/wp-content\/gallery\/arbeitsdienst-gruenanlage-esthal\/thumbs\/thumbs_img_7881.jpg\" width=\"100\" height=\"75\" \/>\n\t\t\t\t\t\t\t<\/a>\n\t\t<\/div>\n\t<\/div>\n\t\n\t\t\n \t\t\n\t<div id=\"ngg-image-1790\" class=\"ngg-gallery-thumbnail-box\"  >\n\t\t<div class=\"ngg-gallery-thumbnail\" >\n\t\t\t<a href=\"https:\/\/feuerwehr-vglambrecht.de\/cms\/wp-content\/gallery\/arbeitsdienst-gruenanlage-esthal\/img_7882.jpg\" title=\" \" class=\"shutterset_set_302\" >\n\t\t\t\t\t\t\t\t<img loading=\"lazy\" decoding=\"async\" title=\"img_7882\" alt=\"img_7882\" src=\"https:\/\/feuerwehr-vglambrecht.de\/cms\/wp-content\/gallery\/arbeitsdienst-gruenanlage-esthal\/thumbs\/thumbs_img_7882.jpg\" width=\"100\" height=\"75\" \/>\n\t\t\t\t\t\t\t<\/a>\n\t\t<\/div>\n\t<\/div>\n\t\n\t\t\n \t\t\n\t<div id=\"ngg-image-1791\" class=\"ngg-gallery-thumbnail-box\"  >\n\t\t<div class=\"ngg-gallery-thumbnail\" >\n\t\t\t<a href=\"https:\/\/feuerwehr-vglambrecht.de\/cms\/wp-content\/gallery\/arbeitsdienst-gruenanlage-esthal\/img_7883.jpg\" title=\" \" class=\"shutterset_set_302\" >\n\t\t\t\t\t\t\t\t<img loading=\"lazy\" decoding=\"async\" title=\"img_7883\" alt=\"img_7883\" src=\"https:\/\/feuerwehr-vglambrecht.de\/cms\/wp-content\/gallery\/arbeitsdienst-gruenanlage-esthal\/thumbs\/thumbs_img_7883.jpg\" width=\"100\" height=\"75\" \/>\n\t\t\t\t\t\t\t<\/a>\n\t\t<\/div>\n\t<\/div>\n\t\n\t\t\n \t \t\n\t<!-- Pagination -->\n \t<div class='ngg-clear'><\/div>\n \t\n<\/div>\n\n\n","protected":false},"excerpt":{"rendered":"<p>Die Feuerwehr Esthal k\u00fcmmert sich seit Jahrzehnten um die Gr\u00fcnanlage der Gemeinde mit historischem Schneepflug zwischen Feuerwehrhaus und Friedhof.<\/p>\n","protected":false},"author":2,"featured_media":8571,"comment_status":"closed","ping_status":"closed","sticky":false,"template":"","format":"standard","meta":{"footnotes":""},"categories":[6],"tags":[138],"class_list":["post-8718","post","type-post","status-publish","format-standard","has-post-thumbnail","hentry","category-fw_esthal","tag-esthal"],"better_featured_image":{"id":8571,"alt_text":"","caption":"","description":"","media_type":"image","media_details":{"width":2560,"height":1402,"file":"2020\/03\/IMG_9557-01-scaled.jpeg","filesize":671316,"sizes":{"medium_large":{"file":"IMG_9557-01-768x421.jpeg","width":768,"height":421,"mime-type":"image\/jpeg","filesize":83836,"source_url":"https:\/\/feuerwehr-vglambrecht.de\/cms\/wp-content\/uploads\/2020\/03\/IMG_9557-01-768x421.jpeg"},"1536x1536":{"file":"IMG_9557-01-1536x841.jpeg","width":1536,"height":841,"mime-type":"image\/jpeg","filesize":280211,"source_url":"https:\/\/feuerwehr-vglambrecht.de\/cms\/wp-content\/uploads\/2020\/03\/IMG_9557-01-1536x841.jpeg"},"2048x2048":{"file":"IMG_9557-01-2048x1121.jpeg","width":2048,"height":1121,"mime-type":"image\/jpeg","filesize":460001,"source_url":"https:\/\/feuerwehr-vglambrecht.de\/cms\/wp-content\/uploads\/2020\/03\/IMG_9557-01-2048x1121.jpeg"},"wptouch-new-thumbnail":{"file":"IMG_9557-01-144x144.jpeg","width":144,"height":144,"mime-type":"image\/jpeg","filesize":10067,"source_url":"https:\/\/feuerwehr-vglambrecht.de\/cms\/wp-content\/uploads\/2020\/03\/IMG_9557-01-144x144.jpeg"},"landing_image":{"file":"IMG_9557-01-1024x460.jpeg","width":1024,"height":460,"mime-type":"image\/jpeg","filesize":119783,"source_url":"https:\/\/feuerwehr-vglambrecht.de\/cms\/wp-content\/uploads\/2020\/03\/IMG_9557-01-1024x460.jpeg"},"foundation-featured-image":{"file":"IMG_9557-01-900x493.jpeg","width":900,"height":493,"mime-type":"image\/jpeg","filesize":110839,"source_url":"https:\/\/feuerwehr-vglambrecht.de\/cms\/wp-content\/uploads\/2020\/03\/IMG_9557-01-900x493.jpeg"},"thumbnail":{"file":"IMG_9557-01-150x150.jpeg","width":150,"height":150,"source_url":"https:\/\/feuerwehr-vglambrecht.de\/cms\/wp-content\/uploads\/2020\/03\/IMG_9557-01-150x150.jpeg"},"medium":{"file":"IMG_9557-01-300x164.jpeg","width":300,"height":164,"source_url":"https:\/\/feuerwehr-vglambrecht.de\/cms\/wp-content\/uploads\/2020\/03\/IMG_9557-01-300x164.jpeg"},"large":{"file":"IMG_9557-01-1024x561.jpeg","width":1024,"height":561,"source_url":"https:\/\/feuerwehr-vglambrecht.de\/cms\/wp-content\/uploads\/2020\/03\/IMG_9557-01-1024x561.jpeg"}},"image_meta":{"aperture":"5.6","credit":"","camera":"Canon EOS 2000D","caption":"","created_timestamp":"1582972471","copyright":"","focal_length":"18","iso":"100","shutter_speed":"0.0025","title":"","orientation":"1","keywords":[]},"original_image":"IMG_9557-01.jpeg","image-converter":{"thumbnail":"IME","medium":"IME","large":"IME"}},"post":913,"source_url":"https:\/\/feuerwehr-vglambrecht.de\/cms\/wp-content\/uploads\/2020\/03\/IMG_9557-01-scaled.jpeg"},"_links":{"self":[{"href":"https:\/\/feuerwehr-vglambrecht.de\/cms\/wp-json\/wp\/v2\/posts\/8718","targetHints":{"allow":["GET"]}}],"collection":[{"href":"https:\/\/feuerwehr-vglambrecht.de\/cms\/wp-json\/wp\/v2\/posts"}],"about":[{"href":"https:\/\/feuerwehr-vglambrecht.de\/cms\/wp-json\/wp\/v2\/types\/post"}],"author":[{"embeddable":true,"href":"https:\/\/feuerwehr-vglambrecht.de\/cms\/wp-json\/wp\/v2\/users\/2"}],"replies":[{"embeddable":true,"href":"https:\/\/feuerwehr-vglambrecht.de\/cms\/wp-json\/wp\/v2\/comments?post=8718"}],"version-history":[{"count":3,"href":"https:\/\/feuerwehr-vglambrecht.de\/cms\/wp-json\/wp\/v2\/posts\/8718\/revisions"}],"predecessor-version":[{"id":8722,"href":"https:\/\/feuerwehr-vglambrecht.de\/cms\/wp-json\/wp\/v2\/posts\/8718\/revisions\/8722"}],"wp:featuredmedia":[{"embeddable":true,"href":"https:\/\/feuerwehr-vglambrecht.de\/cms\/wp-json\/wp\/v2\/media\/8571"}],"wp:attachment":[{"href":"https:\/\/feuerwehr-vglambrecht.de\/cms\/wp-json\/wp\/v2\/media?parent=8718"}],"wp:term":[{"taxonomy":"category","embeddable":true,"href":"https:\/\/feuerwehr-vglambrecht.de\/cms\/wp-json\/wp\/v2\/categories?post=8718"},{"taxonomy":"post_tag","embeddable":true,"href":"https:\/\/feuerwehr-vglambrecht.de\/cms\/wp-json\/wp\/v2\/tags?post=8718"}],"curies":[{"name":"wp","href":"https:\/\/api.w.org\/{rel}","templated":true}]}}