{"id":6655,"date":"2018-05-04T08:58:11","date_gmt":"2018-05-04T06:58:11","guid":{"rendered":"https:\/\/feuerwehr-vglambrecht.de\/cms\/?p=6655"},"modified":"2018-05-04T08:58:11","modified_gmt":"2018-05-04T06:58:11","slug":"ehemaliger-wehrleiter-walter-weitzel-verstorben-nachruf","status":"publish","type":"post","link":"https:\/\/feuerwehr-vglambrecht.de\/cms\/2018\/05\/04\/ehemaliger-wehrleiter-walter-weitzel-verstorben-nachruf\/","title":{"rendered":"Ehemaliger Wehrleiter Walter Weitzel verstorben &#8211; Nachruf"},"content":{"rendered":"<p>Die Feuerwehr der VG Lambrecht trauert um den ehemaligen Wehrleiter Walter Weitzel. Er verstarb im Alter von 95 Jahren in der Nacht auf den 24.04.2018.<\/p>\n<p style=\"text-align: center;\">\n<a href=\"https:\/\/feuerwehr-vglambrecht.de\/cms\/wp-content\/gallery\/walter-weitzel\/walter-weitzel.jpg\" title=\"\" class=\"shutterset_singlepic1424\" >\n\t<img decoding=\"async\" class=\"ngg-singlepic\" src=\"https:\/\/feuerwehr-vglambrecht.de\/cms\/wp-content\/gallery\/cache\/1424__x_walter-weitzel.jpg\" alt=\"walter-weitzel\" title=\"walter-weitzel\" \/>\n<\/a>\n<\/p>\n<p><!--more--><\/p>\n<p>Zu seiner beruflichen Belastung ist Walter Weitzel nach Beendigung des Krieges der Feuerwehr beigetreten und wurde 1947 zum ersten Wehrf\u00fchrer ernannt. Schon bald danach im Jahre 1949 musste Walter Weitzel seine F\u00fchrungsqualit\u00e4ten unter Beweis stellen. Ein Gro\u00dfwaldbrand w\u00fctete zwischen Neidenfels und Lindenberg und alle Wehren der Umgebung mussten in den Einsatz.<\/p>\n<p>Mangels geeigneten L\u00f6schmaterials wurden die Feuerwehren zus\u00e4tzlich von franz\u00f6sischen Truppen und zwangsverpflichteten Arbeitern unterst\u00fctzt. Um aber f\u00fcr solche Gro\u00dfbr\u00e4nde in Zukunft besser ger\u00fcstet zu sein, wurde 1950 eine Waldbrandabteilung in Lindenberg gegr\u00fcndet, der alle m\u00e4nnlichen B\u00fcrger angeh\u00f6rten. Im Jahre 1951 erhielt die Wehr dann einen Tragkraftspritzenanh\u00e4nger und etwas sp\u00e4ter ein Einsatzfahrzeug und stellte bei Inspektions\u00fcbungen und Feuerwehrwettbewerben stets ihr K\u00f6nnen unter Beweis.<\/p>\n<p>Im September 1971 konnte die Feuerwehr ihr neues und jetziges Ger\u00e4tehaus offiziell einweihen. Damit hatte die Lindenberger Wehr erstmals ein eigenes modernes Ger\u00e4tehaus mit Fahrzeughalle, Unterrichtsraum und sanit\u00e4ren Anlagen.<\/p>\n<p>Durch die Bildung der Verbandsgemeinde wurde dann die Zust\u00e4ndigkeit im Bereich Feuerwehrwesen von Lindenberg nach Lambrecht \u00fcbertragen.<\/p>\n<p>Walter Weitzel wurde 1975 in Doppelfunktion neuer Wehrleiter der Verbandsgemeinde. Als Wehrleiter lag Walter Weitzel die Zusammenf\u00fchrung der 8 Feuerwehren zu einer organisatorischen Einheit am Herzen. Diese schwierige Aufgabe hat er in vorbildlicher Weise gel\u00f6st. In der Funktion des Wehrleiters war er f\u00fcr die Einsatzbereitschaft verantwortlich.<\/p>\n<p>Seine T\u00e4tigkeit im Feuerwehrdienst hat Walter Weitzel nicht als l\u00e4stige B\u00fcrde empfunden im Gegenteil, er hat sich immer aus \u00dcberzeugung in den Dienst der Allgemeinheit gestellt, um Menschen, die in Gefahr und Not geraten waren zu helfen.<\/p>\n<p>Unter seiner Verantwortung wurde eine Feuerwehrkonzeption erarbeitet, die f\u00fcr mich in meiner 27-j\u00e4hrigen B\u00fcrgermeistert\u00e4tigkeit immer als Richtschnur diente.<\/p>\n<p>Darin waren f\u00fcr alle Ortsgemeinden wichtige Fragen wie beispielsweise personelle Besetzung oder technische Ausstattung geregelt.<\/p>\n<p>Walter Weitzel ist heute noch bei vielen offiziellen Feuerwehrveranstaltungen in unserer Talregion anwesend und bei der letzten Inspektionsversammlung im Januar in Lambrecht haben ihm rund 200 Feuerwehrangeh\u00f6rige bei seiner Begr\u00fc\u00dfung anerkennend Beifall gezollt.<\/p>\n<p>Eines hat mir pers\u00f6nlich immer imponiert. War Walter Weitzel aus irgendwelchen Gr\u00fcnden an einer Teilnahme verhindert, so hat er sich pers\u00f6nlich bei mir entschuldigt. Dies zeigt sein nach wie vor vorhandenes hohes Pflichtbewusstsein.<\/p>\n<p>Die Feuerwehr in Lindenberg war allerdings nicht nur bei Eins\u00e4tzen aktiv. Man veranstaltete das mittlerweile traditionelle Maibaumstellen und lud die Bev\u00f6lkerung zu Schlachtfesten oder einen \u201eTag der offenen T\u00fcr\u201c ein.<\/p>\n<p>Des Weiteren beteiligten sich zahlreiche Feuerwehr-Aktive am Bau des Feuerwehrschulungsheimes Sattelm\u00fchle. Sicherlich war es f\u00fcr dich auch ein schwerer Schlag, als das Haus vor einigen Jahren geschlossen werden musste.<\/p>\n<p>F\u00fcr Walter Weitzel war auch immer die Kameradschaft, Freundschaft und das gegenseitige Vertrauen wichtig. Noch heute treffen sich die \u201eFlorianer\u201c mit ihren Frauen, zu geselligen Veranstaltungen. Bei einigen konnte ich mit meiner Frau anwesend sein und wir waren immer stolz auch in diesem Kreis freundschaftlich aufgenommen zu werden.<\/p>\n<p>Im Februar 1978 hat Walter Weitzel dann sein Amt als Wehrf\u00fchrer abgegeben, Nachfolger wurde Leo Haas. Bis 1982 war er, ich hatte es bereits erw\u00e4hnt, als Wehrleiter t\u00e4tig.<\/p>\n<p>F\u00fcr sein ehrenamtliches Wirken f\u00fcr das Feuerwehrwesen innerhalb unserer Verbandsgemeinde wurde ihm von meinem Vorg\u00e4nger Herrn B\u00fcrgermeister Gerst die Verdienstmedaille der Verbandsgemeinde verliehen.<\/p>\n<p>Quelle: Auszug aus einer Rede von Herbert Bertram, ehemaliger Verbandsb\u00fcrgermeister der VG Lambrecht<\/p>\n","protected":false},"excerpt":{"rendered":"<p>Die Feuerwehr der VG Lambrecht trauert um den ehemaligen Wehrleiter Walter Weitzel. Er verstarb im Alter von 95 Jahren in der Nacht auf den 24.04.2018.<\/p>\n","protected":false},"author":2,"featured_media":5936,"comment_status":"closed","ping_status":"closed","sticky":false,"template":"","format":"standard","meta":{"footnotes":""},"categories":[1],"tags":[],"class_list":["post-6655","post","type-post","status-publish","format-standard","has-post-thumbnail","hentry","category-allgemein"],"better_featured_image":{"id":5936,"alt_text":"","caption":"","description":"","media_type":"image","media_details":{"width":540,"height":540,"file":"2017\/09\/Trauer.jpg","filesize":31798,"sizes":{"wptouch-new-thumbnail":{"file":"Trauer-144x144.jpg","width":144,"height":144,"mime-type":"image\/jpeg","filesize":4373,"source_url":"https:\/\/feuerwehr-vglambrecht.de\/cms\/wp-content\/uploads\/2017\/09\/Trauer-144x144.jpg"},"landing_image":{"file":"Trauer-540x460.jpg","width":540,"height":460,"mime-type":"image\/jpeg","filesize":17448,"source_url":"https:\/\/feuerwehr-vglambrecht.de\/cms\/wp-content\/uploads\/2017\/09\/Trauer-540x460.jpg"},"thumbnail":{"file":"Trauer-150x150.jpg","width":150,"height":150,"source_url":"https:\/\/feuerwehr-vglambrecht.de\/cms\/wp-content\/uploads\/2017\/09\/Trauer-150x150.jpg"},"medium":{"file":"Trauer-300x300.jpg","width":300,"height":300,"source_url":"https:\/\/feuerwehr-vglambrecht.de\/cms\/wp-content\/uploads\/2017\/09\/Trauer-300x300.jpg"}},"image_meta":{"aperture":"0","credit":"","camera":"","caption":"","created_timestamp":"0","copyright":"","focal_length":"0","iso":"0","shutter_speed":"0","title":"","orientation":"0","keywords":[]},"image-converter":{"thumbnail":"IME","medium":"IME"}},"post":5935,"source_url":"https:\/\/feuerwehr-vglambrecht.de\/cms\/wp-content\/uploads\/2017\/09\/Trauer.jpg"},"_links":{"self":[{"href":"https:\/\/feuerwehr-vglambrecht.de\/cms\/wp-json\/wp\/v2\/posts\/6655","targetHints":{"allow":["GET"]}}],"collection":[{"href":"https:\/\/feuerwehr-vglambrecht.de\/cms\/wp-json\/wp\/v2\/posts"}],"about":[{"href":"https:\/\/feuerwehr-vglambrecht.de\/cms\/wp-json\/wp\/v2\/types\/post"}],"author":[{"embeddable":true,"href":"https:\/\/feuerwehr-vglambrecht.de\/cms\/wp-json\/wp\/v2\/users\/2"}],"replies":[{"embeddable":true,"href":"https:\/\/feuerwehr-vglambrecht.de\/cms\/wp-json\/wp\/v2\/comments?post=6655"}],"version-history":[{"count":3,"href":"https:\/\/feuerwehr-vglambrecht.de\/cms\/wp-json\/wp\/v2\/posts\/6655\/revisions"}],"predecessor-version":[{"id":6658,"href":"https:\/\/feuerwehr-vglambrecht.de\/cms\/wp-json\/wp\/v2\/posts\/6655\/revisions\/6658"}],"wp:featuredmedia":[{"embeddable":true,"href":"https:\/\/feuerwehr-vglambrecht.de\/cms\/wp-json\/wp\/v2\/media\/5936"}],"wp:attachment":[{"href":"https:\/\/feuerwehr-vglambrecht.de\/cms\/wp-json\/wp\/v2\/media?parent=6655"}],"wp:term":[{"taxonomy":"category","embeddable":true,"href":"https:\/\/feuerwehr-vglambrecht.de\/cms\/wp-json\/wp\/v2\/categories?post=6655"},{"taxonomy":"post_tag","embeddable":true,"href":"https:\/\/feuerwehr-vglambrecht.de\/cms\/wp-json\/wp\/v2\/tags?post=6655"}],"curies":[{"name":"wp","href":"https:\/\/api.w.org\/{rel}","templated":true}]}}