{"id":6503,"date":"2018-03-04T11:10:50","date_gmt":"2018-03-04T10:10:50","guid":{"rendered":"https:\/\/feuerwehr-vglambrecht.de\/cms\/?p=6503"},"modified":"2018-03-06T19:36:16","modified_gmt":"2018-03-06T18:36:16","slug":"die-4-klasse-der-heinrich-weintz-schule-besucht-die-feuerwehr-elmstein","status":"publish","type":"post","link":"https:\/\/feuerwehr-vglambrecht.de\/cms\/2018\/03\/04\/die-4-klasse-der-heinrich-weintz-schule-besucht-die-feuerwehr-elmstein\/","title":{"rendered":"Die 4. Klasse der Heinrich-Weintz-Schule besucht die Feuerwehr Elmstein"},"content":{"rendered":"<p style=\"margin: 0cm; margin-bottom: .0001pt; line-height: 13.65pt; background: white;\">Nach intensiver Vorbereitung auf das Thema &#8222;Feuerwehr&#8220; im Unterricht, war es am 23.02.2018 endlich soweit. Die 4. Klasse der Heinrich-Weintz-Schule durfte die Feuerwache der Freiwilligen Feuerwehr in Elmstein besuchen.<br \/>\n<!--more--><\/p>\n<p>Vier Feuerwehrm\u00e4nner nahmen sich die Zeit, die Sch\u00fcler ausf\u00fchrlich \u00fcber die Ausstattung der Fahrzeuge und den Gebrauch der Ger\u00e4tschaften zu informieren. Interessant fanden es die Kinder, einen Feuerwehrmann mit Atemschutz zu begutachten. Dabei blieb keine der vielen Fragen unbeantwortet.<\/p>\n<p>Als H\u00f6hepunkt durften alle nat\u00fcrlich auch in den Fahrzeugen Platz nehmen und konnten sich so wie echte Feuerwehrm\u00e4nner und -frauen f\u00fchlen.<\/p>\n<p>Mit einem selbst gestalteten Dankesplakat bedankte sich die 4. Klasse herzlich bei der Freiwilligen Feuerwehr f\u00fcr deren Tapferkeit und st\u00e4ndigen Einsatzbereitschaft. Die Heinrich-Weintz-Schule w\u00fcnscht der Feuerwehr, dass sie stets heil von den Eins\u00e4tzen zur\u00fcckkommt.<\/p>\n\n<div class=\"ngg-galleryoverview\" id=\"ngg-gallery-198-6503\">\n\n\t<!-- Slideshow link -->\n\t<div class=\"slideshowlink\">\n\t\t<a class=\"slideshowlink\" href=\"https:\/\/feuerwehr-vglambrecht.de\/cms\/2018\/03\/04\/die-4-klasse-der-heinrich-weintz-schule-besucht-die-feuerwehr-elmstein\/nggallery\/slideshow\">\n\t\t\t[Show as slideshow]\t\t<\/a>\n\t<\/div>\n\n\t\n\t<!-- Thumbnails -->\n\t\t\n\t<div id=\"ngg-image-1382\" class=\"ngg-gallery-thumbnail-box\"  >\n\t\t<div class=\"ngg-gallery-thumbnail\" >\n\t\t\t<a href=\"https:\/\/feuerwehr-vglambrecht.de\/cms\/wp-content\/gallery\/schulbesuch-elmstein\/img_1728.jpg\" title=\" \" class=\"shutterset_set_198\" >\n\t\t\t\t\t\t\t\t<img loading=\"lazy\" decoding=\"async\" title=\"img_1728\" alt=\"img_1728\" src=\"https:\/\/feuerwehr-vglambrecht.de\/cms\/wp-content\/gallery\/schulbesuch-elmstein\/thumbs\/thumbs_img_1728.jpg\" width=\"100\" height=\"75\" \/>\n\t\t\t\t\t\t\t<\/a>\n\t\t<\/div>\n\t<\/div>\n\t\n\t\t\n \t\t\n\t<div id=\"ngg-image-1383\" class=\"ngg-gallery-thumbnail-box\"  >\n\t\t<div class=\"ngg-gallery-thumbnail\" >\n\t\t\t<a href=\"https:\/\/feuerwehr-vglambrecht.de\/cms\/wp-content\/gallery\/schulbesuch-elmstein\/img_1729.jpg\" title=\" \" class=\"shutterset_set_198\" >\n\t\t\t\t\t\t\t\t<img loading=\"lazy\" decoding=\"async\" title=\"img_1729\" alt=\"img_1729\" src=\"https:\/\/feuerwehr-vglambrecht.de\/cms\/wp-content\/gallery\/schulbesuch-elmstein\/thumbs\/thumbs_img_1729.jpg\" width=\"100\" height=\"75\" \/>\n\t\t\t\t\t\t\t<\/a>\n\t\t<\/div>\n\t<\/div>\n\t\n\t\t\n \t\t\n\t<div id=\"ngg-image-1384\" class=\"ngg-gallery-thumbnail-box\"  >\n\t\t<div class=\"ngg-gallery-thumbnail\" >\n\t\t\t<a href=\"https:\/\/feuerwehr-vglambrecht.de\/cms\/wp-content\/gallery\/schulbesuch-elmstein\/img_1735.jpg\" title=\" \" class=\"shutterset_set_198\" >\n\t\t\t\t\t\t\t\t<img loading=\"lazy\" decoding=\"async\" title=\"img_1735\" alt=\"img_1735\" src=\"https:\/\/feuerwehr-vglambrecht.de\/cms\/wp-content\/gallery\/schulbesuch-elmstein\/thumbs\/thumbs_img_1735.jpg\" width=\"100\" height=\"75\" \/>\n\t\t\t\t\t\t\t<\/a>\n\t\t<\/div>\n\t<\/div>\n\t\n\t\t\n \t\t\n\t<div id=\"ngg-image-1385\" class=\"ngg-gallery-thumbnail-box\"  >\n\t\t<div class=\"ngg-gallery-thumbnail\" >\n\t\t\t<a href=\"https:\/\/feuerwehr-vglambrecht.de\/cms\/wp-content\/gallery\/schulbesuch-elmstein\/img_1742.jpg\" title=\" \" class=\"shutterset_set_198\" >\n\t\t\t\t\t\t\t\t<img loading=\"lazy\" decoding=\"async\" title=\"img_1742\" alt=\"img_1742\" src=\"https:\/\/feuerwehr-vglambrecht.de\/cms\/wp-content\/gallery\/schulbesuch-elmstein\/thumbs\/thumbs_img_1742.jpg\" width=\"100\" height=\"75\" \/>\n\t\t\t\t\t\t\t<\/a>\n\t\t<\/div>\n\t<\/div>\n\t\n\t\t\n \t\t\n\t<div id=\"ngg-image-1386\" class=\"ngg-gallery-thumbnail-box\"  >\n\t\t<div class=\"ngg-gallery-thumbnail\" >\n\t\t\t<a href=\"https:\/\/feuerwehr-vglambrecht.de\/cms\/wp-content\/gallery\/schulbesuch-elmstein\/img_1743.jpg\" title=\" \" class=\"shutterset_set_198\" >\n\t\t\t\t\t\t\t\t<img loading=\"lazy\" decoding=\"async\" title=\"img_1743\" alt=\"img_1743\" src=\"https:\/\/feuerwehr-vglambrecht.de\/cms\/wp-content\/gallery\/schulbesuch-elmstein\/thumbs\/thumbs_img_1743.jpg\" width=\"100\" height=\"75\" \/>\n\t\t\t\t\t\t\t<\/a>\n\t\t<\/div>\n\t<\/div>\n\t\n\t\t\n \t\t\n\t<div id=\"ngg-image-1387\" class=\"ngg-gallery-thumbnail-box\"  >\n\t\t<div class=\"ngg-gallery-thumbnail\" >\n\t\t\t<a href=\"https:\/\/feuerwehr-vglambrecht.de\/cms\/wp-content\/gallery\/schulbesuch-elmstein\/img_1746.jpg\" title=\" \" class=\"shutterset_set_198\" >\n\t\t\t\t\t\t\t\t<img loading=\"lazy\" decoding=\"async\" title=\"img_1746\" alt=\"img_1746\" src=\"https:\/\/feuerwehr-vglambrecht.de\/cms\/wp-content\/gallery\/schulbesuch-elmstein\/thumbs\/thumbs_img_1746.jpg\" width=\"100\" height=\"75\" \/>\n\t\t\t\t\t\t\t<\/a>\n\t\t<\/div>\n\t<\/div>\n\t\n\t\t\n \t\t\n\t<div id=\"ngg-image-1388\" class=\"ngg-gallery-thumbnail-box\"  >\n\t\t<div class=\"ngg-gallery-thumbnail\" >\n\t\t\t<a href=\"https:\/\/feuerwehr-vglambrecht.de\/cms\/wp-content\/gallery\/schulbesuch-elmstein\/img_1758.jpg\" title=\" \" class=\"shutterset_set_198\" >\n\t\t\t\t\t\t\t\t<img loading=\"lazy\" decoding=\"async\" title=\"img_1758\" alt=\"img_1758\" src=\"https:\/\/feuerwehr-vglambrecht.de\/cms\/wp-content\/gallery\/schulbesuch-elmstein\/thumbs\/thumbs_img_1758.jpg\" width=\"100\" height=\"75\" \/>\n\t\t\t\t\t\t\t<\/a>\n\t\t<\/div>\n\t<\/div>\n\t\n\t\t\n \t \t\n\t<!-- Pagination -->\n \t<div class='ngg-clear'><\/div>\n \t\n<\/div>\n\n\n","protected":false},"excerpt":{"rendered":"<p>Nach intensiver Vorbereitung auf das Thema &#8222;Feuerwehr&#8220; im Unterricht, war es am 23.02.2018 endlich soweit. Die 4. Klasse der Heinrich-Weintz-Schule durfte die Feuerwache der Freiwilligen Feuerwehr in Elmstein besuchen.<\/p>\n","protected":false},"author":2,"featured_media":6505,"comment_status":"closed","ping_status":"closed","sticky":false,"template":"","format":"standard","meta":{"footnotes":""},"categories":[1,69],"tags":[],"class_list":["post-6503","post","type-post","status-publish","format-standard","has-post-thumbnail","hentry","category-allgemein","category-fw_elmstein"],"better_featured_image":{"id":6505,"alt_text":"","caption":"","description":"","media_type":"image","media_details":{"width":640,"height":225,"file":"2018\/03\/IMG_1758-e1520361369482.jpg","filesize":35870,"sizes":{"wptouch-new-thumbnail":{"file":"IMG_1758-e1520361369482-144x144.jpg","width":144,"height":144,"mime-type":"image\/jpeg","filesize":5851,"source_url":"https:\/\/feuerwehr-vglambrecht.de\/cms\/wp-content\/uploads\/2018\/03\/IMG_1758-e1520361369482-144x144.jpg"},"thumbnail":{"file":"IMG_1758-e1520361369482-150x150.jpg","width":150,"height":150,"source_url":"https:\/\/feuerwehr-vglambrecht.de\/cms\/wp-content\/uploads\/2018\/03\/IMG_1758-e1520361369482-150x150.jpg"},"medium":{"file":"IMG_1758-e1520361369482-300x105.jpg","width":300,"height":105,"source_url":"https:\/\/feuerwehr-vglambrecht.de\/cms\/wp-content\/uploads\/2018\/03\/IMG_1758-e1520361369482-300x105.jpg"}},"image_meta":{"aperture":"0","credit":"","camera":"","caption":"","created_timestamp":"0","copyright":"","focal_length":"0","iso":"0","shutter_speed":"0","title":"","orientation":"0","keywords":[]},"image-converter":{"thumbnail":"IME","medium":"IME"}},"post":6503,"source_url":"https:\/\/feuerwehr-vglambrecht.de\/cms\/wp-content\/uploads\/2018\/03\/IMG_1758-e1520361369482.jpg"},"_links":{"self":[{"href":"https:\/\/feuerwehr-vglambrecht.de\/cms\/wp-json\/wp\/v2\/posts\/6503","targetHints":{"allow":["GET"]}}],"collection":[{"href":"https:\/\/feuerwehr-vglambrecht.de\/cms\/wp-json\/wp\/v2\/posts"}],"about":[{"href":"https:\/\/feuerwehr-vglambrecht.de\/cms\/wp-json\/wp\/v2\/types\/post"}],"author":[{"embeddable":true,"href":"https:\/\/feuerwehr-vglambrecht.de\/cms\/wp-json\/wp\/v2\/users\/2"}],"replies":[{"embeddable":true,"href":"https:\/\/feuerwehr-vglambrecht.de\/cms\/wp-json\/wp\/v2\/comments?post=6503"}],"version-history":[{"count":3,"href":"https:\/\/feuerwehr-vglambrecht.de\/cms\/wp-json\/wp\/v2\/posts\/6503\/revisions"}],"predecessor-version":[{"id":6507,"href":"https:\/\/feuerwehr-vglambrecht.de\/cms\/wp-json\/wp\/v2\/posts\/6503\/revisions\/6507"}],"wp:featuredmedia":[{"embeddable":true,"href":"https:\/\/feuerwehr-vglambrecht.de\/cms\/wp-json\/wp\/v2\/media\/6505"}],"wp:attachment":[{"href":"https:\/\/feuerwehr-vglambrecht.de\/cms\/wp-json\/wp\/v2\/media?parent=6503"}],"wp:term":[{"taxonomy":"category","embeddable":true,"href":"https:\/\/feuerwehr-vglambrecht.de\/cms\/wp-json\/wp\/v2\/categories?post=6503"},{"taxonomy":"post_tag","embeddable":true,"href":"https:\/\/feuerwehr-vglambrecht.de\/cms\/wp-json\/wp\/v2\/tags?post=6503"}],"curies":[{"name":"wp","href":"https:\/\/api.w.org\/{rel}","templated":true}]}}