{"id":6164,"date":"2017-11-29T13:38:53","date_gmt":"2017-11-29T12:38:53","guid":{"rendered":"https:\/\/feuerwehr-vglambrecht.de\/cms\/?p=6164"},"modified":"2017-11-29T13:38:53","modified_gmt":"2017-11-29T12:38:53","slug":"uebung-ausrueckebereich-west-esthal-frankeneck","status":"publish","type":"post","link":"https:\/\/feuerwehr-vglambrecht.de\/cms\/2017\/11\/29\/uebung-ausrueckebereich-west-esthal-frankeneck\/","title":{"rendered":"\u00dcbung Ausr\u00fcckebereich West ( Esthal, Frankeneck )"},"content":{"rendered":"<p>Brand in der Bruder Konrad Kirche in Esthal<br \/>\n( Quartals\u00fcbung der Feuerwehren des Ausr\u00fcckebereich West )<!--more--><\/p>\n<p>Am Dienstag den 28.November 2017 gegen 19:15 Uhr wurden die Feuerwehren Esthal und Frankeneck wegen eines Brandes in der Bruder Konrad Kirche in Esthal alarmiert. Das Ganze war nur ein gestelltes Szenario f\u00fcr die Quartals\u00fcbung des Ausr\u00fcckebereich West der VG Feuerwehr Lambrecht. Bei Wartungsarbeiten am Kompressor der Kirchenorgel kam es durch einen Kurzschluss zu einem Funkenflug, der den Dachstuhl der Kirche in Brand setzte. Beim Eintreffen des ersten Fahrzeugs der Feuerwehr Esthal schlugen schon die Flammen aus dem Dach der Kirche. Da noch zwei Personen im Geb\u00e4ude eingeschlossen waren, was bei der Erkundung festgestellt wurde, wurde zuerst eine Menschenrettung eingeleitet. Unter Atemschutz mit Wasser am Strahlrohr gingen zwei Trupps ins Innere des Geb\u00e4udes vor. Die Feuerwehr Frankeneck baute nach ihrem Eintreffen eine Riegelstellung auf, damit der Brand sich nicht auf den Rest der Kirche ausbreiten konnte und unterst\u00fctzte mit Atemschutzger\u00e4tetr\u00e4gern. Die noch vermissten Personen wurden schnell gefunden und wurden dem Rettungsdienst \u00fcbergeben. Bei der Brandbek\u00e4mpfung verletzte sich ein Feuerwehrmann, auch dies war nur gestellt, und wurde durch einen Rettungstrupp ins Freie gebracht.<\/p>\n<p>Ziel der \u00dcbung sollte sein: Intensivierung der Zusammenarbeit der Wehren im Ausr\u00fcckebereich West (Esthal, Frankeneck), richtiges Erkennen der Lage und Einleitung der erforderlichen Schritte, ggf. Nachalarmierungen, Vorgehen unter erschwerten Bedingungen mit schwerem Atemschutz zur Personenrettung.<\/p>\n\n<div class=\"ngg-galleryoverview\" id=\"ngg-gallery-178-6164\">\n\n\t<!-- Slideshow link -->\n\t<div class=\"slideshowlink\">\n\t\t<a class=\"slideshowlink\" href=\"https:\/\/feuerwehr-vglambrecht.de\/cms\/2017\/11\/29\/uebung-ausrueckebereich-west-esthal-frankeneck\/nggallery\/slideshow\">\n\t\t\t[Show as slideshow]\t\t<\/a>\n\t<\/div>\n\n\t\n\t<!-- Thumbnails -->\n\t\t\n\t<div id=\"ngg-image-1312\" class=\"ngg-gallery-thumbnail-box\"  >\n\t\t<div class=\"ngg-gallery-thumbnail\" >\n\t\t\t<a href=\"https:\/\/feuerwehr-vglambrecht.de\/cms\/wp-content\/gallery\/quartalsuebung-ausrueckebereich-west_1\/img_0918.jpg\" title=\" \" class=\"shutterset_set_178\" >\n\t\t\t\t\t\t\t\t<img loading=\"lazy\" decoding=\"async\" title=\"img_0918\" alt=\"img_0918\" src=\"https:\/\/feuerwehr-vglambrecht.de\/cms\/wp-content\/gallery\/quartalsuebung-ausrueckebereich-west_1\/thumbs\/thumbs_img_0918.jpg\" width=\"100\" height=\"75\" \/>\n\t\t\t\t\t\t\t<\/a>\n\t\t<\/div>\n\t<\/div>\n\t\n\t\t\n \t\t\n\t<div id=\"ngg-image-1313\" class=\"ngg-gallery-thumbnail-box\"  >\n\t\t<div class=\"ngg-gallery-thumbnail\" >\n\t\t\t<a href=\"https:\/\/feuerwehr-vglambrecht.de\/cms\/wp-content\/gallery\/quartalsuebung-ausrueckebereich-west_1\/img_0919.jpg\" title=\" \" class=\"shutterset_set_178\" >\n\t\t\t\t\t\t\t\t<img loading=\"lazy\" decoding=\"async\" title=\"img_0919\" alt=\"img_0919\" src=\"https:\/\/feuerwehr-vglambrecht.de\/cms\/wp-content\/gallery\/quartalsuebung-ausrueckebereich-west_1\/thumbs\/thumbs_img_0919.jpg\" width=\"100\" height=\"75\" \/>\n\t\t\t\t\t\t\t<\/a>\n\t\t<\/div>\n\t<\/div>\n\t\n\t\t\n \t\t\n\t<div id=\"ngg-image-1314\" class=\"ngg-gallery-thumbnail-box\"  >\n\t\t<div class=\"ngg-gallery-thumbnail\" >\n\t\t\t<a href=\"https:\/\/feuerwehr-vglambrecht.de\/cms\/wp-content\/gallery\/quartalsuebung-ausrueckebereich-west_1\/img_0920.jpg\" title=\" \" class=\"shutterset_set_178\" >\n\t\t\t\t\t\t\t\t<img loading=\"lazy\" decoding=\"async\" title=\"img_0920\" alt=\"img_0920\" src=\"https:\/\/feuerwehr-vglambrecht.de\/cms\/wp-content\/gallery\/quartalsuebung-ausrueckebereich-west_1\/thumbs\/thumbs_img_0920.jpg\" width=\"100\" height=\"75\" \/>\n\t\t\t\t\t\t\t<\/a>\n\t\t<\/div>\n\t<\/div>\n\t\n\t\t\n \t \t\n\t<!-- Pagination -->\n \t<div class='ngg-clear'><\/div>\n \t\n<\/div>\n\n\n<p>&nbsp;<\/p>\n","protected":false},"excerpt":{"rendered":"<p>Brand in der Bruder Konrad Kirche in Esthal ( Quartals\u00fcbung der Feuerwehren des Ausr\u00fcckebereich West )<\/p>\n","protected":false},"author":5,"featured_media":6169,"comment_status":"closed","ping_status":"closed","sticky":false,"template":"","format":"standard","meta":{"footnotes":""},"categories":[1],"tags":[],"class_list":["post-6164","post","type-post","status-publish","format-standard","has-post-thumbnail","hentry","category-allgemein"],"better_featured_image":{"id":6169,"alt_text":"","caption":"","description":"","media_type":"image","media_details":{"width":2560,"height":957,"file":"2017\/11\/IMG_0920-e1511958958944-scaled.jpg","filesize":264419,"sizes":{"medium_large":{"file":"IMG_0920-e1511958958944-768x287.jpg","width":768,"height":287,"mime-type":"image\/jpeg","filesize":32121,"source_url":"https:\/\/feuerwehr-vglambrecht.de\/cms\/wp-content\/uploads\/2017\/11\/IMG_0920-e1511958958944-768x287.jpg"},"1536x1536":{"file":"IMG_0920-e1511958958944-1536x574.jpg","width":1536,"height":574,"mime-type":"image\/jpeg","filesize":104894,"source_url":"https:\/\/feuerwehr-vglambrecht.de\/cms\/wp-content\/uploads\/2017\/11\/IMG_0920-e1511958958944-1536x574.jpg"},"2048x2048":{"file":"IMG_0920-e1511958958944-2048x765.jpg","width":2048,"height":765,"mime-type":"image\/jpeg","filesize":175626,"source_url":"https:\/\/feuerwehr-vglambrecht.de\/cms\/wp-content\/uploads\/2017\/11\/IMG_0920-e1511958958944-2048x765.jpg"},"wptouch-new-thumbnail":{"file":"IMG_0920-e1511958958944-144x144.jpg","width":144,"height":144,"mime-type":"image\/jpeg","filesize":5229,"source_url":"https:\/\/feuerwehr-vglambrecht.de\/cms\/wp-content\/uploads\/2017\/11\/IMG_0920-e1511958958944-144x144.jpg"},"landing_image":{"file":"IMG_0920-e1511958958944-1024x460.jpg","width":1024,"height":460,"mime-type":"image\/jpeg","filesize":62400,"source_url":"https:\/\/feuerwehr-vglambrecht.de\/cms\/wp-content\/uploads\/2017\/11\/IMG_0920-e1511958958944-1024x460.jpg"},"foundation-featured-image":{"file":"IMG_0920-e1511958958944-900x336.jpg","width":900,"height":336,"mime-type":"image\/jpeg","filesize":42138,"source_url":"https:\/\/feuerwehr-vglambrecht.de\/cms\/wp-content\/uploads\/2017\/11\/IMG_0920-e1511958958944-900x336.jpg"},"thumbnail":{"file":"IMG_0920-e1511958958944-150x150.jpg","width":150,"height":150,"source_url":"https:\/\/feuerwehr-vglambrecht.de\/cms\/wp-content\/uploads\/2017\/11\/IMG_0920-e1511958958944-150x150.jpg"},"medium":{"file":"IMG_0920-e1511958958944-300x112.jpg","width":300,"height":112,"source_url":"https:\/\/feuerwehr-vglambrecht.de\/cms\/wp-content\/uploads\/2017\/11\/IMG_0920-e1511958958944-300x112.jpg"},"large":{"file":"IMG_0920-e1511958958944-1024x383.jpg","width":1024,"height":383,"source_url":"https:\/\/feuerwehr-vglambrecht.de\/cms\/wp-content\/uploads\/2017\/11\/IMG_0920-e1511958958944-1024x383.jpg"}},"image_meta":{"aperture":"0","credit":"","camera":"","caption":"","created_timestamp":"0","copyright":"","focal_length":"0","iso":"0","shutter_speed":"0","title":"","orientation":"0","keywords":[]},"original_image":"IMG_0920-e1511958958944.jpg","image-converter":{"thumbnail":"IME","medium":"IME","large":"IME"}},"post":6164,"source_url":"https:\/\/feuerwehr-vglambrecht.de\/cms\/wp-content\/uploads\/2017\/11\/IMG_0920-e1511958958944-scaled.jpg"},"_links":{"self":[{"href":"https:\/\/feuerwehr-vglambrecht.de\/cms\/wp-json\/wp\/v2\/posts\/6164","targetHints":{"allow":["GET"]}}],"collection":[{"href":"https:\/\/feuerwehr-vglambrecht.de\/cms\/wp-json\/wp\/v2\/posts"}],"about":[{"href":"https:\/\/feuerwehr-vglambrecht.de\/cms\/wp-json\/wp\/v2\/types\/post"}],"author":[{"embeddable":true,"href":"https:\/\/feuerwehr-vglambrecht.de\/cms\/wp-json\/wp\/v2\/users\/5"}],"replies":[{"embeddable":true,"href":"https:\/\/feuerwehr-vglambrecht.de\/cms\/wp-json\/wp\/v2\/comments?post=6164"}],"version-history":[{"count":4,"href":"https:\/\/feuerwehr-vglambrecht.de\/cms\/wp-json\/wp\/v2\/posts\/6164\/revisions"}],"predecessor-version":[{"id":6168,"href":"https:\/\/feuerwehr-vglambrecht.de\/cms\/wp-json\/wp\/v2\/posts\/6164\/revisions\/6168"}],"wp:featuredmedia":[{"embeddable":true,"href":"https:\/\/feuerwehr-vglambrecht.de\/cms\/wp-json\/wp\/v2\/media\/6169"}],"wp:attachment":[{"href":"https:\/\/feuerwehr-vglambrecht.de\/cms\/wp-json\/wp\/v2\/media?parent=6164"}],"wp:term":[{"taxonomy":"category","embeddable":true,"href":"https:\/\/feuerwehr-vglambrecht.de\/cms\/wp-json\/wp\/v2\/categories?post=6164"},{"taxonomy":"post_tag","embeddable":true,"href":"https:\/\/feuerwehr-vglambrecht.de\/cms\/wp-json\/wp\/v2\/tags?post=6164"}],"curies":[{"name":"wp","href":"https:\/\/api.w.org\/{rel}","templated":true}]}}