{"id":5824,"date":"2017-07-27T21:06:39","date_gmt":"2017-07-27T19:06:39","guid":{"rendered":"https:\/\/feuerwehr-vglambrecht.de\/cms\/?p=5824"},"modified":"2017-08-16T14:07:02","modified_gmt":"2017-08-16T12:07:02","slug":"3-teilnahme-in-folge-beim-koelnturmlauf-fuer-die-feuerwehrsportgruppe-aus-lambrecht","status":"publish","type":"post","link":"https:\/\/feuerwehr-vglambrecht.de\/cms\/2017\/07\/27\/3-teilnahme-in-folge-beim-koelnturmlauf-fuer-die-feuerwehrsportgruppe-aus-lambrecht\/","title":{"rendered":"3. Teilnahme in Folge beim K\u00f6lnturmlauf f\u00fcr die Feuerwehrsportgruppe aus Lambrecht"},"content":{"rendered":"<p><span style=\"font-family: Calibri;\"><span style=\"font-size: medium;\">Am 23.07.2017 machten sich insgesamt 7 Angeh\u00f6rige der Feuerwehreinheit Lambrecht auf den langen Weg nach K\u00f6ln, zum diesj\u00e4hrigen K\u00f6lnturmlauf, welcher bereits zum f\u00fcnften Mal ausgetragen wurde.<\/span><\/span><!--more--><\/p>\n<p><span style=\"font-family: Calibri;\"><span style=\"font-size: medium;\">Um Punkt 10 Uhr fiel der Startschuss in der Kategorie \u201eFeuerwehr-Wertung \u2013 ohne angeschlossene Atemschutzmaske\u201c, jedoch mit kompletter Feuerwehr Schutzausr\u00fcstung und Atemschutzger\u00e4t auf dem R\u00fccken, was jedem L\u00e4ufer ein Zusatzgewicht von ca. 30 Kg beschert.\u00a0<\/span><\/span><span style=\"font-size: medium; font-family: Calibri;\">Die 3 Teams die in dieser Disziplin an den Start gingen, erreichten alle das Ziel nach 714 Stufen und 132 H\u00f6henmetern im 39. Stock.<\/span><\/p>\n<p><span style=\"font-family: Calibri;\"><span style=\"font-size: medium;\">Sascha K\u00f6ppler und Andy Schwerdel belegten den 20. Platz mit einer Zeit von 09 Min. und 56 Sek.<\/span><\/span><span style=\"font-family: Calibri;\"><span style=\"font-size: medium;\">Einen Platz dahinter auf Platz 21 folgten die Kameraden Peter M\u00fcller und Sven Wolf mit 10 Min. und 07 Sek. <\/span><\/span><span style=\"font-family: Calibri;\"><span style=\"font-size: medium;\">Das 3. Team um Marcel Jung und Kevin Bredthauer wurde 44. mit 20 Min. und 17 Sek.<\/span><\/span><\/p>\n<p><span style=\"font-family: Calibri;\"><span style=\"font-size: medium;\">Nicht genug von den Strapazen bekamen Sascha K\u00f6ppler und Sven Wolf, die gemeinsam mit einem weiteren Feuerwehrangeh\u00f6rigen aus Neustadt a. d. Weinstra\u00dfe sowie Rene Wei\u00df aus der Feuerwehr Lambrecht nochmals an den Start gingen, jedoch in der Sportlerwertung ohne Feuerwehrausr\u00fcstung. <\/span><\/span><span style=\"font-family: Calibri;\"><span style=\"font-size: medium;\">Sascha K\u00f6ppler und Bryan Reitz aus Neustadt landeten nach 07 Min. und 09 Sek. auf dem 14. Platz. Rene Wei\u00df und Sven Wolf erreichten den 39. Stock nach 10 Min. und 23 Sek. und Platz 21.<\/span><\/span><\/p>\n<p><span style=\"font-family: Calibri;\"><span style=\"font-size: medium;\">Anschlie\u00dfend ging es gemeinsam mit den Feuerwehrkollegen aus Neustadt durch die bekannte Rheinmetropole K\u00f6ln zu bekannten Sehensw\u00fcrdigkeiten wie dem Dom oder der Hohenzollernbr\u00fccke.<\/span><\/span><\/p>\n<p><span style=\"font-family: Calibri;\"><span style=\"font-size: medium;\">Die Feuerwehr Lambrecht ist somit bereits zum dritten Mal in Folge am Start des K\u00f6lnturmlaufes gewesen und freut sich jetzt bereits auf ein Wiedersehen in 2018.<\/span><\/span><\/p>\n<p>Bild 1: Mannschaftsbild der Feuerwehrkollegen aus Lambrecht und Neustadt<\/p>\n<p>Bild 2: Sascha K\u00f6ppler und Andy Schwerdel kurz nach dem Startschuss<\/p>\n<p>Bild 3: Sportlerwertung ohne Feuerwehrschutzausr\u00fcstung<\/p>\n<p>&nbsp;<\/p>\n\n<div class=\"ngg-galleryoverview\" id=\"ngg-gallery-162-5824\">\n\n\t<!-- Slideshow link -->\n\t<div class=\"slideshowlink\">\n\t\t<a class=\"slideshowlink\" href=\"https:\/\/feuerwehr-vglambrecht.de\/cms\/2017\/07\/27\/3-teilnahme-in-folge-beim-koelnturmlauf-fuer-die-feuerwehrsportgruppe-aus-lambrecht\/nggallery\/slideshow\">\n\t\t\t[Show as slideshow]\t\t<\/a>\n\t<\/div>\n\n\t\n\t<!-- Thumbnails -->\n\t\t\n\t<div id=\"ngg-image-1228\" class=\"ngg-gallery-thumbnail-box\"  >\n\t\t<div class=\"ngg-gallery-thumbnail\" >\n\t\t\t<a href=\"https:\/\/feuerwehr-vglambrecht.de\/cms\/wp-content\/gallery\/koeln\/img-20170723-wa0001.jpg\" title=\" \" class=\"shutterset_set_162\" >\n\t\t\t\t\t\t\t\t<img loading=\"lazy\" decoding=\"async\" title=\"img-20170723-wa0001\" alt=\"img-20170723-wa0001\" src=\"https:\/\/feuerwehr-vglambrecht.de\/cms\/wp-content\/gallery\/koeln\/thumbs\/thumbs_img-20170723-wa0001.jpg\" width=\"100\" height=\"75\" \/>\n\t\t\t\t\t\t\t<\/a>\n\t\t<\/div>\n\t<\/div>\n\t\n\t\t\n \t\t\n\t<div id=\"ngg-image-1229\" class=\"ngg-gallery-thumbnail-box\"  >\n\t\t<div class=\"ngg-gallery-thumbnail\" >\n\t\t\t<a href=\"https:\/\/feuerwehr-vglambrecht.de\/cms\/wp-content\/gallery\/koeln\/img-20170723-wa0027.jpg\" title=\" \" class=\"shutterset_set_162\" >\n\t\t\t\t\t\t\t\t<img loading=\"lazy\" decoding=\"async\" title=\"img-20170723-wa0027\" alt=\"img-20170723-wa0027\" src=\"https:\/\/feuerwehr-vglambrecht.de\/cms\/wp-content\/gallery\/koeln\/thumbs\/thumbs_img-20170723-wa0027.jpg\" width=\"100\" height=\"75\" \/>\n\t\t\t\t\t\t\t<\/a>\n\t\t<\/div>\n\t<\/div>\n\t\n\t\t\n \t\t\n\t<div id=\"ngg-image-1230\" class=\"ngg-gallery-thumbnail-box\"  >\n\t\t<div class=\"ngg-gallery-thumbnail\" >\n\t\t\t<a href=\"https:\/\/feuerwehr-vglambrecht.de\/cms\/wp-content\/gallery\/koeln\/img-20170726-wa0000.jpg\" title=\" \" class=\"shutterset_set_162\" >\n\t\t\t\t\t\t\t\t<img loading=\"lazy\" decoding=\"async\" title=\"img-20170726-wa0000\" alt=\"img-20170726-wa0000\" src=\"https:\/\/feuerwehr-vglambrecht.de\/cms\/wp-content\/gallery\/koeln\/thumbs\/thumbs_img-20170726-wa0000.jpg\" width=\"100\" height=\"75\" \/>\n\t\t\t\t\t\t\t<\/a>\n\t\t<\/div>\n\t<\/div>\n\t\n\t\t\n \t \t\n\t<!-- Pagination -->\n \t<div class='ngg-clear'><\/div>\n \t\n<\/div>\n\n\n","protected":false},"excerpt":{"rendered":"<p>Am 23.07.2017 machten sich insgesamt 7 Angeh\u00f6rige der Feuerwehreinheit Lambrecht auf den langen Weg nach K\u00f6ln, zum diesj\u00e4hrigen K\u00f6lnturmlauf, welcher bereits zum f\u00fcnften Mal ausgetragen wurde.<\/p>\n","protected":false},"author":2,"featured_media":5892,"comment_status":"closed","ping_status":"closed","sticky":false,"template":"","format":"standard","meta":{"footnotes":""},"categories":[1,241],"tags":[259,274],"class_list":["post-5824","post","type-post","status-publish","format-standard","has-post-thumbnail","hentry","category-allgemein","category-feuerwehrsportgruppe","tag-feuerwehrsportgruppe","tag-koelnturmlauf"],"better_featured_image":{"id":5892,"alt_text":"","caption":"","description":"","media_type":"image","media_details":{"width":810,"height":432,"file":"2017\/07\/turmlauf_header.jpg","filesize":324072,"sizes":{"medium_large":{"file":"turmlauf_header-768x410.jpg","width":768,"height":410,"mime-type":"image\/jpeg","filesize":70495,"source_url":"https:\/\/feuerwehr-vglambrecht.de\/cms\/wp-content\/uploads\/2017\/07\/turmlauf_header-768x410.jpg"},"wptouch-new-thumbnail":{"file":"turmlauf_header-144x144.jpg","width":144,"height":144,"mime-type":"image\/jpeg","filesize":7137,"source_url":"https:\/\/feuerwehr-vglambrecht.de\/cms\/wp-content\/uploads\/2017\/07\/turmlauf_header-144x144.jpg"},"thumbnail":{"file":"turmlauf_header-150x150.jpg","width":150,"height":150,"source_url":"https:\/\/feuerwehr-vglambrecht.de\/cms\/wp-content\/uploads\/2017\/07\/turmlauf_header-150x150.jpg"},"medium":{"file":"turmlauf_header-300x160.jpg","width":300,"height":160,"source_url":"https:\/\/feuerwehr-vglambrecht.de\/cms\/wp-content\/uploads\/2017\/07\/turmlauf_header-300x160.jpg"}},"image_meta":{"aperture":"0","credit":"","camera":"","caption":"","created_timestamp":"0","copyright":"","focal_length":"0","iso":"0","shutter_speed":"0","title":"","orientation":"0","keywords":[]},"image-converter":{"thumbnail":"IME","medium":"IME"}},"post":5824,"source_url":"https:\/\/feuerwehr-vglambrecht.de\/cms\/wp-content\/uploads\/2017\/07\/turmlauf_header.jpg"},"_links":{"self":[{"href":"https:\/\/feuerwehr-vglambrecht.de\/cms\/wp-json\/wp\/v2\/posts\/5824","targetHints":{"allow":["GET"]}}],"collection":[{"href":"https:\/\/feuerwehr-vglambrecht.de\/cms\/wp-json\/wp\/v2\/posts"}],"about":[{"href":"https:\/\/feuerwehr-vglambrecht.de\/cms\/wp-json\/wp\/v2\/types\/post"}],"author":[{"embeddable":true,"href":"https:\/\/feuerwehr-vglambrecht.de\/cms\/wp-json\/wp\/v2\/users\/2"}],"replies":[{"embeddable":true,"href":"https:\/\/feuerwehr-vglambrecht.de\/cms\/wp-json\/wp\/v2\/comments?post=5824"}],"version-history":[{"count":5,"href":"https:\/\/feuerwehr-vglambrecht.de\/cms\/wp-json\/wp\/v2\/posts\/5824\/revisions"}],"predecessor-version":[{"id":5891,"href":"https:\/\/feuerwehr-vglambrecht.de\/cms\/wp-json\/wp\/v2\/posts\/5824\/revisions\/5891"}],"wp:featuredmedia":[{"embeddable":true,"href":"https:\/\/feuerwehr-vglambrecht.de\/cms\/wp-json\/wp\/v2\/media\/5892"}],"wp:attachment":[{"href":"https:\/\/feuerwehr-vglambrecht.de\/cms\/wp-json\/wp\/v2\/media?parent=5824"}],"wp:term":[{"taxonomy":"category","embeddable":true,"href":"https:\/\/feuerwehr-vglambrecht.de\/cms\/wp-json\/wp\/v2\/categories?post=5824"},{"taxonomy":"post_tag","embeddable":true,"href":"https:\/\/feuerwehr-vglambrecht.de\/cms\/wp-json\/wp\/v2\/tags?post=5824"}],"curies":[{"name":"wp","href":"https:\/\/api.w.org\/{rel}","templated":true}]}}