{"id":5732,"date":"2017-06-28T18:25:14","date_gmt":"2017-06-28T16:25:14","guid":{"rendered":"https:\/\/feuerwehr-vglambrecht.de\/cms\/?p=5732"},"modified":"2017-06-29T17:40:28","modified_gmt":"2017-06-29T15:40:28","slug":"sportlicher-monat-fuer-die-feuerwehrsportgruppe","status":"publish","type":"post","link":"https:\/\/feuerwehr-vglambrecht.de\/cms\/2017\/06\/28\/sportlicher-monat-fuer-die-feuerwehrsportgruppe\/","title":{"rendered":"Sportlicher Monat f\u00fcr die Feuerwehrsportgruppe"},"content":{"rendered":"<h2><strong>Sportlicher Monat f\u00fcr die Feuerwehrsportgruppe &#8211; \u00a0In einem Monat nahm die Feuerwehrsportgruppe an 4 Sportevents teil und h\u00e4lt sich somit f\u00fcr den Einsatzdienst fit.<\/strong><\/h2>\n<p><!--more--><\/p>\n<p>Am 10.06.2017 nahmen 8 Kameraden der Feuerwehr Lambrecht am 3. Treppenlauf im Rathaus Kaiserslautern\u00a0teil. In Feuerwehrschutzausr\u00fcstung und einem zus\u00e4tzlichen Gewicht von ca. 30 Kilogramm ging es f\u00fcr die Teilnehmer\u00a0\u00fcber 414 Stufen und\u00a022 Etagen hinauf auf die Dachterrasse in 73 Metern. Folgende Platzierungen haben die Teams hierbei erzielt:<\/p>\n<p>Simon Lukas Nowotny u. Sven Wolf &#8211; Platz 21 (4 min. 11 sek.)<br \/>\nPeter M\u00fcller u. Andy K\u00f6hler &#8211; Platz 46 (4 min. 52 sek.)<br \/>\nTobias Pfeifer u. Marcel Jung &#8211; Platz 54 (5 min. 05 sek.)<br \/>\nSascha K\u00f6ppler u. Andy Schwerdel &#8211; Platz\u00a055 (5 min. 06 sek.)<\/p>\n<p>Die Feuerwehrsportgruppe ist somit\u00a0seit der Gr\u00fcndung des Treppenlaufes im Rathaus in Kaiserslautern von Anfang an mit mehreren Teams am Start gewesen und plant auch zuk\u00fcnftig an der Veranstaltung teilzunehmen.<\/p>\n<p>Am\u00a011.06.2017 machten sich drei L\u00e4ufer, die bereits am Tag zuvor in Kaiserslautern aktiv waren, auf den Weg nach<br \/>\nFrankfurt, wo der h\u00f6chste Treppenhauslauf in Europa ausgetragen wurde. Das Team um Sascha K\u00f6ppler,\u00a0Andy Schwerdel und Sven Wolf hatten hierbei eine deutlich schwierigere Aufgabe zu bew\u00e4ltigen. Mit 61 Stockwerken,\u00a0222 H\u00f6henmetern und 1.202 Stufen gilt der MesseTurm als h\u00f6chstes Geb\u00e4ude Europa\u00b4s in dem Treppenl\u00e4ufe ausgetragen werden. Auch hier kam als zus\u00e4tzliche Belastung die eingeschr\u00e4nkte Beweglichkeit durch die Schutzausr\u00fcstung\u00a0sowie das zus\u00e4tzliche Gewicht des Atemschutzger\u00e4tes\u00a0hinzu.<\/p>\n<p>In der Einzelwertung belegten die drei die Pl\u00e4tze 75 (Sascha K\u00f6ppler &#8211; 18 min. 37 sek.), 87 (Sven Wolf &#8211; 19 min. 27 sek.)<br \/>\nund 102 (Andy Schwerdel &#8211; 23 min. 32 sek.). In der Gesamtwertung als Team belegte man\u00a0den 32. Platz mit einer Gesamtzeit<br \/>\nvon 01 std. 01 min.<\/p>\n<p>Vom 14.06.-17.06.2017 nahmen 5 Mitglieder der Sportgruppe den weiten Weg nach Wacken in Schleswig-Holstein\u00a0auf sich.<br \/>\nUrspr\u00fcnglich bekannt wurde der kleine Ort durch das im Jahr 1990 gegr\u00fcndete Heavy-Metal-Festival &#8222;Wacken Open Air.<br \/>\nGrund daf\u00fcr war jedoch der j\u00e4hrliche StrongmanRun, ein Hindernislauf durch Wasser, Schlamm, Kletterh\u00fcrden und<br \/>\ngr\u00f6\u00dftenteils unwegsames Gel\u00e4nde. Auf einer Strecke von 10 Kilometern mussten die Teilnehmer hierbei 20 Hindernisse<br \/>\n\u00fcberwinden.<br \/>\nAn den Start f\u00fcr diese Distanz im Namen der Feuerwehr Lambrecht gingen hier Peter M\u00fcller und Christopher\u00a0Karkosch, die die Runde nach\u00a001 std. 03 min. und 01 std. 21 min. und den Platzierungen 26. und 160. abschlossen.\u00a0F\u00fcr die Langdistanz (2 Runden) traten an Sascha K\u00f6ppler, Simon Lukas Nowotony und Sven Wolf. Die beiden letzteren\u00a0\u00fcberquerten zeitgleich die Ziellinie mit einer Zeit von 02 std. und\u00a014 min. und sicherten sich Platz 42 und 44. Sascha\u00a0K\u00f6ppler wurde 126. mit einer Zeit von 02 std. 43 min.<br \/>\nVerbunden wurde der weite Ausflug in den Norden mit dem Besuch einer \u00f6rtlichen Feuerwehr sowie der naheliegenden\u00a0Nordsee.<br \/>\nSomit war die Teilnahme an diesem Event die bisher weiteste Anreise, mit fast 700 Kilometern\u00a0(einfach),\u00a0f\u00fcr die\u00a0Sportgruppe. Dennoch freuen sich die Teilnehmer jetzt bereits auf den Lauf im n\u00e4chsten Jahr.<\/p>\n<p>Zu guter letzt ging es f\u00fcr 2 Kameraden der Feuerwehr Lambrecht (Sascha K\u00f6ppler und Sven Wolf)\u00a0zusammen mit sechs<br \/>\nweiteren Freunden vom 23.06.-24.06.2017 nach Garmisch-Partenkirchen. Hierbei nahm man den Angriff auf deutschlands h\u00f6chsten Berg &#8211; der Zugspitze &#8211; auf sich.<br \/>\n\u00dcber die Partnachklamm und das Reintal ging es \u00fcber die Reintalangerh\u00fctte, der Knorrh\u00fctte, zu Sonn Alpin auf 2.600\u00a0Metern und vor dort zum letzten knackigen Anstieg zur Zugspitze auf 2.962 Metern. Innerhalb von 2 Tage wurden 24 Kilometer und\u00a0fast 2.800 H\u00f6henmeter \u00fcberwunden.<\/p>\n<div>\n<p>Somit blickt die Feuerwehrsportgruppe auf einen sehr ereignisreichen Monat Juni zur\u00fcck und die Kameraden freuen sich\u00a0auf weitere sportliche Herausforderungen in naher\u00a0Zukunft, gem\u00e4\u00df dem Motto &#8211; &#8222;Fit for Firefighting&#8220;.<\/p>\n<\/div>\n\n<div class=\"ngg-galleryoverview\" id=\"ngg-gallery-155-5732\">\n\n\t<!-- Slideshow link -->\n\t<div class=\"slideshowlink\">\n\t\t<a class=\"slideshowlink\" href=\"https:\/\/feuerwehr-vglambrecht.de\/cms\/2017\/06\/28\/sportlicher-monat-fuer-die-feuerwehrsportgruppe\/nggallery\/slideshow\">\n\t\t\t[Show as slideshow]\t\t<\/a>\n\t<\/div>\n\n\t\n\t<!-- Thumbnails -->\n\t\t\n\t<div id=\"ngg-image-1183\" class=\"ngg-gallery-thumbnail-box\"  >\n\t\t<div class=\"ngg-gallery-thumbnail\" >\n\t\t\t<a href=\"https:\/\/feuerwehr-vglambrecht.de\/cms\/wp-content\/gallery\/sportgruppe_juni\/treppenlauf-frankfurt.jpg\" title=\" \" class=\"shutterset_set_155\" >\n\t\t\t\t\t\t\t\t<img loading=\"lazy\" decoding=\"async\" title=\"treppenlauf-frankfurt\" alt=\"treppenlauf-frankfurt\" src=\"https:\/\/feuerwehr-vglambrecht.de\/cms\/wp-content\/gallery\/sportgruppe_juni\/thumbs\/thumbs_treppenlauf-frankfurt.jpg\" width=\"100\" height=\"75\" \/>\n\t\t\t\t\t\t\t<\/a>\n\t\t<\/div>\n\t<\/div>\n\t\n\t\t\n \t\t\n\t<div id=\"ngg-image-1184\" class=\"ngg-gallery-thumbnail-box\"  >\n\t\t<div class=\"ngg-gallery-thumbnail\" >\n\t\t\t<a href=\"https:\/\/feuerwehr-vglambrecht.de\/cms\/wp-content\/gallery\/sportgruppe_juni\/treppenlauf-kaiserslautern.jpg\" title=\" \" class=\"shutterset_set_155\" >\n\t\t\t\t\t\t\t\t<img loading=\"lazy\" decoding=\"async\" title=\"treppenlauf-kaiserslautern\" alt=\"treppenlauf-kaiserslautern\" src=\"https:\/\/feuerwehr-vglambrecht.de\/cms\/wp-content\/gallery\/sportgruppe_juni\/thumbs\/thumbs_treppenlauf-kaiserslautern.jpg\" width=\"100\" height=\"75\" \/>\n\t\t\t\t\t\t\t<\/a>\n\t\t<\/div>\n\t<\/div>\n\t\n\t\t\n \t\t\n\t<div id=\"ngg-image-1185\" class=\"ngg-gallery-thumbnail-box\"  >\n\t\t<div class=\"ngg-gallery-thumbnail\" >\n\t\t\t<a href=\"https:\/\/feuerwehr-vglambrecht.de\/cms\/wp-content\/gallery\/sportgruppe_juni\/wacken.jpg\" title=\" \" class=\"shutterset_set_155\" >\n\t\t\t\t\t\t\t\t<img loading=\"lazy\" decoding=\"async\" title=\"wacken\" alt=\"wacken\" src=\"https:\/\/feuerwehr-vglambrecht.de\/cms\/wp-content\/gallery\/sportgruppe_juni\/thumbs\/thumbs_wacken.jpg\" width=\"100\" height=\"75\" \/>\n\t\t\t\t\t\t\t<\/a>\n\t\t<\/div>\n\t<\/div>\n\t\n\t\t\n \t\t\n\t<div id=\"ngg-image-1186\" class=\"ngg-gallery-thumbnail-box\"  >\n\t\t<div class=\"ngg-gallery-thumbnail\" >\n\t\t\t<a href=\"https:\/\/feuerwehr-vglambrecht.de\/cms\/wp-content\/gallery\/sportgruppe_juni\/zugspitze.jpg\" title=\" \" class=\"shutterset_set_155\" >\n\t\t\t\t\t\t\t\t<img loading=\"lazy\" decoding=\"async\" title=\"zugspitze\" alt=\"zugspitze\" src=\"https:\/\/feuerwehr-vglambrecht.de\/cms\/wp-content\/gallery\/sportgruppe_juni\/thumbs\/thumbs_zugspitze.jpg\" width=\"100\" height=\"75\" \/>\n\t\t\t\t\t\t\t<\/a>\n\t\t<\/div>\n\t<\/div>\n\t\n\t\t\n \t \t\n\t<!-- Pagination -->\n \t<div class='ngg-clear'><\/div>\n \t\n<\/div>\n\n\n","protected":false},"excerpt":{"rendered":"<p>Sportlicher Monat f\u00fcr die Feuerwehrsportgruppe &#8211; \u00a0In einem Monat nahm die Feuerwehrsportgruppe an 4 Sportevents teil und h\u00e4lt sich somit f\u00fcr den Einsatzdienst fit.<\/p>\n","protected":false},"author":2,"featured_media":5734,"comment_status":"closed","ping_status":"closed","sticky":false,"template":"","format":"standard","meta":{"footnotes":""},"categories":[1,241],"tags":[259,142,264,262,261,263,260],"class_list":["post-5732","post","type-post","status-publish","format-standard","has-post-thumbnail","hentry","category-allgemein","category-feuerwehrsportgruppe","tag-feuerwehrsportgruppe","tag-lambrecht","tag-strongmanrun","tag-treppenlaufffm","tag-treppenlaufkl","tag-wacken","tag-zugspitze"],"better_featured_image":{"id":5734,"alt_text":"","caption":"","description":"","media_type":"image","media_details":{"width":2048,"height":1054,"file":"2017\/06\/Treppenlauf-Kaiserslautern-e1498750819394.jpg","filesize":334527,"sizes":{"medium_large":{"file":"Treppenlauf-Kaiserslautern-e1498750819394-768x395.jpg","width":768,"height":395,"mime-type":"image\/jpeg","filesize":70060,"source_url":"https:\/\/feuerwehr-vglambrecht.de\/cms\/wp-content\/uploads\/2017\/06\/Treppenlauf-Kaiserslautern-e1498750819394-768x395.jpg"},"1536x1536":{"file":"Treppenlauf-Kaiserslautern-e1498750819394-1536x791.jpg","width":1536,"height":791,"mime-type":"image\/jpeg","filesize":212122,"source_url":"https:\/\/feuerwehr-vglambrecht.de\/cms\/wp-content\/uploads\/2017\/06\/Treppenlauf-Kaiserslautern-e1498750819394-1536x791.jpg"},"wptouch-new-thumbnail":{"file":"Treppenlauf-Kaiserslautern-e1498750819394-144x144.jpg","width":144,"height":144,"mime-type":"image\/jpeg","filesize":7453,"source_url":"https:\/\/feuerwehr-vglambrecht.de\/cms\/wp-content\/uploads\/2017\/06\/Treppenlauf-Kaiserslautern-e1498750819394-144x144.jpg"},"landing_image":{"file":"Treppenlauf-Kaiserslautern-e1498750819394-1024x460.jpg","width":1024,"height":460,"mime-type":"image\/jpeg","filesize":99666,"source_url":"https:\/\/feuerwehr-vglambrecht.de\/cms\/wp-content\/uploads\/2017\/06\/Treppenlauf-Kaiserslautern-e1498750819394-1024x460.jpg"},"foundation-featured-image":{"file":"Treppenlauf-Kaiserslautern-e1498750819394-900x463.jpg","width":900,"height":463,"mime-type":"image\/jpeg","filesize":90055,"source_url":"https:\/\/feuerwehr-vglambrecht.de\/cms\/wp-content\/uploads\/2017\/06\/Treppenlauf-Kaiserslautern-e1498750819394-900x463.jpg"},"thumbnail":{"file":"Treppenlauf-Kaiserslautern-e1498750819394-150x150.jpg","width":150,"height":150,"source_url":"https:\/\/feuerwehr-vglambrecht.de\/cms\/wp-content\/uploads\/2017\/06\/Treppenlauf-Kaiserslautern-e1498750819394-150x150.jpg"},"medium":{"file":"Treppenlauf-Kaiserslautern-e1498750819394-300x154.jpg","width":300,"height":154,"source_url":"https:\/\/feuerwehr-vglambrecht.de\/cms\/wp-content\/uploads\/2017\/06\/Treppenlauf-Kaiserslautern-e1498750819394-300x154.jpg"},"large":{"file":"Treppenlauf-Kaiserslautern-e1498750819394-1024x527.jpg","width":1024,"height":527,"source_url":"https:\/\/feuerwehr-vglambrecht.de\/cms\/wp-content\/uploads\/2017\/06\/Treppenlauf-Kaiserslautern-e1498750819394-1024x527.jpg"}},"image_meta":{"aperture":"0","credit":"","camera":"","caption":"","created_timestamp":"0","copyright":"","focal_length":"0","iso":"0","shutter_speed":"0","title":"","orientation":"0","keywords":[]},"image-converter":{"thumbnail":"IME","medium":"IME","large":"IME"}},"post":5732,"source_url":"https:\/\/feuerwehr-vglambrecht.de\/cms\/wp-content\/uploads\/2017\/06\/Treppenlauf-Kaiserslautern-e1498750819394.jpg"},"_links":{"self":[{"href":"https:\/\/feuerwehr-vglambrecht.de\/cms\/wp-json\/wp\/v2\/posts\/5732","targetHints":{"allow":["GET"]}}],"collection":[{"href":"https:\/\/feuerwehr-vglambrecht.de\/cms\/wp-json\/wp\/v2\/posts"}],"about":[{"href":"https:\/\/feuerwehr-vglambrecht.de\/cms\/wp-json\/wp\/v2\/types\/post"}],"author":[{"embeddable":true,"href":"https:\/\/feuerwehr-vglambrecht.de\/cms\/wp-json\/wp\/v2\/users\/2"}],"replies":[{"embeddable":true,"href":"https:\/\/feuerwehr-vglambrecht.de\/cms\/wp-json\/wp\/v2\/comments?post=5732"}],"version-history":[{"count":11,"href":"https:\/\/feuerwehr-vglambrecht.de\/cms\/wp-json\/wp\/v2\/posts\/5732\/revisions"}],"predecessor-version":[{"id":5753,"href":"https:\/\/feuerwehr-vglambrecht.de\/cms\/wp-json\/wp\/v2\/posts\/5732\/revisions\/5753"}],"wp:featuredmedia":[{"embeddable":true,"href":"https:\/\/feuerwehr-vglambrecht.de\/cms\/wp-json\/wp\/v2\/media\/5734"}],"wp:attachment":[{"href":"https:\/\/feuerwehr-vglambrecht.de\/cms\/wp-json\/wp\/v2\/media?parent=5732"}],"wp:term":[{"taxonomy":"category","embeddable":true,"href":"https:\/\/feuerwehr-vglambrecht.de\/cms\/wp-json\/wp\/v2\/categories?post=5732"},{"taxonomy":"post_tag","embeddable":true,"href":"https:\/\/feuerwehr-vglambrecht.de\/cms\/wp-json\/wp\/v2\/tags?post=5732"}],"curies":[{"name":"wp","href":"https:\/\/api.w.org\/{rel}","templated":true}]}}