{"id":5706,"date":"2017-06-24T11:54:28","date_gmt":"2017-06-24T09:54:28","guid":{"rendered":"https:\/\/feuerwehr-vglambrecht.de\/cms\/?p=5706"},"modified":"2017-06-24T11:54:28","modified_gmt":"2017-06-24T09:54:28","slug":"feuerwehr-uebt-den-ernstfall-in-der-grundschule-weidenthal","status":"publish","type":"post","link":"https:\/\/feuerwehr-vglambrecht.de\/cms\/2017\/06\/24\/feuerwehr-uebt-den-ernstfall-in-der-grundschule-weidenthal\/","title":{"rendered":"Feuerwehr \u00fcbt den Ernstfall in der Grundschule Weidenthal"},"content":{"rendered":"<p>Am zweiten Freitag im Juni fanden sich die Feuerwehren Weidenthal und Neidenfels zusammen, um in der Grundschule Weidenthal den Ernstfall zu \u00fcben.<\/p>\n<p>Angenommen wurde, dass sich der Dachstuhl der Grundschule entz\u00fcndet hatte und nun in Vollbrand steht. Doch befinden sich noch einige Sch\u00fcler in verschiedenen R\u00e4umen, der zum Teil verrauchten Schule.<\/p>\n<p>Die Feuerwehr ging mit mehreren Trupps unter Atemschutz ins Geb\u00e4ude vor, um die verschiedenen R\u00e4ume nach den vermissten Sch\u00fclern zu durchsuchen. Hierbei kam auch eine W\u00e4rmebildkamera zum Einsatz, um in verrauchten Bereichen vermissten Sch\u00fcler anhand ihrer K\u00f6rperw\u00e4rme leichter aufsp\u00fcren zu k\u00f6nnen. W\u00e4hrenddessen bauten weitere Einsatzkr\u00e4fte eine Wasserversorgung auf um ihre Kameraden im inneren eine Sicherung zu verschaffen und den Brand von au\u00dfen zu bek\u00e4mpfen.<!--more--><\/p>\n<p>Die Feuerwehr konnte alle vermissten Sch\u00fcler finden und \u201erettete\u201c sie durch das Treppenhaus, oder durch eine von au\u00dfen an das Fenster gestellte Steckleiter. Auf dieser konnten die Geretteten, entsprechend gesichert, in den sicheren Schulhof hinuntersteigen.<\/p>\n<p>Die Feuerwehr konnte sich bei dieser \u00dcbung mit den r\u00e4umlichen Gegebenheiten der Grundschule vertraut machen und verschiedene Arten des Suchens und Rettens \u00fcben. Ebenso konnten die Kinder bei dieser \u00dcbung lernen, dass man vor einem Atemschutzger\u00e4tetr\u00e4ger keine Angst haben muss, sondern dass sie nur freundliche Feuerwehrleute sind, die dich retten wollen.<\/p>\n<p>Wir danken der Grundschule Weidenthal, die uns diese \u00dcbung erm\u00f6glicht hat.<\/p>\n\n<div class=\"ngg-galleryoverview\" id=\"ngg-gallery-154-5706\">\n\n\t<!-- Slideshow link -->\n\t<div class=\"slideshowlink\">\n\t\t<a class=\"slideshowlink\" href=\"https:\/\/feuerwehr-vglambrecht.de\/cms\/2017\/06\/24\/feuerwehr-uebt-den-ernstfall-in-der-grundschule-weidenthal\/nggallery\/slideshow\">\n\t\t\t[Show as slideshow]\t\t<\/a>\n\t<\/div>\n\n\t\n\t<!-- Thumbnails -->\n\t\t\n\t<div id=\"ngg-image-1173\" class=\"ngg-gallery-thumbnail-box\"  >\n\t\t<div class=\"ngg-gallery-thumbnail\" >\n\t\t\t<a href=\"https:\/\/feuerwehr-vglambrecht.de\/cms\/wp-content\/gallery\/uebung-grundschule-weidenthal\/img-20170609-wa0005.jpg\" title=\" \" class=\"shutterset_set_154\" >\n\t\t\t\t\t\t\t\t<img loading=\"lazy\" decoding=\"async\" title=\"Vorruecken in das Gebaude\" alt=\"Vorruecken in das Gebaude\" src=\"https:\/\/feuerwehr-vglambrecht.de\/cms\/wp-content\/gallery\/uebung-grundschule-weidenthal\/thumbs\/thumbs_img-20170609-wa0005.jpg\" width=\"100\" height=\"75\" \/>\n\t\t\t\t\t\t\t<\/a>\n\t\t<\/div>\n\t<\/div>\n\t\n\t\t\n \t\t\n\t<div id=\"ngg-image-1182\" class=\"ngg-gallery-thumbnail-box\"  >\n\t\t<div class=\"ngg-gallery-thumbnail\" >\n\t\t\t<a href=\"https:\/\/feuerwehr-vglambrecht.de\/cms\/wp-content\/gallery\/uebung-grundschule-weidenthal\/img-20170609-wa0010.jpg\" title=\" \" class=\"shutterset_set_154\" >\n\t\t\t\t\t\t\t\t<img loading=\"lazy\" decoding=\"async\" title=\"Vorf\u00fchrung W\u00e4rmebildkamera\" alt=\"Vorf\u00fchrung W\u00e4rmebildkamera\" src=\"https:\/\/feuerwehr-vglambrecht.de\/cms\/wp-content\/gallery\/uebung-grundschule-weidenthal\/thumbs\/thumbs_img-20170609-wa0010.jpg\" width=\"100\" height=\"75\" \/>\n\t\t\t\t\t\t\t<\/a>\n\t\t<\/div>\n\t<\/div>\n\t\n\t\t\n \t\t\n\t<div id=\"ngg-image-1179\" class=\"ngg-gallery-thumbnail-box\"  >\n\t\t<div class=\"ngg-gallery-thumbnail\" >\n\t\t\t<a href=\"https:\/\/feuerwehr-vglambrecht.de\/cms\/wp-content\/gallery\/uebung-grundschule-weidenthal\/img_20170609_185446.jpg\" title=\" \" class=\"shutterset_set_154\" >\n\t\t\t\t\t\t\t\t<img loading=\"lazy\" decoding=\"async\" title=\"Verrauchtes Klassenzimmer\" alt=\"Verrauchtes Klassenzimmer\" src=\"https:\/\/feuerwehr-vglambrecht.de\/cms\/wp-content\/gallery\/uebung-grundschule-weidenthal\/thumbs\/thumbs_img_20170609_185446.jpg\" width=\"100\" height=\"75\" \/>\n\t\t\t\t\t\t\t<\/a>\n\t\t<\/div>\n\t<\/div>\n\t\n\t\t\n \t\t\n\t<div id=\"ngg-image-1181\" class=\"ngg-gallery-thumbnail-box\"  >\n\t\t<div class=\"ngg-gallery-thumbnail\" >\n\t\t\t<a href=\"https:\/\/feuerwehr-vglambrecht.de\/cms\/wp-content\/gallery\/uebung-grundschule-weidenthal\/img_20170609_191314.jpg\" title=\" \" class=\"shutterset_set_154\" >\n\t\t\t\t\t\t\t\t<img loading=\"lazy\" decoding=\"async\" title=\"Aufstellen der Steckleiter\" alt=\"Aufstellen der Steckleiter\" src=\"https:\/\/feuerwehr-vglambrecht.de\/cms\/wp-content\/gallery\/uebung-grundschule-weidenthal\/thumbs\/thumbs_img_20170609_191314.jpg\" width=\"100\" height=\"75\" \/>\n\t\t\t\t\t\t\t<\/a>\n\t\t<\/div>\n\t<\/div>\n\t\n\t\t\n \t\t\n\t<div id=\"ngg-image-1176\" class=\"ngg-gallery-thumbnail-box\"  >\n\t\t<div class=\"ngg-gallery-thumbnail\" >\n\t\t\t<a href=\"https:\/\/feuerwehr-vglambrecht.de\/cms\/wp-content\/gallery\/uebung-grundschule-weidenthal\/img-20170609-wa0008.jpg\" title=\" \" class=\"shutterset_set_154\" >\n\t\t\t\t\t\t\t\t<img loading=\"lazy\" decoding=\"async\" title=\"Verrauchtes Treppenhaus\" alt=\"Verrauchtes Treppenhaus\" src=\"https:\/\/feuerwehr-vglambrecht.de\/cms\/wp-content\/gallery\/uebung-grundschule-weidenthal\/thumbs\/thumbs_img-20170609-wa0008.jpg\" width=\"100\" height=\"75\" \/>\n\t\t\t\t\t\t\t<\/a>\n\t\t<\/div>\n\t<\/div>\n\t\n\t\t\n \t\t\n\t<div id=\"ngg-image-1177\" class=\"ngg-gallery-thumbnail-box\"  >\n\t\t<div class=\"ngg-gallery-thumbnail\" >\n\t\t\t<a href=\"https:\/\/feuerwehr-vglambrecht.de\/cms\/wp-content\/gallery\/uebung-grundschule-weidenthal\/img-20170609-wa0009.jpg\" title=\" \" class=\"shutterset_set_154\" >\n\t\t\t\t\t\t\t\t<img loading=\"lazy\" decoding=\"async\" title=\"img-20170609-wa0009\" alt=\"img-20170609-wa0009\" src=\"https:\/\/feuerwehr-vglambrecht.de\/cms\/wp-content\/gallery\/uebung-grundschule-weidenthal\/thumbs\/thumbs_img-20170609-wa0009.jpg\" width=\"100\" height=\"75\" \/>\n\t\t\t\t\t\t\t<\/a>\n\t\t<\/div>\n\t<\/div>\n\t\n\t\t\n \t\t\n\t<div id=\"ngg-image-1174\" class=\"ngg-gallery-thumbnail-box\"  >\n\t\t<div class=\"ngg-gallery-thumbnail\" >\n\t\t\t<a href=\"https:\/\/feuerwehr-vglambrecht.de\/cms\/wp-content\/gallery\/uebung-grundschule-weidenthal\/img-20170609-wa0006-1.jpg\" title=\" \" class=\"shutterset_set_154\" >\n\t\t\t\t\t\t\t\t<img loading=\"lazy\" decoding=\"async\" title=\"Im Gebeaude\" alt=\"Im Gebeaude\" src=\"https:\/\/feuerwehr-vglambrecht.de\/cms\/wp-content\/gallery\/uebung-grundschule-weidenthal\/thumbs\/thumbs_img-20170609-wa0006-1.jpg\" width=\"100\" height=\"75\" \/>\n\t\t\t\t\t\t\t<\/a>\n\t\t<\/div>\n\t<\/div>\n\t\n\t\t\n \t\t\n\t<div id=\"ngg-image-1175\" class=\"ngg-gallery-thumbnail-box\"  >\n\t\t<div class=\"ngg-gallery-thumbnail\" >\n\t\t\t<a href=\"https:\/\/feuerwehr-vglambrecht.de\/cms\/wp-content\/gallery\/uebung-grundschule-weidenthal\/img-20170609-wa0007.jpg\" title=\" \" class=\"shutterset_set_154\" >\n\t\t\t\t\t\t\t\t<img loading=\"lazy\" decoding=\"async\" title=\"Rettung von Sch\u00fclern\" alt=\"Rettung von Sch\u00fclern\" src=\"https:\/\/feuerwehr-vglambrecht.de\/cms\/wp-content\/gallery\/uebung-grundschule-weidenthal\/thumbs\/thumbs_img-20170609-wa0007.jpg\" width=\"100\" height=\"75\" \/>\n\t\t\t\t\t\t\t<\/a>\n\t\t<\/div>\n\t<\/div>\n\t\n\t\t\n \t \t\n\t<!-- Pagination -->\n \t<div class='ngg-clear'><\/div>\n \t\n<\/div>\n\n\n<p>&nbsp;<\/p>\n","protected":false},"excerpt":{"rendered":"<p>Am zweiten Freitag im Juni fanden sich die Feuerwehren Weidenthal und Neidenfels zusammen, um in der Grundschule Weidenthal den Ernstfall zu \u00fcben. Angenommen wurde, dass sich der Dachstuhl der Grundschule entz\u00fcndet hatte und nun in Vollbrand steht. Doch befinden sich noch einige Sch\u00fcler in verschiedenen R\u00e4umen, der zum Teil verrauchten Schule. Die Feuerwehr ging mit mehreren Trupps unter Atemschutz ins Geb\u00e4ude vor, um die verschiedenen R\u00e4ume nach den vermissten Sch\u00fclern zu durchsuchen. Hierbei kam auch eine W\u00e4rmebildkamera zum Einsatz, um in verrauchten Bereichen vermissten Sch\u00fcler anhand ihrer K\u00f6rperw\u00e4rme leichter aufsp\u00fcren zu k\u00f6nnen. W\u00e4hrenddessen bauten weitere Einsatzkr\u00e4fte eine Wasserversorgung auf um ihre Kameraden im inneren eine Sicherung zu verschaffen und den Brand von au\u00dfen zu bek\u00e4mpfen.<\/p>\n","protected":false},"author":1,"featured_media":5709,"comment_status":"closed","ping_status":"closed","sticky":false,"template":"","format":"standard","meta":{"footnotes":""},"categories":[73,72],"tags":[231,135,136],"class_list":["post-5706","post","type-post","status-publish","format-standard","has-post-thumbnail","hentry","category-fw_neidenfels","category-fw_weidenthal","tag-monatsuebung","tag-neidenfels","tag-weidenthal"],"better_featured_image":{"id":5709,"alt_text":"","caption":"","description":"","media_type":"image","media_details":{"width":2560,"height":1210,"file":"2017\/06\/IMG_20170609_185446-e1498297236497-scaled.jpg","filesize":80817,"sizes":{"medium_large":{"file":"IMG_20170609_185446-e1498297236497-768x363.jpg","width":768,"height":363,"mime-type":"image\/jpeg","filesize":10324,"source_url":"https:\/\/feuerwehr-vglambrecht.de\/cms\/wp-content\/uploads\/2017\/06\/IMG_20170609_185446-e1498297236497-768x363.jpg"},"1536x1536":{"file":"IMG_20170609_185446-e1498297236497-1536x726.jpg","width":1536,"height":726,"mime-type":"image\/jpeg","filesize":31225,"source_url":"https:\/\/feuerwehr-vglambrecht.de\/cms\/wp-content\/uploads\/2017\/06\/IMG_20170609_185446-e1498297236497-1536x726.jpg"},"2048x2048":{"file":"IMG_20170609_185446-e1498297236497-2048x968.jpg","width":2048,"height":968,"mime-type":"image\/jpeg","filesize":52263,"source_url":"https:\/\/feuerwehr-vglambrecht.de\/cms\/wp-content\/uploads\/2017\/06\/IMG_20170609_185446-e1498297236497-2048x968.jpg"},"wptouch-new-thumbnail":{"file":"IMG_20170609_185446-e1498297236497-144x144.jpg","width":144,"height":144,"mime-type":"image\/jpeg","filesize":1695,"source_url":"https:\/\/feuerwehr-vglambrecht.de\/cms\/wp-content\/uploads\/2017\/06\/IMG_20170609_185446-e1498297236497-144x144.jpg"},"landing_image":{"file":"IMG_20170609_185446-e1498297236497-1024x460.jpg","width":1024,"height":460,"mime-type":"image\/jpeg","filesize":14060,"source_url":"https:\/\/feuerwehr-vglambrecht.de\/cms\/wp-content\/uploads\/2017\/06\/IMG_20170609_185446-e1498297236497-1024x460.jpg"},"foundation-featured-image":{"file":"IMG_20170609_185446-e1498297236497-900x425.jpg","width":900,"height":425,"mime-type":"image\/jpeg","filesize":12248,"source_url":"https:\/\/feuerwehr-vglambrecht.de\/cms\/wp-content\/uploads\/2017\/06\/IMG_20170609_185446-e1498297236497-900x425.jpg"},"thumbnail":{"file":"IMG_20170609_185446-e1498297236497-150x150.jpg","width":150,"height":150,"source_url":"https:\/\/feuerwehr-vglambrecht.de\/cms\/wp-content\/uploads\/2017\/06\/IMG_20170609_185446-e1498297236497-150x150.jpg"},"medium":{"file":"IMG_20170609_185446-e1498297236497-300x142.jpg","width":300,"height":142,"source_url":"https:\/\/feuerwehr-vglambrecht.de\/cms\/wp-content\/uploads\/2017\/06\/IMG_20170609_185446-e1498297236497-300x142.jpg"},"large":{"file":"IMG_20170609_185446-e1498297236497-1024x484.jpg","width":1024,"height":484,"source_url":"https:\/\/feuerwehr-vglambrecht.de\/cms\/wp-content\/uploads\/2017\/06\/IMG_20170609_185446-e1498297236497-1024x484.jpg"}},"image_meta":{"aperture":"0","credit":"","camera":"","caption":"","created_timestamp":"0","copyright":"","focal_length":"0","iso":"0","shutter_speed":"0","title":"","orientation":"0","keywords":[]},"original_image":"IMG_20170609_185446-e1498297236497.jpg","image-converter":{"thumbnail":"IME","medium":"IME","large":"IME"}},"post":5706,"source_url":"https:\/\/feuerwehr-vglambrecht.de\/cms\/wp-content\/uploads\/2017\/06\/IMG_20170609_185446-e1498297236497-scaled.jpg"},"_links":{"self":[{"href":"https:\/\/feuerwehr-vglambrecht.de\/cms\/wp-json\/wp\/v2\/posts\/5706","targetHints":{"allow":["GET"]}}],"collection":[{"href":"https:\/\/feuerwehr-vglambrecht.de\/cms\/wp-json\/wp\/v2\/posts"}],"about":[{"href":"https:\/\/feuerwehr-vglambrecht.de\/cms\/wp-json\/wp\/v2\/types\/post"}],"author":[{"embeddable":true,"href":"https:\/\/feuerwehr-vglambrecht.de\/cms\/wp-json\/wp\/v2\/users\/1"}],"replies":[{"embeddable":true,"href":"https:\/\/feuerwehr-vglambrecht.de\/cms\/wp-json\/wp\/v2\/comments?post=5706"}],"version-history":[{"count":3,"href":"https:\/\/feuerwehr-vglambrecht.de\/cms\/wp-json\/wp\/v2\/posts\/5706\/revisions"}],"predecessor-version":[{"id":5710,"href":"https:\/\/feuerwehr-vglambrecht.de\/cms\/wp-json\/wp\/v2\/posts\/5706\/revisions\/5710"}],"wp:featuredmedia":[{"embeddable":true,"href":"https:\/\/feuerwehr-vglambrecht.de\/cms\/wp-json\/wp\/v2\/media\/5709"}],"wp:attachment":[{"href":"https:\/\/feuerwehr-vglambrecht.de\/cms\/wp-json\/wp\/v2\/media?parent=5706"}],"wp:term":[{"taxonomy":"category","embeddable":true,"href":"https:\/\/feuerwehr-vglambrecht.de\/cms\/wp-json\/wp\/v2\/categories?post=5706"},{"taxonomy":"post_tag","embeddable":true,"href":"https:\/\/feuerwehr-vglambrecht.de\/cms\/wp-json\/wp\/v2\/tags?post=5706"}],"curies":[{"name":"wp","href":"https:\/\/api.w.org\/{rel}","templated":true}]}}