{"id":5528,"date":"2017-04-23T15:13:00","date_gmt":"2017-04-23T13:13:00","guid":{"rendered":"https:\/\/feuerwehr-vglambrecht.de\/cms\/?p=5528"},"modified":"2017-05-03T09:41:43","modified_gmt":"2017-05-03T07:41:43","slug":"bewusstloser-arbeiter-vom-geruest-gerettet","status":"publish","type":"post","link":"https:\/\/feuerwehr-vglambrecht.de\/cms\/2017\/04\/23\/bewusstloser-arbeiter-vom-geruest-gerettet\/","title":{"rendered":"Bewusstloser Arbeiter vom Ger\u00fcst gerettet"},"content":{"rendered":"<p>Personen die in H\u00f6hen arbeiten stellen f\u00fcr uns ein allt\u00e4gliches Bild dar. Denn es ist selbsterkl\u00e4rend, dass z.B. ein Dachdecker auf das Dach muss um seine Arbeit zu verrichten.<br \/>\nIm Regelfall ist das auch kein Problem. Kommt es jedoch zu einem Personenschaden, sei es durch einen Unfall, oder einem pl\u00f6tzlich auftretenden gesundheitlichen Problem, gestaltet sich die Rettung oft sehr schwierig und je nach Lage auch zeitintensiv.<!--more--><br \/>\nDiese Tatsache war Grundlage des \u00dcbungsszenarios der Absturzsicherungsgruppe der VG Lambrecht am Mittwoch, dem 19. April 2017. Ausgangssituation war eine bewusstlose Person in der 3. Etage eines Ger\u00fcstes.<br \/>\nZu Beginn der \u00dcbung begaben sich zwei H\u00f6hensicherer zur Erstversorgung der Person und zum Aufbau der Seilumlenkung auf das Ger\u00fcst. Parallel hierzu wurde am Boden die Seilbremse aufgebaut, sowie weiteres Material vorgerichtet. Anschlie\u00dfend wurde die Schleifkorbtrage mittels Feuerwehrleine nach oben gezogen. Die Person konnte nun in die Schleifkorbtrage gelegt und sicher fixiert werden. Nachdem die Trage mit dem Transportgeh\u00e4nge und dieses mit dem speziellen Kernmanteldynamikseil verbunden war, wurde die Person vorsichtig abgelassen. Mit zwei F\u00fchrungsleinen hatte man das Drehen der Schleifkorbtrage sowie das Ansto\u00dfen an die Ger\u00fcstteile beim Ablassen vom Boden aus verhindert. Die Person konnte somit schonend vom Ger\u00fcst gerettet werden.<br \/>\nIm Einsatzfall h\u00e4tte man die Person mit einem zweiten Kernmanteldynamikseil hintersichert. Aus organisatorischen Gr\u00fcnden wurde bei dieser \u00dcbung darauf verzichtet.<\/p>\n\n<div class=\"ngg-galleryoverview\" id=\"ngg-gallery-148-5528\">\n\n\t<!-- Slideshow link -->\n\t<div class=\"slideshowlink\">\n\t\t<a class=\"slideshowlink\" href=\"https:\/\/feuerwehr-vglambrecht.de\/cms\/2017\/04\/23\/bewusstloser-arbeiter-vom-geruest-gerettet\/nggallery\/slideshow\">\n\t\t\t[Show as slideshow]\t\t<\/a>\n\t<\/div>\n\n\t\n\t<!-- Thumbnails -->\n\t\t\n\t<div id=\"ngg-image-1011\" class=\"ngg-gallery-thumbnail-box\"  >\n\t\t<div class=\"ngg-gallery-thumbnail\" >\n\t\t\t<a href=\"https:\/\/feuerwehr-vglambrecht.de\/cms\/wp-content\/gallery\/hoehensicherung_1\/1.jpg\" title=\" \" class=\"shutterset_set_148\" >\n\t\t\t\t\t\t\t\t<img loading=\"lazy\" decoding=\"async\" title=\"1\" alt=\"1\" src=\"https:\/\/feuerwehr-vglambrecht.de\/cms\/wp-content\/gallery\/hoehensicherung_1\/thumbs\/thumbs_1.jpg\" width=\"100\" height=\"75\" \/>\n\t\t\t\t\t\t\t<\/a>\n\t\t<\/div>\n\t<\/div>\n\t\n\t\t\n \t\t\n\t<div id=\"ngg-image-1012\" class=\"ngg-gallery-thumbnail-box\"  >\n\t\t<div class=\"ngg-gallery-thumbnail\" >\n\t\t\t<a href=\"https:\/\/feuerwehr-vglambrecht.de\/cms\/wp-content\/gallery\/hoehensicherung_1\/10.jpg\" title=\" \" class=\"shutterset_set_148\" >\n\t\t\t\t\t\t\t\t<img loading=\"lazy\" decoding=\"async\" title=\"10\" alt=\"10\" src=\"https:\/\/feuerwehr-vglambrecht.de\/cms\/wp-content\/gallery\/hoehensicherung_1\/thumbs\/thumbs_10.jpg\" width=\"100\" height=\"75\" \/>\n\t\t\t\t\t\t\t<\/a>\n\t\t<\/div>\n\t<\/div>\n\t\n\t\t\n \t\t\n\t<div id=\"ngg-image-1013\" class=\"ngg-gallery-thumbnail-box\"  >\n\t\t<div class=\"ngg-gallery-thumbnail\" >\n\t\t\t<a href=\"https:\/\/feuerwehr-vglambrecht.de\/cms\/wp-content\/gallery\/hoehensicherung_1\/11.jpg\" title=\" \" class=\"shutterset_set_148\" >\n\t\t\t\t\t\t\t\t<img loading=\"lazy\" decoding=\"async\" title=\"11\" alt=\"11\" src=\"https:\/\/feuerwehr-vglambrecht.de\/cms\/wp-content\/gallery\/hoehensicherung_1\/thumbs\/thumbs_11.jpg\" width=\"100\" height=\"75\" \/>\n\t\t\t\t\t\t\t<\/a>\n\t\t<\/div>\n\t<\/div>\n\t\n\t\t\n \t\t\n\t<div id=\"ngg-image-1014\" class=\"ngg-gallery-thumbnail-box\"  >\n\t\t<div class=\"ngg-gallery-thumbnail\" >\n\t\t\t<a href=\"https:\/\/feuerwehr-vglambrecht.de\/cms\/wp-content\/gallery\/hoehensicherung_1\/12.jpg\" title=\" \" class=\"shutterset_set_148\" >\n\t\t\t\t\t\t\t\t<img loading=\"lazy\" decoding=\"async\" title=\"12\" alt=\"12\" src=\"https:\/\/feuerwehr-vglambrecht.de\/cms\/wp-content\/gallery\/hoehensicherung_1\/thumbs\/thumbs_12.jpg\" width=\"100\" height=\"75\" \/>\n\t\t\t\t\t\t\t<\/a>\n\t\t<\/div>\n\t<\/div>\n\t\n\t\t\n \t\t\n\t<div id=\"ngg-image-1015\" class=\"ngg-gallery-thumbnail-box\"  >\n\t\t<div class=\"ngg-gallery-thumbnail\" >\n\t\t\t<a href=\"https:\/\/feuerwehr-vglambrecht.de\/cms\/wp-content\/gallery\/hoehensicherung_1\/13.jpg\" title=\" \" class=\"shutterset_set_148\" >\n\t\t\t\t\t\t\t\t<img loading=\"lazy\" decoding=\"async\" title=\"13\" alt=\"13\" src=\"https:\/\/feuerwehr-vglambrecht.de\/cms\/wp-content\/gallery\/hoehensicherung_1\/thumbs\/thumbs_13.jpg\" width=\"100\" height=\"75\" \/>\n\t\t\t\t\t\t\t<\/a>\n\t\t<\/div>\n\t<\/div>\n\t\n\t\t\n \t\t\n\t<div id=\"ngg-image-1016\" class=\"ngg-gallery-thumbnail-box\"  >\n\t\t<div class=\"ngg-gallery-thumbnail\" >\n\t\t\t<a href=\"https:\/\/feuerwehr-vglambrecht.de\/cms\/wp-content\/gallery\/hoehensicherung_1\/3.jpg\" title=\" \" class=\"shutterset_set_148\" >\n\t\t\t\t\t\t\t\t<img loading=\"lazy\" decoding=\"async\" title=\"3\" alt=\"3\" src=\"https:\/\/feuerwehr-vglambrecht.de\/cms\/wp-content\/gallery\/hoehensicherung_1\/thumbs\/thumbs_3.jpg\" width=\"100\" height=\"75\" \/>\n\t\t\t\t\t\t\t<\/a>\n\t\t<\/div>\n\t<\/div>\n\t\n\t\t\n \t\t\n\t<div id=\"ngg-image-1017\" class=\"ngg-gallery-thumbnail-box\"  >\n\t\t<div class=\"ngg-gallery-thumbnail\" >\n\t\t\t<a href=\"https:\/\/feuerwehr-vglambrecht.de\/cms\/wp-content\/gallery\/hoehensicherung_1\/4.jpg\" title=\" \" class=\"shutterset_set_148\" >\n\t\t\t\t\t\t\t\t<img loading=\"lazy\" decoding=\"async\" title=\"4\" alt=\"4\" src=\"https:\/\/feuerwehr-vglambrecht.de\/cms\/wp-content\/gallery\/hoehensicherung_1\/thumbs\/thumbs_4.jpg\" width=\"100\" height=\"75\" \/>\n\t\t\t\t\t\t\t<\/a>\n\t\t<\/div>\n\t<\/div>\n\t\n\t\t\n \t\t\n\t<div id=\"ngg-image-1018\" class=\"ngg-gallery-thumbnail-box\"  >\n\t\t<div class=\"ngg-gallery-thumbnail\" >\n\t\t\t<a href=\"https:\/\/feuerwehr-vglambrecht.de\/cms\/wp-content\/gallery\/hoehensicherung_1\/5.jpg\" title=\" \" class=\"shutterset_set_148\" >\n\t\t\t\t\t\t\t\t<img loading=\"lazy\" decoding=\"async\" title=\"5\" alt=\"5\" src=\"https:\/\/feuerwehr-vglambrecht.de\/cms\/wp-content\/gallery\/hoehensicherung_1\/thumbs\/thumbs_5.jpg\" width=\"100\" height=\"75\" \/>\n\t\t\t\t\t\t\t<\/a>\n\t\t<\/div>\n\t<\/div>\n\t\n\t\t\n \t\t\n\t<div id=\"ngg-image-1019\" class=\"ngg-gallery-thumbnail-box\"  >\n\t\t<div class=\"ngg-gallery-thumbnail\" >\n\t\t\t<a href=\"https:\/\/feuerwehr-vglambrecht.de\/cms\/wp-content\/gallery\/hoehensicherung_1\/6.jpg\" title=\" \" class=\"shutterset_set_148\" >\n\t\t\t\t\t\t\t\t<img loading=\"lazy\" decoding=\"async\" title=\"6\" alt=\"6\" src=\"https:\/\/feuerwehr-vglambrecht.de\/cms\/wp-content\/gallery\/hoehensicherung_1\/thumbs\/thumbs_6.jpg\" width=\"100\" height=\"75\" \/>\n\t\t\t\t\t\t\t<\/a>\n\t\t<\/div>\n\t<\/div>\n\t\n\t\t\n \t\t\n\t<div id=\"ngg-image-1020\" class=\"ngg-gallery-thumbnail-box\"  >\n\t\t<div class=\"ngg-gallery-thumbnail\" >\n\t\t\t<a href=\"https:\/\/feuerwehr-vglambrecht.de\/cms\/wp-content\/gallery\/hoehensicherung_1\/7.jpg\" title=\" \" class=\"shutterset_set_148\" >\n\t\t\t\t\t\t\t\t<img loading=\"lazy\" decoding=\"async\" title=\"7\" alt=\"7\" src=\"https:\/\/feuerwehr-vglambrecht.de\/cms\/wp-content\/gallery\/hoehensicherung_1\/thumbs\/thumbs_7.jpg\" width=\"100\" height=\"75\" \/>\n\t\t\t\t\t\t\t<\/a>\n\t\t<\/div>\n\t<\/div>\n\t\n\t\t\n \t\t\n\t<div id=\"ngg-image-1021\" class=\"ngg-gallery-thumbnail-box\"  >\n\t\t<div class=\"ngg-gallery-thumbnail\" >\n\t\t\t<a href=\"https:\/\/feuerwehr-vglambrecht.de\/cms\/wp-content\/gallery\/hoehensicherung_1\/9.jpg\" title=\" \" class=\"shutterset_set_148\" >\n\t\t\t\t\t\t\t\t<img loading=\"lazy\" decoding=\"async\" title=\"9\" alt=\"9\" src=\"https:\/\/feuerwehr-vglambrecht.de\/cms\/wp-content\/gallery\/hoehensicherung_1\/thumbs\/thumbs_9.jpg\" width=\"100\" height=\"75\" \/>\n\t\t\t\t\t\t\t<\/a>\n\t\t<\/div>\n\t<\/div>\n\t\n\t\t\n \t \t\n\t<!-- Pagination -->\n \t<div class='ngg-clear'><\/div>\n \t\n<\/div>\n\n\n<p>&nbsp;<\/p>\n","protected":false},"excerpt":{"rendered":"<p>Personen die in H\u00f6hen arbeiten stellen f\u00fcr uns ein allt\u00e4gliches Bild dar. Denn es ist selbsterkl\u00e4rend, dass z.B. ein Dachdecker auf das Dach muss um seine Arbeit zu verrichten. Im Regelfall ist das auch kein Problem. Kommt es jedoch zu einem Personenschaden, sei es durch einen Unfall, oder einem pl\u00f6tzlich auftretenden gesundheitlichen Problem, gestaltet sich die Rettung oft sehr schwierig und je nach Lage auch zeitintensiv.<\/p>\n","protected":false},"author":2,"featured_media":5539,"comment_status":"closed","ping_status":"closed","sticky":false,"template":"","format":"standard","meta":{"footnotes":""},"categories":[1,77,74],"tags":[236],"class_list":["post-5528","post","type-post","status-publish","format-standard","has-post-thumbnail","hentry","category-allgemein","category-fwhoe","category-fw_lindenberg","tag-absturzsicherungsgruppe-vg-lambrecht"],"better_featured_image":{"id":5539,"alt_text":"","caption":"","description":"","media_type":"image","media_details":{"width":2560,"height":1440,"file":"2017\/04\/11-scaled.jpg","filesize":795066,"sizes":{"medium_large":{"file":"11-768x432.jpg","width":768,"height":432,"mime-type":"image\/jpeg","filesize":124052,"source_url":"https:\/\/feuerwehr-vglambrecht.de\/cms\/wp-content\/uploads\/2017\/04\/11-768x432.jpg"},"1536x1536":{"file":"11-1536x864.jpg","width":1536,"height":864,"mime-type":"image\/jpeg","filesize":361433,"source_url":"https:\/\/feuerwehr-vglambrecht.de\/cms\/wp-content\/uploads\/2017\/04\/11-1536x864.jpg"},"2048x2048":{"file":"11-2048x1152.jpg","width":2048,"height":1152,"mime-type":"image\/jpeg","filesize":563339,"source_url":"https:\/\/feuerwehr-vglambrecht.de\/cms\/wp-content\/uploads\/2017\/04\/11-2048x1152.jpg"},"wptouch-new-thumbnail":{"file":"11-144x144.jpg","width":144,"height":144,"mime-type":"image\/jpeg","filesize":28226,"source_url":"https:\/\/feuerwehr-vglambrecht.de\/cms\/wp-content\/uploads\/2017\/04\/11-144x144.jpg"},"landing_image":{"file":"11-1024x460.jpg","width":1024,"height":460,"mime-type":"image\/jpeg","filesize":160630,"source_url":"https:\/\/feuerwehr-vglambrecht.de\/cms\/wp-content\/uploads\/2017\/04\/11-1024x460.jpg"},"foundation-featured-image":{"file":"11-900x506.jpg","width":900,"height":506,"mime-type":"image\/jpeg","filesize":160109,"source_url":"https:\/\/feuerwehr-vglambrecht.de\/cms\/wp-content\/uploads\/2017\/04\/11-900x506.jpg"},"thumbnail":{"file":"11-150x150.jpg","width":150,"height":150,"source_url":"https:\/\/feuerwehr-vglambrecht.de\/cms\/wp-content\/uploads\/2017\/04\/11-150x150.jpg"},"medium":{"file":"11-300x169.jpg","width":300,"height":169,"source_url":"https:\/\/feuerwehr-vglambrecht.de\/cms\/wp-content\/uploads\/2017\/04\/11-300x169.jpg"},"large":{"file":"11-1024x576.jpg","width":1024,"height":576,"source_url":"https:\/\/feuerwehr-vglambrecht.de\/cms\/wp-content\/uploads\/2017\/04\/11-1024x576.jpg"}},"image_meta":{"aperture":"1.9","credit":"","camera":"SM-G925F","caption":"","created_timestamp":"1492633269","copyright":"","focal_length":"4.3","iso":"200","shutter_speed":"0.04","title":"","orientation":"1","keywords":[]},"original_image":"11.jpg","image-converter":{"thumbnail":"IME","medium":"IME","large":"IME"}},"post":5528,"source_url":"https:\/\/feuerwehr-vglambrecht.de\/cms\/wp-content\/uploads\/2017\/04\/11-scaled.jpg"},"_links":{"self":[{"href":"https:\/\/feuerwehr-vglambrecht.de\/cms\/wp-json\/wp\/v2\/posts\/5528","targetHints":{"allow":["GET"]}}],"collection":[{"href":"https:\/\/feuerwehr-vglambrecht.de\/cms\/wp-json\/wp\/v2\/posts"}],"about":[{"href":"https:\/\/feuerwehr-vglambrecht.de\/cms\/wp-json\/wp\/v2\/types\/post"}],"author":[{"embeddable":true,"href":"https:\/\/feuerwehr-vglambrecht.de\/cms\/wp-json\/wp\/v2\/users\/2"}],"replies":[{"embeddable":true,"href":"https:\/\/feuerwehr-vglambrecht.de\/cms\/wp-json\/wp\/v2\/comments?post=5528"}],"version-history":[{"count":5,"href":"https:\/\/feuerwehr-vglambrecht.de\/cms\/wp-json\/wp\/v2\/posts\/5528\/revisions"}],"predecessor-version":[{"id":5568,"href":"https:\/\/feuerwehr-vglambrecht.de\/cms\/wp-json\/wp\/v2\/posts\/5528\/revisions\/5568"}],"wp:featuredmedia":[{"embeddable":true,"href":"https:\/\/feuerwehr-vglambrecht.de\/cms\/wp-json\/wp\/v2\/media\/5539"}],"wp:attachment":[{"href":"https:\/\/feuerwehr-vglambrecht.de\/cms\/wp-json\/wp\/v2\/media?parent=5528"}],"wp:term":[{"taxonomy":"category","embeddable":true,"href":"https:\/\/feuerwehr-vglambrecht.de\/cms\/wp-json\/wp\/v2\/categories?post=5528"},{"taxonomy":"post_tag","embeddable":true,"href":"https:\/\/feuerwehr-vglambrecht.de\/cms\/wp-json\/wp\/v2\/tags?post=5528"}],"curies":[{"name":"wp","href":"https:\/\/api.w.org\/{rel}","templated":true}]}}