{"id":5457,"date":"2017-04-05T15:32:21","date_gmt":"2017-04-05T13:32:21","guid":{"rendered":"https:\/\/feuerwehr-vglambrecht.de\/cms\/?p=5457"},"modified":"2017-04-05T15:32:21","modified_gmt":"2017-04-05T13:32:21","slug":"einweihung-geraetehauserweiterung-in-esthal","status":"publish","type":"post","link":"https:\/\/feuerwehr-vglambrecht.de\/cms\/2017\/04\/05\/einweihung-geraetehauserweiterung-in-esthal\/","title":{"rendered":"Einweihung Ger\u00e4tehauserweiterung in Esthal"},"content":{"rendered":"<p><span style=\"margin: 0px; line-height: 107%; font-family: 'Arial','sans-serif'; font-size: 10pt;\"><span style=\"color: #000000;\">Nach einer Bauzeit von 19 Monaten, in der \u00fcber 4.100 ehrenamtliche Arbeitsstunden erbracht wurden, fand am 2. April 2017 die offizielle Einweihung zur Ger\u00e4tehauserweiterung in Esthal statt. Zu dieser Feier waren \u00fcber 100 geladene G\u00e4ste aus Politik, Feuerwehr, Verwaltung, Kirche, sowie beteiligte Firmen und Privatpersonen gekommen.<\/span><\/span><!--more--><\/p>\n<p><span style=\"margin: 0px; line-height: 107%; font-family: 'Arial','sans-serif'; font-size: 10pt;\"><span style=\"color: #000000;\">Nach einer kurzen Begr\u00fc\u00dfung durch Torsten Buschlinger, Wehrf\u00fchrer der Feuerwehr Esthal, begr\u00fc\u00dfte auch <\/span><span style=\"color: #000000;\">\u00a0<\/span><span style=\"color: #000000;\">Verbandsb\u00fcrgermeister Manfred Kirr die anwesenden G\u00e4ste. In seiner Rede erl\u00e4uterte er die Entstehung des Projekts \u201eErweiterungsbau des Ger\u00e4tehauses Esthal\u201c. Er sparte nicht an Lobesworten. Von der Planung bis zur Umsetzung, <\/span><span style=\"color: #000000;\">\u00a0<\/span><span style=\"color: #000000;\">vom Beschaffen der ben\u00f6tigten Materialien bis zur Ausf\u00fchrung, wurde alles durch die Feuerwehr Esthal <\/span><span style=\"color: #000000;\">\u00a0<\/span><span style=\"color: #000000;\">erledigt. \u201eChapeau vor dieser Leistung\u201c waren <\/span><span style=\"color: #000000;\">\u00a0<\/span><span style=\"color: #000000;\">seine Worte. Frank Flockerzi, Wehrleiter der Verbandsgemeinde Lambrecht Feuerwehren, lobte ebenfalls <\/span><span style=\"color: #000000;\">\u00a0<\/span><span style=\"color: #000000;\">die Arbeit der Feuerwehr Esthal. Er erw\u00e4hnte aber auch, dass alle Feuerwehren im Tal sehr aktiv sind. Er ist stolz Wehrleiter der VG Feuerwehren zu sein, waren seine Schlussworte. Weitere Gastredner waren Torsten Ritzmann, stellvertretender Kreisfeuerwehrinspekteur, Hans Georg Baltasar, Vorsitzender des Landesfeuerwehrverbandes RLP und Gernot Kuhn, <\/span><span style=\"color: #000000;\">\u00a0<\/span><span style=\"color: #000000;\">Ortsb\u00fcrgermeister der Gemeinde Esthal. F\u00fcr die Kirchengemeinden sprachen der evangelische Pfarrer Wiehler und der katholische Pfarrer Neumer, der auch den Erweiterungsbau segnete.<\/span><\/span><\/p>\n<p><span style=\"margin: 0px; line-height: 107%; font-family: 'Arial','sans-serif'; font-size: 10pt;\"><span style=\"color: #000000;\">Nach all den Reden und Lobesworten, stellte der Wehrf\u00fchrer Torsten Buschlinger einige Zahlen, Daten und Fakten des Umbaus vor:<\/span><\/span><\/p>\n<p><span style=\"margin: 0px; line-height: 107%; font-family: 'Arial','sans-serif'; font-size: 10pt;\"><span style=\"color: #000000;\">Angesetzte Kostensch\u00e4tzung 2014<\/span><span style=\"color: #000000;\">\u00a0 \u00a0\u00a0\u00a0<\/span><span style=\"color: #000000;\">\u00a0\u00a0\u00a0\u00a0\u00a0\u00a0\u00a0\u00a0\u00a0\u00a0\u00a0\u00a0<\/span><span style=\"color: #000000;\">\u00a0\u00a0\u00a0<\/span><span style=\"color: #000000;\">\u00a0\u00a0\u00a0\u00a0\u00a0\u00a0\u00a0\u00a0\u00a0\u00a0\u00a0 <\/span><span style=\"color: #000000;\">75.000 Euro<\/span><\/span><\/p>\n<p><span style=\"margin: 0px; line-height: 107%; font-family: 'Arial','sans-serif'; font-size: 10pt;\"><span style=\"color: #000000;\">Tats\u00e4chliche Kosten<\/span><span style=\"color: #000000;\">\u00a0\u00a0\u00a0\u00a0\u00a0\u00a0\u00a0\u00a0\u00a0\u00a0\u00a0\u00a0\u00a0\u00a0\u00a0\u00a0\u00a0\u00a0\u00a0\u00a0\u00a0\u00a0\u00a0\u00a0\u00a0\u00a0\u00a0\u00a0\u00a0\u00a0\u00a0\u00a0\u00a0\u00a0\u00a0\u00a0\u00a0\u00a0\u00a0\u00a0\u00a0\u00a0\u00a0\u00a0\u00a0\u00a0\u00a0\u00a0 <\/span><span style=\"color: #000000;\">\u00a0<\/span><span style=\"color: #000000;\">\u00a0\u00a0\u00a0\u00a0 <\/span><span style=\"color: #000000;\">76.000 Euro<\/span><\/span><\/p>\n<p><span style=\"margin: 0px; line-height: 107%; font-family: 'Arial','sans-serif'; font-size: 10pt;\"><span style=\"color: #000000;\">Spenden (Sachspenden+Dienstleistungen)<\/span><span style=\"color: #000000;\">\u00a0\u00a0\u00a0\u00a0\u00a0\u00a0\u00a0\u00a0\u00a0\u00a0\u00a0\u00a0\u00a0<\/span><span style=\"color: #000000;\">\u00a0<\/span><span style=\"color: #000000;\">\u00a0\u00a0\u00a0\u00a0 <\/span><span style=\"color: #000000;\">46.000 Euro<\/span><\/span><\/p>\n<p><span style=\"margin: 0px; line-height: 107%; font-family: 'Arial','sans-serif'; font-size: 10pt;\"><span style=\"color: #000000;\">Geleistete Stunden aktive Wehr bis Februar 2017<\/span><span style=\"color: #000000;\">\u00a0\u00a0<\/span><span style=\"color: #000000;\">\u00a0\u00a0\u00a0\u00a0<\/span><span style=\"color: #000000;\">\u00a0\u00a0\u00a0<\/span><span style=\"color: #000000;\">\u00a0 <\/span><span style=\"color: #000000;\">4.100<\/span><\/span><\/p>\n<p><span style=\"margin: 0px; line-height: 107%; font-family: 'Arial','sans-serif'; font-size: 10pt;\"><span style=\"color: #000000;\">Arbeitstage<\/span><span style=\"color: #000000;\">\u00a0\u00a0\u00a0\u00a0\u00a0\u00a0\u00a0\u00a0\u00a0\u00a0\u00a0\u00a0\u00a0\u00a0\u00a0\u00a0\u00a0\u00a0\u00a0\u00a0\u00a0\u00a0\u00a0\u00a0\u00a0\u00a0\u00a0\u00a0\u00a0\u00a0\u00a0\u00a0\u00a0\u00a0\u00a0\u00a0\u00a0\u00a0\u00a0\u00a0\u00a0\u00a0\u00a0\u00a0\u00a0\u00a0\u00a0\u00a0\u00a0\u00a0\u00a0\u00a0\u00a0\u00a0\u00a0\u00a0\u00a0\u00a0\u00a0\u00a0\u00a0\u00a0\u00a0\u00a0\u00a0\u00a0\u00a0\u00a0<\/span><span style=\"color: #000000;\">\u00a0\u00a0\u00a0\u00a0\u00a0\u00a0\u00a0<\/span><span style=\"color: #000000;\">290<\/span><\/span><\/p>\n<p><span style=\"margin: 0px; line-height: 107%; font-family: 'Arial','sans-serif'; font-size: 10pt;\"><span style=\"color: #000000;\">Anzahl Rechnungen<\/span><span style=\"color: #000000;\">\u00a0\u00a0\u00a0\u00a0\u00a0\u00a0\u00a0\u00a0\u00a0\u00a0\u00a0\u00a0\u00a0\u00a0\u00a0\u00a0\u00a0\u00a0\u00a0\u00a0\u00a0\u00a0\u00a0\u00a0\u00a0\u00a0\u00a0\u00a0\u00a0\u00a0\u00a0\u00a0\u00a0\u00a0\u00a0\u00a0\u00a0\u00a0\u00a0\u00a0\u00a0\u00a0\u00a0\u00a0\u00a0\u00a0\u00a0\u00a0\u00a0\u00a0\u00a0\u00a0\u00a0\u00a0<\/span><span style=\"color: #000000;\">\u00a0\u00a0\u00a0\u00a0\u00a0\u00a0<\/span><span style=\"color: #000000;\">\u00a0<\/span><span style=\"color: #000000;\">147<\/span><\/span><\/p>\n<p><span style=\"margin: 0px; line-height: 107%; font-family: 'Arial','sans-serif'; font-size: 10pt;\"><span style=\"color: #000000;\">Beteiligte Firmen<\/span><span style=\"color: #000000;\">\u00a0\u00a0\u00a0\u00a0\u00a0\u00a0\u00a0\u00a0\u00a0\u00a0\u00a0\u00a0\u00a0\u00a0\u00a0\u00a0\u00a0\u00a0\u00a0\u00a0\u00a0\u00a0\u00a0\u00a0\u00a0\u00a0\u00a0\u00a0\u00a0\u00a0\u00a0\u00a0\u00a0\u00a0\u00a0\u00a0\u00a0\u00a0\u00a0\u00a0\u00a0\u00a0\u00a0\u00a0\u00a0\u00a0\u00a0\u00a0\u00a0\u00a0\u00a0\u00a0\u00a0\u00a0\u00a0\u00a0\u00a0\u00a0\u00a0\u00a0\u00a0<\/span><span style=\"color: #000000;\">\u00a0\u00a0\u00a0\u00a0<\/span><span style=\"color: #000000;\">\u00a0<\/span><span style=\"color: #000000;\">\u00a0\u00a0<\/span><span style=\"color: #000000;\">18<\/span><\/span><\/p>\n<p><span style=\"margin: 0px; line-height: 107%; font-family: 'Arial','sans-serif'; font-size: 10pt;\"><span style=\"color: #000000;\">Beteiligte Privatpersonen<\/span><span style=\"color: #000000;\">\u00a0\u00a0\u00a0\u00a0\u00a0\u00a0\u00a0\u00a0\u00a0\u00a0\u00a0\u00a0\u00a0\u00a0\u00a0\u00a0\u00a0\u00a0\u00a0\u00a0\u00a0\u00a0\u00a0\u00a0\u00a0\u00a0\u00a0\u00a0\u00a0\u00a0\u00a0\u00a0\u00a0\u00a0\u00a0\u00a0\u00a0\u00a0\u00a0\u00a0\u00a0\u00a0\u00a0\u00a0 <\/span><span style=\"color: #000000;\">\u00a0\u00a0\u00a0\u00a0\u00a0\u00a0\u00a0\u00a0\u00a0 <\/span><span style=\"color: #000000;\">14<\/span><span style=\"color: #000000;\">\u00a0\u00a0<\/span><\/span><span style=\"margin: 0px; line-height: 107%; font-family: 'Arial','sans-serif'; font-size: 10pt;\"><span style=\"color: #000000;\">\u00a0\u00a0\u00a0\u00a0\u00a0\u00a0\u00a0\u00a0\u00a0\u00a0\u00a0\u00a0\u00a0\u00a0\u00a0\u00a0\u00a0\u00a0\u00a0\u00a0\u00a0 <\/span><\/span><\/p>\n<p><span style=\"margin: 0px; line-height: 107%; font-family: 'Arial','sans-serif'; font-size: 10pt;\"><span style=\"color: #000000;\">Die Gesamtbaukosten von rund 76.000 Euro \u00fcberstiegen das Budget nur minimal, obwohl das Geb\u00e4ude, durch gesetzliche Vorschriften, um circa 15 Prozent vergr\u00f6\u00dfert werden musste. Auch am Altbestand wurde, im Rahmen des Umbaus, einiges saniert. Das alte, asbesthaltige Dach wurde entfernt und neu gedeckt. Die Elektrik wurde im Innen- und Au\u00dfenbereich auf stromsparende LED Leuchten umgestellt. T\u00fcren wurden versetzt und erneuert und es wurde alles neu gestrichen. Aus heutiger Sicht ist das \u201e Neue Ger\u00e4tehaus\u201c aus Kosten-Nutzen-Sicht optimal. <\/span><\/span><\/p>\n<p><span style=\"margin: 0px; line-height: 107%; font-family: 'Arial','sans-serif'; font-size: 10pt;\"><span style=\"color: #000000;\">Das Geb\u00e4ude bietet jetzt ausreichend Platz <\/span><\/span><span style=\"margin: 0px; line-height: 107%; font-family: 'Arial','sans-serif'; font-size: 10pt;\"><span style=\"color: #000000;\">f\u00fcr die Ausr\u00fcstung, einen separaten Umkleidebereich, einen Lagerplatz und spart dar\u00fcber hinaus noch wertvolle Energie. Die Kosten haben sich durch die hohe Eigenleistung und die vielen Spenden im kalkulierten Rahmen gehalten. Die Ersparnis durch Eigenleistung der aktiven Wehr liegt bei circa 120.000 Euro.<\/span><\/span><\/p>\n<p><span style=\"margin: 0px; line-height: 107%; font-family: 'Arial','sans-serif'; font-size: 10pt;\"><span style=\"color: #000000;\">Das neue Geb\u00e4ude hinterl\u00e4sst einen modernen und angenehmen Gesamteindruck und wertet den \u00f6ffentlichen Bereich auf. Die Einsatzbereitschaft war zu keiner Zeit beeintr\u00e4chtigt, sagte Torsten Buschlinger in seiner Rede. <\/span><\/span><\/p>\n<p><span style=\"margin: 0px; line-height: 107%; font-family: 'Arial','sans-serif'; font-size: 10pt;\"><span style=\"color: #000000;\">Er bedankte sich bei jedem einzelnen Mitglied seiner Mannschaft, ohne deren unerm\u00fcdlichen Einsatz zus\u00e4tzlich zu dem normalen \u00dcbungs, Ausbildungs und Einsatzbetriebes, das alles nicht m\u00f6glich gewesen w\u00e4re. Er dankte auch den direkten Angeh\u00f6rigen, Frauen und Kindern, die w\u00e4hrend der Bauzeit einiges ertragen mu\u00dften und auf viel verzichtet haben, <\/span><span style=\"color: #000000;\">\u00a0<\/span><span style=\"color: #000000;\">insbesondere seinem Sohn und seinen Eltern.<\/span><\/span><\/p>\n<p><span style=\"margin: 0px; line-height: 107%; font-family: 'Arial','sans-serif'; font-size: 10pt;\"><span style=\"color: #000000;\">Einen besonderen Dank erhielt das Projektteam bestehend aus: Jochen Hummel, Andreas Janz, Michael Roth, Joachim Sch\u00f6fer, Jens Hummel, Andreas Kaiser und Andreas Mersinger. Sie haben sich mit ihren Fachkenntnissen und erheblichem Zeitaufwand an diesem Bau eingebracht .<\/span><\/span><\/p>\n<p><span style=\"margin: 0px; line-height: 107%; font-family: 'Arial','sans-serif'; font-size: 10pt;\"><span style=\"color: #000000;\">Im Anschluss bekamen alle die etwas zum Gelingen des Erweiterungsbaus beigetragen haben ein kleines Geschenk in Form einer Tasse mit dem Motiv des \u201e Neuen Ger\u00e4tehauses\u201c als Dank \u00fcberreicht.<\/span><\/span><\/p>\n<p><span style=\"margin: 0px; line-height: 107%; font-family: 'Arial','sans-serif'; font-size: 10pt;\"><span style=\"color: #000000;\">\u00a0\n<div class=\"ngg-galleryoverview\" id=\"ngg-gallery-139-5457\">\n\n\t<!-- Slideshow link -->\n\t<div class=\"slideshowlink\">\n\t\t<a class=\"slideshowlink\" href=\"https:\/\/feuerwehr-vglambrecht.de\/cms\/2017\/04\/05\/einweihung-geraetehauserweiterung-in-esthal\/nggallery\/slideshow\">\n\t\t\t[Show as slideshow]\t\t<\/a>\n\t<\/div>\n\n\t\n\t<!-- Thumbnails -->\n\t\t\n\t<div id=\"ngg-image-969\" class=\"ngg-gallery-thumbnail-box\"  >\n\t\t<div class=\"ngg-gallery-thumbnail\" >\n\t\t\t<a href=\"https:\/\/feuerwehr-vglambrecht.de\/cms\/wp-content\/gallery\/einweihung-geraetehaus-esthal\/007-umbau-gerc3a4tehaus.jpg\" title=\" \" class=\"shutterset_set_139\" >\n\t\t\t\t\t\t\t\t<img loading=\"lazy\" decoding=\"async\" title=\"007-umbau-gerc3a4tehaus\" alt=\"007-umbau-gerc3a4tehaus\" src=\"https:\/\/feuerwehr-vglambrecht.de\/cms\/wp-content\/gallery\/einweihung-geraetehaus-esthal\/thumbs\/thumbs_007-umbau-gerc3a4tehaus.jpg\" width=\"100\" height=\"75\" \/>\n\t\t\t\t\t\t\t<\/a>\n\t\t<\/div>\n\t<\/div>\n\t\n\t\t\n \t\t\n\t<div id=\"ngg-image-970\" class=\"ngg-gallery-thumbnail-box\"  >\n\t\t<div class=\"ngg-gallery-thumbnail\" >\n\t\t\t<a href=\"https:\/\/feuerwehr-vglambrecht.de\/cms\/wp-content\/gallery\/einweihung-geraetehaus-esthal\/dscn1749.jpg\" title=\" \" class=\"shutterset_set_139\" >\n\t\t\t\t\t\t\t\t<img loading=\"lazy\" decoding=\"async\" title=\"dscn1749\" alt=\"dscn1749\" src=\"https:\/\/feuerwehr-vglambrecht.de\/cms\/wp-content\/gallery\/einweihung-geraetehaus-esthal\/thumbs\/thumbs_dscn1749.jpg\" width=\"100\" height=\"75\" \/>\n\t\t\t\t\t\t\t<\/a>\n\t\t<\/div>\n\t<\/div>\n\t\n\t\t\n \t\t\n\t<div id=\"ngg-image-971\" class=\"ngg-gallery-thumbnail-box\"  >\n\t\t<div class=\"ngg-gallery-thumbnail\" >\n\t\t\t<a href=\"https:\/\/feuerwehr-vglambrecht.de\/cms\/wp-content\/gallery\/einweihung-geraetehaus-esthal\/p1000457.jpg\" title=\" \" class=\"shutterset_set_139\" >\n\t\t\t\t\t\t\t\t<img loading=\"lazy\" decoding=\"async\" title=\"p1000457\" alt=\"p1000457\" src=\"https:\/\/feuerwehr-vglambrecht.de\/cms\/wp-content\/gallery\/einweihung-geraetehaus-esthal\/thumbs\/thumbs_p1000457.jpg\" width=\"100\" height=\"75\" \/>\n\t\t\t\t\t\t\t<\/a>\n\t\t<\/div>\n\t<\/div>\n\t\n\t\t\n \t \t\n\t<!-- Pagination -->\n \t<div class='ngg-clear'><\/div>\n \t\n<\/div>\n\n<\/span><\/span><\/p>\n<p><span style=\"margin: 0px; line-height: 107%; font-family: 'Arial','sans-serif'; font-size: 10pt;\"><span style=\"color: #000000;\">\u00a0<\/span><\/span><\/p>\n","protected":false},"excerpt":{"rendered":"<p>Nach einer Bauzeit von 19 Monaten, in der \u00fcber 4.100 ehrenamtliche Arbeitsstunden erbracht wurden, fand am 2. April 2017 die offizielle Einweihung zur Ger\u00e4tehauserweiterung in Esthal statt. Zu dieser Feier waren \u00fcber 100 geladene G\u00e4ste aus Politik, Feuerwehr, Verwaltung, Kirche, sowie beteiligte Firmen und Privatpersonen gekommen.<\/p>\n","protected":false},"author":5,"featured_media":5463,"comment_status":"closed","ping_status":"closed","sticky":false,"template":"","format":"standard","meta":{"footnotes":""},"categories":[1,6,85],"tags":[],"class_list":["post-5457","post","type-post","status-publish","format-standard","has-post-thumbnail","hentry","category-allgemein","category-fw_esthal","category-umbau_gh"],"better_featured_image":{"id":5463,"alt_text":"","caption":"","description":"","media_type":"image","media_details":{"width":2560,"height":1017,"file":"2017\/04\/007-Umbau-Ger\u00e4tehaus-e1491398952104-scaled.jpg","filesize":300023,"sizes":{"medium_large":{"file":"007-Umbau-Ger\u00e4tehaus-e1491398952104-768x305.jpg","width":768,"height":305,"mime-type":"image\/jpeg","filesize":44029,"source_url":"https:\/\/feuerwehr-vglambrecht.de\/cms\/wp-content\/uploads\/2017\/04\/007-Umbau-Ger\u00e4tehaus-e1491398952104-768x305.jpg"},"1536x1536":{"file":"007-Umbau-Ger\u00e4tehaus-e1491398952104-1536x610.jpg","width":1536,"height":610,"mime-type":"image\/jpeg","filesize":131406,"source_url":"https:\/\/feuerwehr-vglambrecht.de\/cms\/wp-content\/uploads\/2017\/04\/007-Umbau-Ger\u00e4tehaus-e1491398952104-1536x610.jpg"},"2048x2048":{"file":"007-Umbau-Ger\u00e4tehaus-e1491398952104-2048x814.jpg","width":2048,"height":814,"mime-type":"image\/jpeg","filesize":208229,"source_url":"https:\/\/feuerwehr-vglambrecht.de\/cms\/wp-content\/uploads\/2017\/04\/007-Umbau-Ger\u00e4tehaus-e1491398952104-2048x814.jpg"},"wptouch-new-thumbnail":{"file":"007-Umbau-Ger\u00e4tehaus-e1491398952104-144x144.jpg","width":144,"height":144,"mime-type":"image\/jpeg","filesize":5037,"source_url":"https:\/\/feuerwehr-vglambrecht.de\/cms\/wp-content\/uploads\/2017\/04\/007-Umbau-Ger\u00e4tehaus-e1491398952104-144x144.jpg"},"landing_image":{"file":"007-Umbau-Ger\u00e4tehaus-e1491398952104-1024x460.jpg","width":1024,"height":460,"mime-type":"image\/jpeg","filesize":72147,"source_url":"https:\/\/feuerwehr-vglambrecht.de\/cms\/wp-content\/uploads\/2017\/04\/007-Umbau-Ger\u00e4tehaus-e1491398952104-1024x460.jpg"},"foundation-featured-image":{"file":"007-Umbau-Ger\u00e4tehaus-e1491398952104-900x358.jpg","width":900,"height":358,"mime-type":"image\/jpeg","filesize":56756,"source_url":"https:\/\/feuerwehr-vglambrecht.de\/cms\/wp-content\/uploads\/2017\/04\/007-Umbau-Ger\u00e4tehaus-e1491398952104-900x358.jpg"},"thumbnail":{"file":"007-Umbau-Ger\u00e4tehaus-e1491398952104-150x150.jpg","width":150,"height":150,"source_url":"https:\/\/feuerwehr-vglambrecht.de\/cms\/wp-content\/uploads\/2017\/04\/007-Umbau-Ger\u00e4tehaus-e1491398952104-150x150.jpg"},"medium":{"file":"007-Umbau-Ger\u00e4tehaus-e1491398952104-300x119.jpg","width":300,"height":119,"source_url":"https:\/\/feuerwehr-vglambrecht.de\/cms\/wp-content\/uploads\/2017\/04\/007-Umbau-Ger\u00e4tehaus-e1491398952104-300x119.jpg"},"large":{"file":"007-Umbau-Ger\u00e4tehaus-e1491398952104-1024x407.jpg","width":1024,"height":407,"source_url":"https:\/\/feuerwehr-vglambrecht.de\/cms\/wp-content\/uploads\/2017\/04\/007-Umbau-Ger\u00e4tehaus-e1491398952104-1024x407.jpg"}},"image_meta":{"aperture":"0","credit":"","camera":"","caption":"","created_timestamp":"0","copyright":"","focal_length":"0","iso":"0","shutter_speed":"0","title":"","orientation":"0","keywords":[]},"original_image":"007-Umbau-Ger\u00e4tehaus-e1491398952104.jpg","image-converter":{"thumbnail":"IME","medium":"IME","large":"IME"}},"post":5457,"source_url":"https:\/\/feuerwehr-vglambrecht.de\/cms\/wp-content\/uploads\/2017\/04\/007-Umbau-Ger\u00e4tehaus-e1491398952104-scaled.jpg"},"_links":{"self":[{"href":"https:\/\/feuerwehr-vglambrecht.de\/cms\/wp-json\/wp\/v2\/posts\/5457","targetHints":{"allow":["GET"]}}],"collection":[{"href":"https:\/\/feuerwehr-vglambrecht.de\/cms\/wp-json\/wp\/v2\/posts"}],"about":[{"href":"https:\/\/feuerwehr-vglambrecht.de\/cms\/wp-json\/wp\/v2\/types\/post"}],"author":[{"embeddable":true,"href":"https:\/\/feuerwehr-vglambrecht.de\/cms\/wp-json\/wp\/v2\/users\/5"}],"replies":[{"embeddable":true,"href":"https:\/\/feuerwehr-vglambrecht.de\/cms\/wp-json\/wp\/v2\/comments?post=5457"}],"version-history":[{"count":4,"href":"https:\/\/feuerwehr-vglambrecht.de\/cms\/wp-json\/wp\/v2\/posts\/5457\/revisions"}],"predecessor-version":[{"id":5462,"href":"https:\/\/feuerwehr-vglambrecht.de\/cms\/wp-json\/wp\/v2\/posts\/5457\/revisions\/5462"}],"wp:featuredmedia":[{"embeddable":true,"href":"https:\/\/feuerwehr-vglambrecht.de\/cms\/wp-json\/wp\/v2\/media\/5463"}],"wp:attachment":[{"href":"https:\/\/feuerwehr-vglambrecht.de\/cms\/wp-json\/wp\/v2\/media?parent=5457"}],"wp:term":[{"taxonomy":"category","embeddable":true,"href":"https:\/\/feuerwehr-vglambrecht.de\/cms\/wp-json\/wp\/v2\/categories?post=5457"},{"taxonomy":"post_tag","embeddable":true,"href":"https:\/\/feuerwehr-vglambrecht.de\/cms\/wp-json\/wp\/v2\/tags?post=5457"}],"curies":[{"name":"wp","href":"https:\/\/api.w.org\/{rel}","templated":true}]}}