{"id":4079,"date":"2016-07-10T15:12:51","date_gmt":"2016-07-10T13:12:51","guid":{"rendered":"https:\/\/feuerwehr-vglambrecht.de\/cms\/?p=4079"},"modified":"2016-08-04T01:57:00","modified_gmt":"2016-08-03T23:57:00","slug":"uebung-gueterwagen-in-vollbrand","status":"publish","type":"post","link":"https:\/\/feuerwehr-vglambrecht.de\/cms\/2016\/07\/10\/uebung-gueterwagen-in-vollbrand\/","title":{"rendered":"\u00dcbung: G\u00fcterwagen in Vollbrand"},"content":{"rendered":"<p>Die Feuerwehren Neidenfels und Weidenthal fanden sich im Rahmen einer gemeinsamen \u00dcbung am Freitag, den 02.07.2016 in Neidenfels zusammen. Angenommen wurde der Brand eines G\u00fcterwagens in einem Verladebahnhof. <!--more-->Zur Brandbek\u00e4mpfung gingen erste Trupps unter Atemschutz durch das Geb\u00e4ude vor. Parallel dazu wurde ein weiterer Angriffsweg \u00fcber eine Leiterbr\u00fccke aufgebaut, \u00fcber welche dann die weitere Brandbek\u00e4mpfung und Wasserversorgung durchgef\u00fchrt wurde.<\/p>\n<p>Bei dieser \u00dcbung wurde der Umgang mit den besonderen Gegebenheiten des Bahnhofs, sowie eines G\u00fcterwagenbrandes ge\u00fcbt. So wurden z.B. die besten Wege gesucht, um trotz schwierigem Gel\u00e4nde, m\u00f6glichst schnell eine Wasserversorgung zu errichten um den Wagen zu erreichen. Ebenso wurde sich mit den n\u00e4chstgelegenen Wasserentnahmestellen, auch innerhalb des Geb\u00e4udes, vertraut gemacht, damit im Ernstfall alle Entnahmepunkte schnell gefunden werden.<\/p>\n\n<div class=\"ngg-galleryoverview\" id=\"ngg-gallery-95-4079\">\n\n\t<!-- Slideshow link -->\n\t<div class=\"slideshowlink\">\n\t\t<a class=\"slideshowlink\" href=\"https:\/\/feuerwehr-vglambrecht.de\/cms\/2016\/07\/10\/uebung-gueterwagen-in-vollbrand\/nggallery\/slideshow\">\n\t\t\t[Show as slideshow]\t\t<\/a>\n\t<\/div>\n\n\t\n\t<!-- Thumbnails -->\n\t\t\n\t<div id=\"ngg-image-768\" class=\"ngg-gallery-thumbnail-box\"  >\n\t\t<div class=\"ngg-gallery-thumbnail\" >\n\t\t\t<a href=\"https:\/\/feuerwehr-vglambrecht.de\/cms\/wp-content\/gallery\/uebung-gueterwagen-neidenfels-weidenthal\/dsc_0143.jpg\" title=\" \" class=\"shutterset_set_95\" >\n\t\t\t\t\t\t\t\t<img loading=\"lazy\" decoding=\"async\" title=\"dsc_0143\" alt=\"dsc_0143\" src=\"https:\/\/feuerwehr-vglambrecht.de\/cms\/wp-content\/gallery\/uebung-gueterwagen-neidenfels-weidenthal\/thumbs\/thumbs_dsc_0143.jpg\" width=\"100\" height=\"75\" \/>\n\t\t\t\t\t\t\t<\/a>\n\t\t<\/div>\n\t<\/div>\n\t\n\t\t\n \t\t\n\t<div id=\"ngg-image-763\" class=\"ngg-gallery-thumbnail-box\"  >\n\t\t<div class=\"ngg-gallery-thumbnail\" >\n\t\t\t<a href=\"https:\/\/feuerwehr-vglambrecht.de\/cms\/wp-content\/gallery\/uebung-gueterwagen-neidenfels-weidenthal\/20160701_192254.jpg\" title=\" \" class=\"shutterset_set_95\" >\n\t\t\t\t\t\t\t\t<img loading=\"lazy\" decoding=\"async\" title=\"20160701_192254\" alt=\"20160701_192254\" src=\"https:\/\/feuerwehr-vglambrecht.de\/cms\/wp-content\/gallery\/uebung-gueterwagen-neidenfels-weidenthal\/thumbs\/thumbs_20160701_192254.jpg\" width=\"100\" height=\"75\" \/>\n\t\t\t\t\t\t\t<\/a>\n\t\t<\/div>\n\t<\/div>\n\t\n\t\t\n \t\t\n\t<div id=\"ngg-image-764\" class=\"ngg-gallery-thumbnail-box\"  >\n\t\t<div class=\"ngg-gallery-thumbnail\" >\n\t\t\t<a href=\"https:\/\/feuerwehr-vglambrecht.de\/cms\/wp-content\/gallery\/uebung-gueterwagen-neidenfels-weidenthal\/20160701_193210.jpg\" title=\" \" class=\"shutterset_set_95\" >\n\t\t\t\t\t\t\t\t<img loading=\"lazy\" decoding=\"async\" title=\"20160701_193210\" alt=\"20160701_193210\" src=\"https:\/\/feuerwehr-vglambrecht.de\/cms\/wp-content\/gallery\/uebung-gueterwagen-neidenfels-weidenthal\/thumbs\/thumbs_20160701_193210.jpg\" width=\"100\" height=\"75\" \/>\n\t\t\t\t\t\t\t<\/a>\n\t\t<\/div>\n\t<\/div>\n\t\n\t\t\n \t\t\n\t<div id=\"ngg-image-765\" class=\"ngg-gallery-thumbnail-box\"  >\n\t\t<div class=\"ngg-gallery-thumbnail\" >\n\t\t\t<a href=\"https:\/\/feuerwehr-vglambrecht.de\/cms\/wp-content\/gallery\/uebung-gueterwagen-neidenfels-weidenthal\/20160701_193223.jpg\" title=\" \" class=\"shutterset_set_95\" >\n\t\t\t\t\t\t\t\t<img loading=\"lazy\" decoding=\"async\" title=\"20160701_193223\" alt=\"20160701_193223\" src=\"https:\/\/feuerwehr-vglambrecht.de\/cms\/wp-content\/gallery\/uebung-gueterwagen-neidenfels-weidenthal\/thumbs\/thumbs_20160701_193223.jpg\" width=\"100\" height=\"75\" \/>\n\t\t\t\t\t\t\t<\/a>\n\t\t<\/div>\n\t<\/div>\n\t\n\t\t\n \t\t\n\t<div id=\"ngg-image-766\" class=\"ngg-gallery-thumbnail-box\"  >\n\t\t<div class=\"ngg-gallery-thumbnail\" >\n\t\t\t<a href=\"https:\/\/feuerwehr-vglambrecht.de\/cms\/wp-content\/gallery\/uebung-gueterwagen-neidenfels-weidenthal\/dsc_0138.jpg\" title=\" \" class=\"shutterset_set_95\" >\n\t\t\t\t\t\t\t\t<img loading=\"lazy\" decoding=\"async\" title=\"dsc_0138\" alt=\"dsc_0138\" src=\"https:\/\/feuerwehr-vglambrecht.de\/cms\/wp-content\/gallery\/uebung-gueterwagen-neidenfels-weidenthal\/thumbs\/thumbs_dsc_0138.jpg\" width=\"100\" height=\"75\" \/>\n\t\t\t\t\t\t\t<\/a>\n\t\t<\/div>\n\t<\/div>\n\t\n\t\t\n \t\t\n\t<div id=\"ngg-image-767\" class=\"ngg-gallery-thumbnail-box\"  >\n\t\t<div class=\"ngg-gallery-thumbnail\" >\n\t\t\t<a href=\"https:\/\/feuerwehr-vglambrecht.de\/cms\/wp-content\/gallery\/uebung-gueterwagen-neidenfels-weidenthal\/dsc_0141.jpg\" title=\" \" class=\"shutterset_set_95\" >\n\t\t\t\t\t\t\t\t<img loading=\"lazy\" decoding=\"async\" title=\"dsc_0141\" alt=\"dsc_0141\" src=\"https:\/\/feuerwehr-vglambrecht.de\/cms\/wp-content\/gallery\/uebung-gueterwagen-neidenfels-weidenthal\/thumbs\/thumbs_dsc_0141.jpg\" width=\"100\" height=\"75\" \/>\n\t\t\t\t\t\t\t<\/a>\n\t\t<\/div>\n\t<\/div>\n\t\n\t\t\n \t \t\n\t<!-- Pagination -->\n \t<div class='ngg-clear'><\/div>\n \t\n<\/div>\n\n\n","protected":false},"excerpt":{"rendered":"<p>Die Feuerwehren Neidenfels und Weidenthal fanden sich im Rahmen einer gemeinsamen \u00dcbung am Freitag, den 02.07.2016 in Neidenfels zusammen. Angenommen wurde der Brand eines G\u00fcterwagens in einem Verladebahnhof.<\/p>\n","protected":false},"author":1,"featured_media":4161,"comment_status":"closed","ping_status":"closed","sticky":false,"template":"","format":"standard","meta":{"footnotes":""},"categories":[73,72],"tags":[],"class_list":["post-4079","post","type-post","status-publish","format-standard","has-post-thumbnail","hentry","category-fw_neidenfels","category-fw_weidenthal"],"better_featured_image":{"id":4161,"alt_text":"","caption":"","description":"","media_type":"image","media_details":{"width":1920,"height":816,"file":"2016\/07\/dsc_0143-e1470268600612.jpg","filesize":379707,"sizes":{"medium_large":{"file":"dsc_0143-e1470268600612-768x326.jpg","width":768,"height":326,"mime-type":"image\/jpeg","filesize":100633,"source_url":"https:\/\/feuerwehr-vglambrecht.de\/cms\/wp-content\/uploads\/2016\/07\/dsc_0143-e1470268600612-768x326.jpg"},"1536x1536":{"file":"dsc_0143-e1470268600612-1536x653.jpg","width":1536,"height":653,"mime-type":"image\/jpeg","filesize":260019,"source_url":"https:\/\/feuerwehr-vglambrecht.de\/cms\/wp-content\/uploads\/2016\/07\/dsc_0143-e1470268600612-1536x653.jpg"},"wptouch-new-thumbnail":{"file":"dsc_0143-e1470268600612-144x144.jpg","width":144,"height":144,"mime-type":"image\/jpeg","filesize":35433,"source_url":"https:\/\/feuerwehr-vglambrecht.de\/cms\/wp-content\/uploads\/2016\/07\/dsc_0143-e1470268600612-144x144.jpg"},"landing_image":{"file":"dsc_0143-e1470268600612-1024x460.jpg","width":1024,"height":460,"mime-type":"image\/jpeg","filesize":154993,"source_url":"https:\/\/feuerwehr-vglambrecht.de\/cms\/wp-content\/uploads\/2016\/07\/dsc_0143-e1470268600612-1024x460.jpg"},"foundation-featured-image":{"file":"dsc_0143-e1470268600612-900x383.jpg","width":900,"height":383,"mime-type":"image\/jpeg","filesize":124128,"source_url":"https:\/\/feuerwehr-vglambrecht.de\/cms\/wp-content\/uploads\/2016\/07\/dsc_0143-e1470268600612-900x383.jpg"},"thumbnail":{"file":"dsc_0143-e1470268600612-150x150.jpg","width":150,"height":150,"source_url":"https:\/\/feuerwehr-vglambrecht.de\/cms\/wp-content\/uploads\/2016\/07\/dsc_0143-e1470268600612-150x150.jpg"},"medium":{"file":"dsc_0143-e1470268600612-300x128.jpg","width":300,"height":128,"source_url":"https:\/\/feuerwehr-vglambrecht.de\/cms\/wp-content\/uploads\/2016\/07\/dsc_0143-e1470268600612-300x128.jpg"},"large":{"file":"dsc_0143-e1470268600612-1024x435.jpg","width":1024,"height":435,"source_url":"https:\/\/feuerwehr-vglambrecht.de\/cms\/wp-content\/uploads\/2016\/07\/dsc_0143-e1470268600612-1024x435.jpg"}},"image_meta":{"aperture":"2","credit":"","camera":"E5823","caption":"","created_timestamp":"1467401288","copyright":"","focal_length":"4.23","iso":"40","shutter_speed":"0.0015625","title":"","orientation":"1","keywords":[]},"image-converter":{"thumbnail":"IME","medium":"IME","large":"IME"}},"post":4079,"source_url":"https:\/\/feuerwehr-vglambrecht.de\/cms\/wp-content\/uploads\/2016\/07\/dsc_0143-e1470268600612.jpg"},"_links":{"self":[{"href":"https:\/\/feuerwehr-vglambrecht.de\/cms\/wp-json\/wp\/v2\/posts\/4079","targetHints":{"allow":["GET"]}}],"collection":[{"href":"https:\/\/feuerwehr-vglambrecht.de\/cms\/wp-json\/wp\/v2\/posts"}],"about":[{"href":"https:\/\/feuerwehr-vglambrecht.de\/cms\/wp-json\/wp\/v2\/types\/post"}],"author":[{"embeddable":true,"href":"https:\/\/feuerwehr-vglambrecht.de\/cms\/wp-json\/wp\/v2\/users\/1"}],"replies":[{"embeddable":true,"href":"https:\/\/feuerwehr-vglambrecht.de\/cms\/wp-json\/wp\/v2\/comments?post=4079"}],"version-history":[{"count":4,"href":"https:\/\/feuerwehr-vglambrecht.de\/cms\/wp-json\/wp\/v2\/posts\/4079\/revisions"}],"predecessor-version":[{"id":4084,"href":"https:\/\/feuerwehr-vglambrecht.de\/cms\/wp-json\/wp\/v2\/posts\/4079\/revisions\/4084"}],"wp:featuredmedia":[{"embeddable":true,"href":"https:\/\/feuerwehr-vglambrecht.de\/cms\/wp-json\/wp\/v2\/media\/4161"}],"wp:attachment":[{"href":"https:\/\/feuerwehr-vglambrecht.de\/cms\/wp-json\/wp\/v2\/media?parent=4079"}],"wp:term":[{"taxonomy":"category","embeddable":true,"href":"https:\/\/feuerwehr-vglambrecht.de\/cms\/wp-json\/wp\/v2\/categories?post=4079"},{"taxonomy":"post_tag","embeddable":true,"href":"https:\/\/feuerwehr-vglambrecht.de\/cms\/wp-json\/wp\/v2\/tags?post=4079"}],"curies":[{"name":"wp","href":"https:\/\/api.w.org\/{rel}","templated":true}]}}