{"id":4017,"date":"2016-06-13T14:34:03","date_gmt":"2016-06-13T12:34:03","guid":{"rendered":"https:\/\/feuerwehr-vglambrecht.de\/cms\/?p=4017"},"modified":"2016-06-13T22:28:58","modified_gmt":"2016-06-13T20:28:58","slug":"erfolgreiche-teilnahme-beim-hoechsten-treppenlauf-in-europa","status":"publish","type":"post","link":"https:\/\/feuerwehr-vglambrecht.de\/cms\/2016\/06\/13\/erfolgreiche-teilnahme-beim-hoechsten-treppenlauf-in-europa\/","title":{"rendered":"Erfolgreiche Teilnahme beim h\u00f6chsten Treppenlauf in Europa"},"content":{"rendered":"<p>Am Sonntag den 12.06.2016 nahmen 6 Kameraden der Freiwilligen Feuerwehr <span class=\"_58cm\">Lambrecht\u202c<\/span> beim 10. SKY-Run im Frankfurter Messeturm teil.<!--more--><\/p>\n<p>Ziel war es, 61 Stockwerke mit 1202 Treppenstufen und 222 H\u00f6henmeter unter voller Feuerwehrausr\u00fcstung mit \u00dcberhose, \u00dcberjacke, Feuerwehrhelm, Feuerwehrhandschuhe, Feuerwehrstiefel und Atemschutzger\u00e4t zu bezwingen. Kleidung, die haupts\u00e4chlich f\u00fcr den Innenangriff in brennenden Geb\u00e4ude<span class=\"text_exposed_hide\">&#8230;<\/span><span class=\"text_exposed_show\">n verwendet wird und dem Tr\u00e4ger ein zus\u00e4tzliches Gewicht von ca. 30 Kilogramm zu seinem eigenen K\u00f6rpergewicht beschert.<br \/>\nDer h\u00f6chste Treppenhauslauf in Europa bietet mit seinem au\u00dfergew\u00f6hnlich verwinkelten Treppenhaus eine besondere Herausforderung. <\/span><\/p>\n<div class=\"text_exposed_show\">\n<p>Insgesamt gingen 32 Teams in der Kategorie ,,FFC Fighter\u201c an den Start.<\/p>\n<p>Den 14. Platz in der Teamwertung belegte ,,Feuerwehr Lambrecht 1\u201c mit den Startern;<br \/>\nSven Thomas &#8211; Zeit: 18:06 min<br \/>\nSascha K\u00f6ppler &#8211; Zeit: 18:09 min<br \/>\nund Sven Wolf &#8211; Zeit: 19:54 min.<\/p>\n<p>Den 18. Platz in der Teamwertung belegte ,,Feuerwehr Lambrecht 2\u201c mit den Startern;<br \/>\nKevin Klein, &#8211; Zeit: 18:15 min<br \/>\nSebastian K\u00f6llisch , &#8211; Zeit: 19:22 min<br \/>\nund Marco Hartmann &#8211; Zeit: 24min<\/p>\n<p>Sebastian K\u00f6llisch, welcher bei der Feuerwehr Neustadt sein Ehrenamt ausf\u00fchrt, sprang kurzfristig ins Team von ,,Feuerwehr Lambrecht 2\u201c ein. Hierf\u00fcr nochmals VIELEN DANK.<\/p>\n<p>Die Teilnehmer der Lambrechter Wehr bedankten sich f\u00fcr die gut organisierte Veranstaltung und freut sich auf ein Wiedersehen im n\u00e4chsten Jahr.<\/p>\n<p>Bild 1: Gruppenbild der beiden Teams nach dem Lauf mit den Medallien<br \/>\nBild 2: Messeturm Frankfurt kurz vor der Ankunft<br \/>\nBild 3: Ausblick \u00fcber Frankfurt im 61. Stockwerk<br \/>\nBild 4: Messeturm Frankfurt<\/p>\n<p>Textquelle: Feuerwehr Presseteam der VG Lambrecht<br \/>\nBildquelle: Feuerwehr Presseteam der VG Lambrecht<\/p>\n\n<div class=\"ngg-galleryoverview\" id=\"ngg-gallery-91-4017\">\n\n\t<!-- Slideshow link -->\n\t<div class=\"slideshowlink\">\n\t\t<a class=\"slideshowlink\" href=\"https:\/\/feuerwehr-vglambrecht.de\/cms\/2016\/06\/13\/erfolgreiche-teilnahme-beim-hoechsten-treppenlauf-in-europa\/nggallery\/slideshow\">\n\t\t\t[Show as slideshow]\t\t<\/a>\n\t<\/div>\n\n\t\n\t<!-- Thumbnails -->\n\t\t\n\t<div id=\"ngg-image-756\" class=\"ngg-gallery-thumbnail-box\"  >\n\t\t<div class=\"ngg-gallery-thumbnail\" >\n\t\t\t<a href=\"https:\/\/feuerwehr-vglambrecht.de\/cms\/wp-content\/gallery\/treppenlauf-frankfurt\/img_2742.jpg\" title=\" \" class=\"shutterset_set_91\" >\n\t\t\t\t\t\t\t\t<img loading=\"lazy\" decoding=\"async\" title=\"img_2742\" alt=\"img_2742\" src=\"https:\/\/feuerwehr-vglambrecht.de\/cms\/wp-content\/gallery\/treppenlauf-frankfurt\/thumbs\/thumbs_img_2742.jpg\" width=\"100\" height=\"75\" \/>\n\t\t\t\t\t\t\t<\/a>\n\t\t<\/div>\n\t<\/div>\n\t\n\t\t\n \t\t\n\t<div id=\"ngg-image-757\" class=\"ngg-gallery-thumbnail-box\"  >\n\t\t<div class=\"ngg-gallery-thumbnail\" >\n\t\t\t<a href=\"https:\/\/feuerwehr-vglambrecht.de\/cms\/wp-content\/gallery\/treppenlauf-frankfurt\/img_2749.jpg\" title=\" \" class=\"shutterset_set_91\" >\n\t\t\t\t\t\t\t\t<img loading=\"lazy\" decoding=\"async\" title=\"img_2749\" alt=\"img_2749\" src=\"https:\/\/feuerwehr-vglambrecht.de\/cms\/wp-content\/gallery\/treppenlauf-frankfurt\/thumbs\/thumbs_img_2749.jpg\" width=\"100\" height=\"75\" \/>\n\t\t\t\t\t\t\t<\/a>\n\t\t<\/div>\n\t<\/div>\n\t\n\t\t\n \t\t\n\t<div id=\"ngg-image-758\" class=\"ngg-gallery-thumbnail-box\"  >\n\t\t<div class=\"ngg-gallery-thumbnail\" >\n\t\t\t<a href=\"https:\/\/feuerwehr-vglambrecht.de\/cms\/wp-content\/gallery\/treppenlauf-frankfurt\/img_2753.jpg\" title=\" \" class=\"shutterset_set_91\" >\n\t\t\t\t\t\t\t\t<img loading=\"lazy\" decoding=\"async\" title=\"img_2753\" alt=\"img_2753\" src=\"https:\/\/feuerwehr-vglambrecht.de\/cms\/wp-content\/gallery\/treppenlauf-frankfurt\/thumbs\/thumbs_img_2753.jpg\" width=\"100\" height=\"75\" \/>\n\t\t\t\t\t\t\t<\/a>\n\t\t<\/div>\n\t<\/div>\n\t\n\t\t\n \t\t\n\t<div id=\"ngg-image-759\" class=\"ngg-gallery-thumbnail-box\"  >\n\t\t<div class=\"ngg-gallery-thumbnail\" >\n\t\t\t<a href=\"https:\/\/feuerwehr-vglambrecht.de\/cms\/wp-content\/gallery\/treppenlauf-frankfurt\/img_2756.jpg\" title=\" \" class=\"shutterset_set_91\" >\n\t\t\t\t\t\t\t\t<img loading=\"lazy\" decoding=\"async\" title=\"img_2756\" alt=\"img_2756\" src=\"https:\/\/feuerwehr-vglambrecht.de\/cms\/wp-content\/gallery\/treppenlauf-frankfurt\/thumbs\/thumbs_img_2756.jpg\" width=\"100\" height=\"75\" \/>\n\t\t\t\t\t\t\t<\/a>\n\t\t<\/div>\n\t<\/div>\n\t\n\t\t\n \t \t\n\t<!-- Pagination -->\n \t<div class='ngg-clear'><\/div>\n \t\n<\/div>\n\n\n<\/div>\n","protected":false},"excerpt":{"rendered":"<p>Am Sonntag den 12.06.2016 nahmen 6 Kameraden der Freiwilligen Feuerwehr Lambrecht\u202c beim 10. SKY-Run im Frankfurter Messeturm teil.<\/p>\n","protected":false},"author":1,"featured_media":4020,"comment_status":"closed","ping_status":"closed","sticky":false,"template":"","format":"standard","meta":{"footnotes":""},"categories":[1,4,71,2,3],"tags":[],"class_list":["post-4017","post","type-post","status-publish","format-standard","has-post-thumbnail","hentry","category-allgemein","category-einheiten","category-fw_lambrecht","category-new","category-news"],"better_featured_image":{"id":4020,"alt_text":"","caption":"","description":"","media_type":"image","media_details":{"width":1587,"height":507,"file":"2016\/06\/IMG_2753-e1465849729913.jpg","filesize":195148,"sizes":{"medium_large":{"file":"IMG_2753-e1465849729913-768x245.jpg","width":768,"height":245,"mime-type":"image\/jpeg","filesize":53424,"source_url":"https:\/\/feuerwehr-vglambrecht.de\/cms\/wp-content\/uploads\/2016\/06\/IMG_2753-e1465849729913-768x245.jpg"},"1536x1536":{"file":"IMG_2753-e1465849729913-1536x491.jpg","width":1536,"height":491,"mime-type":"image\/jpeg","filesize":165822,"source_url":"https:\/\/feuerwehr-vglambrecht.de\/cms\/wp-content\/uploads\/2016\/06\/IMG_2753-e1465849729913-1536x491.jpg"},"wptouch-new-thumbnail":{"file":"IMG_2753-e1465849729913-144x144.jpg","width":144,"height":144,"mime-type":"image\/jpeg","filesize":8028,"source_url":"https:\/\/feuerwehr-vglambrecht.de\/cms\/wp-content\/uploads\/2016\/06\/IMG_2753-e1465849729913-144x144.jpg"},"landing_image":{"file":"IMG_2753-e1465849729913-1024x460.jpg","width":1024,"height":460,"mime-type":"image\/jpeg","filesize":110290,"source_url":"https:\/\/feuerwehr-vglambrecht.de\/cms\/wp-content\/uploads\/2016\/06\/IMG_2753-e1465849729913-1024x460.jpg"},"foundation-featured-image":{"file":"IMG_2753-e1465849729913-900x288.jpg","width":900,"height":288,"mime-type":"image\/jpeg","filesize":69259,"source_url":"https:\/\/feuerwehr-vglambrecht.de\/cms\/wp-content\/uploads\/2016\/06\/IMG_2753-e1465849729913-900x288.jpg"},"thumbnail":{"file":"IMG_2753-e1465849729913-150x150.jpg","width":150,"height":150,"source_url":"https:\/\/feuerwehr-vglambrecht.de\/cms\/wp-content\/uploads\/2016\/06\/IMG_2753-e1465849729913-150x150.jpg"},"medium":{"file":"IMG_2753-e1465849729913-300x96.jpg","width":300,"height":96,"source_url":"https:\/\/feuerwehr-vglambrecht.de\/cms\/wp-content\/uploads\/2016\/06\/IMG_2753-e1465849729913-300x96.jpg"},"large":{"file":"IMG_2753-e1465849729913-1024x327.jpg","width":1024,"height":327,"source_url":"https:\/\/feuerwehr-vglambrecht.de\/cms\/wp-content\/uploads\/2016\/06\/IMG_2753-e1465849729913-1024x327.jpg"}},"image_meta":{"aperture":"0","credit":"","camera":"","caption":"","created_timestamp":"0","copyright":"","focal_length":"0","iso":"0","shutter_speed":"0","title":"","orientation":"0","keywords":[]},"image-converter":{"thumbnail":"IME","medium":"IME","large":"IME"}},"post":4017,"source_url":"https:\/\/feuerwehr-vglambrecht.de\/cms\/wp-content\/uploads\/2016\/06\/IMG_2753-e1465849729913.jpg"},"_links":{"self":[{"href":"https:\/\/feuerwehr-vglambrecht.de\/cms\/wp-json\/wp\/v2\/posts\/4017","targetHints":{"allow":["GET"]}}],"collection":[{"href":"https:\/\/feuerwehr-vglambrecht.de\/cms\/wp-json\/wp\/v2\/posts"}],"about":[{"href":"https:\/\/feuerwehr-vglambrecht.de\/cms\/wp-json\/wp\/v2\/types\/post"}],"author":[{"embeddable":true,"href":"https:\/\/feuerwehr-vglambrecht.de\/cms\/wp-json\/wp\/v2\/users\/1"}],"replies":[{"embeddable":true,"href":"https:\/\/feuerwehr-vglambrecht.de\/cms\/wp-json\/wp\/v2\/comments?post=4017"}],"version-history":[{"count":4,"href":"https:\/\/feuerwehr-vglambrecht.de\/cms\/wp-json\/wp\/v2\/posts\/4017\/revisions"}],"predecessor-version":[{"id":4022,"href":"https:\/\/feuerwehr-vglambrecht.de\/cms\/wp-json\/wp\/v2\/posts\/4017\/revisions\/4022"}],"wp:featuredmedia":[{"embeddable":true,"href":"https:\/\/feuerwehr-vglambrecht.de\/cms\/wp-json\/wp\/v2\/media\/4020"}],"wp:attachment":[{"href":"https:\/\/feuerwehr-vglambrecht.de\/cms\/wp-json\/wp\/v2\/media?parent=4017"}],"wp:term":[{"taxonomy":"category","embeddable":true,"href":"https:\/\/feuerwehr-vglambrecht.de\/cms\/wp-json\/wp\/v2\/categories?post=4017"},{"taxonomy":"post_tag","embeddable":true,"href":"https:\/\/feuerwehr-vglambrecht.de\/cms\/wp-json\/wp\/v2\/tags?post=4017"}],"curies":[{"name":"wp","href":"https:\/\/api.w.org\/{rel}","templated":true}]}}