{"id":3022,"date":"2016-05-18T11:22:52","date_gmt":"2016-05-18T09:22:52","guid":{"rendered":"http:\/\/feuerwehr-vglambrecht.de\/cms\/?p=3022"},"modified":"2016-05-18T11:32:26","modified_gmt":"2016-05-18T09:32:26","slug":"richtfest-bei-der-geraetehauserweiterung-der-fw-esthal","status":"publish","type":"post","link":"https:\/\/feuerwehr-vglambrecht.de\/cms\/2016\/05\/18\/richtfest-bei-der-geraetehauserweiterung-der-fw-esthal\/","title":{"rendered":"Richtfest bei der Ger\u00e4tehauserweiterung der Feuerwehr Esthal"},"content":{"rendered":"<p style=\"text-align: center;\"><strong>\u00a0 \u00a0Rohbaufertigstellung und Richtfest gefeiert<\/strong><\/p>\n<p style=\"text-align: center;\">( \u00dcber 2000 ehrenamtliche Arbeitsstunden bereits geleistet )<\/p>\n<p style=\"text-align: justify;\">Nachdem am 4. September 2015 der offizielle Spatenstich zur Erweiterung des Ger\u00e4tehauses der Feuerwehr\u00a0 Esthal erfolgte, konnte\u00a0 am 17. Mai 2016 mit folgenden Anwesenden:\u00a0 VG B\u00fcrgermeister Manfred Kirr, Beigeordnete Seiberth und Rey, Ortsb\u00fcrgermeister Gernot Kuhn mit Beigeordnetem Bernd Paulig, \u00a0Mitglieder des Verbandsgemeinderates, Wehrleitung , Wehrf\u00fchrer und Stellvertreter der VG Feuerwehren,\u00a0 Mannschaft der Feuerwehr Esthal , Firmen und Helfern, die Rohbaufertigstellung und das Richtfest gefeiert werden.<!--more--><\/p>\n<p style=\"text-align: justify;\">Die bisherigen Arbeiten wurden alle in ehrenamtlicher Eigenleistung, zus\u00e4tzlich zu den normalen Arbeitsstunden (Eins\u00e4tze, \u00dcbungen, Arbeitsdienste), erbracht. Dies erforderte bisher einen hohen Einsatz der Mannschaft der Feuerwehr Esthal. Die Arbeiten liegen voll im Zeitplan, obwohl das Dach des Altbaus des Ger\u00e4tehauses mitsaniert wurde.<\/p>\n<p style=\"text-align: justify;\">Durch die kompetente, fachliche und freundliche Unterst\u00fctzung von einigen Firmen, privaten B\u00fcrgern,\u00a0 ehemaligen Wehrleuten und Mitgliedern der Feuerwehren Frankeneck und Elmstein, konnte so der bisherige Baufortschritt recht z\u00fcgig erreicht werden.<\/p>\n<p style=\"text-align: justify;\">Die B\u00fcrger der Gemeinde Esthal und der ganzen Verbandsgemeinde k\u00f6nnen stolz sein, eine so tatkr\u00e4ftige Truppe hinter sich zu wissen, auf die man sich immer verlassen kann.<\/p>\n<p style=\"text-align: justify;\"><strong>Unsere Partner am Bau:<\/strong><\/p>\n<p style=\"text-align: justify;\">Firma Mersinger Stra\u00dfenbauer &amp; Maurermeisterbetrieb\u00a0 Esthal<\/p>\n<p style=\"text-align: justify;\">Firma Migdal Zimmerei, Dachdeckerei, Ger\u00fcstbau Lambrecht<\/p>\n<p style=\"text-align: justify;\">Firma Raab Karcher Baustoffe NL.\u00a0 Neustadt \/ Weinstra\u00dfe<\/p>\n<p style=\"text-align: justify;\">Firma Gerst Recycling\u00a0\u00a0 Neustadt \/ Weinstra\u00dfe<\/p>\n<p style=\"text-align: justify;\">Firma Datzer Sand und Kiesvertrieb\u00a0 Sattelm\u00fchle-Frankeneck<\/p>\n<p style=\"text-align: justify;\">Firma Joachim Roth Steinmetzmeisterbetrieb\u00a0 Esthal<\/p>\n<p style=\"text-align: justify;\">Firma Geocontrol Beratungsgesellschaft f\u00fcr Erd- und Grundbau Frankeneck<\/p>\n<p style=\"text-align: justify;\">Firma Blum Architektur\u00a0 Esthal<\/p>\n<p style=\"text-align: justify;\">Dipl. Ing. ( FH ) Patrik Wolf\u00a0 Esthal<\/p>\n<p style=\"text-align: justify;\">Firma Hessler Elektrotechnik Lindenberg<\/p>\n<p style=\"text-align: justify;\">Firma Ludwig Meyer Fenster und T\u00fcren Neustadt \/ Weinstrasse<\/p>\n<p style=\"text-align: justify;\">Firma Sonflie Sonnenschutz &amp; Fliegengitter Neustadt \/ Weinstrasse<\/p>\n<p style=\"text-align: justify;\">Forstgut Sattelm\u00fchle<\/p>\n<p style=\"text-align: justify;\"><strong>Private Personen<\/strong>:<\/p>\n<p style=\"text-align: justify;\">Harald Ziegler,\u00a0 Peter Schwarz, Fam. Stefan Farbacher, Theo Neubert, Dietmar Kaiser, Helmut Schmitt, Rainer Roth<\/p>\n<p style=\"text-align: justify;\">\n<div class=\"ngg-galleryoverview\" id=\"ngg-gallery-82-3022\">\n\n\t<!-- Slideshow link -->\n\t<div class=\"slideshowlink\">\n\t\t<a class=\"slideshowlink\" href=\"https:\/\/feuerwehr-vglambrecht.de\/cms\/2016\/05\/18\/richtfest-bei-der-geraetehauserweiterung-der-fw-esthal\/nggallery\/slideshow\">\n\t\t\t[Show as slideshow]\t\t<\/a>\n\t<\/div>\n\n\t\n\t<!-- Thumbnails -->\n\t\t\n\t<div id=\"ngg-image-720\" class=\"ngg-gallery-thumbnail-box\"  >\n\t\t<div class=\"ngg-gallery-thumbnail\" >\n\t\t\t<a href=\"https:\/\/feuerwehr-vglambrecht.de\/cms\/wp-content\/gallery\/richtfest-fw-esthal\/dsc09279.jpg\" title=\" \" class=\"shutterset_set_82\" >\n\t\t\t\t\t\t\t\t<img loading=\"lazy\" decoding=\"async\" title=\"SONY DSC\" alt=\"SONY DSC\" src=\"https:\/\/feuerwehr-vglambrecht.de\/cms\/wp-content\/gallery\/richtfest-fw-esthal\/thumbs\/thumbs_dsc09279.jpg\" width=\"100\" height=\"75\" \/>\n\t\t\t\t\t\t\t<\/a>\n\t\t<\/div>\n\t<\/div>\n\t\n\t\t\n \t\t\n\t<div id=\"ngg-image-721\" class=\"ngg-gallery-thumbnail-box\"  >\n\t\t<div class=\"ngg-gallery-thumbnail\" >\n\t\t\t<a href=\"https:\/\/feuerwehr-vglambrecht.de\/cms\/wp-content\/gallery\/richtfest-fw-esthal\/dsc09289.jpg\" title=\" \" class=\"shutterset_set_82\" >\n\t\t\t\t\t\t\t\t<img loading=\"lazy\" decoding=\"async\" title=\"SONY DSC\" alt=\"SONY DSC\" src=\"https:\/\/feuerwehr-vglambrecht.de\/cms\/wp-content\/gallery\/richtfest-fw-esthal\/thumbs\/thumbs_dsc09289.jpg\" width=\"100\" height=\"75\" \/>\n\t\t\t\t\t\t\t<\/a>\n\t\t<\/div>\n\t<\/div>\n\t\n\t\t\n \t\t\n\t<div id=\"ngg-image-722\" class=\"ngg-gallery-thumbnail-box\"  >\n\t\t<div class=\"ngg-gallery-thumbnail\" >\n\t\t\t<a href=\"https:\/\/feuerwehr-vglambrecht.de\/cms\/wp-content\/gallery\/richtfest-fw-esthal\/img_6301.jpg\" title=\" \" class=\"shutterset_set_82\" >\n\t\t\t\t\t\t\t\t<img loading=\"lazy\" decoding=\"async\" title=\"img_6301\" alt=\"img_6301\" src=\"https:\/\/feuerwehr-vglambrecht.de\/cms\/wp-content\/gallery\/richtfest-fw-esthal\/thumbs\/thumbs_img_6301.jpg\" width=\"100\" height=\"75\" \/>\n\t\t\t\t\t\t\t<\/a>\n\t\t<\/div>\n\t<\/div>\n\t\n\t\t\n \t \t\n\t<!-- Pagination -->\n \t<div class='ngg-clear'><\/div>\n \t\n<\/div>\n\n<\/p>\n","protected":false},"excerpt":{"rendered":"<p>\u00a0 \u00a0Rohbaufertigstellung und Richtfest gefeiert ( \u00dcber 2000 ehrenamtliche Arbeitsstunden bereits geleistet ) Nachdem am 4. September 2015 der offizielle Spatenstich zur Erweiterung des Ger\u00e4tehauses der Feuerwehr\u00a0 Esthal erfolgte, konnte\u00a0 am 17. Mai 2016 mit folgenden Anwesenden:\u00a0 VG B\u00fcrgermeister Manfred Kirr, Beigeordnete Seiberth und Rey, Ortsb\u00fcrgermeister Gernot Kuhn mit Beigeordnetem Bernd Paulig, \u00a0Mitglieder des Verbandsgemeinderates, Wehrleitung , Wehrf\u00fchrer und Stellvertreter der VG Feuerwehren,\u00a0 Mannschaft der Feuerwehr Esthal , Firmen und Helfern, die Rohbaufertigstellung und das Richtfest gefeiert werden.<\/p>\n","protected":false},"author":2,"featured_media":3944,"comment_status":"closed","ping_status":"closed","sticky":false,"template":"","format":"standard","meta":{"footnotes":""},"categories":[1,6,2,3,85],"tags":[],"class_list":["post-3022","post","type-post","status-publish","format-standard","has-post-thumbnail","hentry","category-allgemein","category-fw_esthal","category-new","category-news","category-umbau_gh"],"better_featured_image":{"id":3944,"alt_text":"","caption":"SONY DSC","description":"","media_type":"image","media_details":{"width":1024,"height":685,"file":"2016\/05\/Richtfest_esthal.jpg","filesize":1062953,"sizes":{"medium_large":{"file":"Richtfest_esthal-768x514.jpg","width":768,"height":514,"mime-type":"image\/jpeg","filesize":154179,"source_url":"https:\/\/feuerwehr-vglambrecht.de\/cms\/wp-content\/uploads\/2016\/05\/Richtfest_esthal-768x514.jpg"},"wptouch-new-thumbnail":{"file":"Richtfest_esthal-144x144.jpg","width":144,"height":144,"mime-type":"image\/jpeg","filesize":60256,"source_url":"https:\/\/feuerwehr-vglambrecht.de\/cms\/wp-content\/uploads\/2016\/05\/Richtfest_esthal-144x144.jpg"},"landing_image":{"file":"Richtfest_esthal-1024x460.jpg","width":1024,"height":460,"mime-type":"image\/jpeg","filesize":207751,"source_url":"https:\/\/feuerwehr-vglambrecht.de\/cms\/wp-content\/uploads\/2016\/05\/Richtfest_esthal-1024x460.jpg"},"foundation-featured-image":{"file":"Richtfest_esthal-900x602.jpg","width":900,"height":602,"mime-type":"image\/jpeg","filesize":189406,"source_url":"https:\/\/feuerwehr-vglambrecht.de\/cms\/wp-content\/uploads\/2016\/05\/Richtfest_esthal-900x602.jpg"},"thumbnail":{"file":"Richtfest_esthal-150x150.jpg","width":150,"height":150,"source_url":"https:\/\/feuerwehr-vglambrecht.de\/cms\/wp-content\/uploads\/2016\/05\/Richtfest_esthal-150x150.jpg"},"medium":{"file":"Richtfest_esthal-300x201.jpg","width":300,"height":201,"source_url":"https:\/\/feuerwehr-vglambrecht.de\/cms\/wp-content\/uploads\/2016\/05\/Richtfest_esthal-300x201.jpg"},"large":{"file":"Richtfest_esthal-1024x685.jpg","width":1024,"height":685,"mime-type":"image\/jpeg","source_url":"https:\/\/feuerwehr-vglambrecht.de\/cms\/wp-content\/uploads\/2016\/05\/Richtfest_esthal-1024x685.jpg"}},"image_meta":{"aperture":"8","credit":"","camera":"DSLR-A200","caption":"SONY DSC","created_timestamp":"1463323274","copyright":"","focal_length":"30","iso":"100","shutter_speed":"0.0125","title":"SONY DSC","orientation":"1","keywords":[]},"image-converter":{"thumbnail":"IME","medium":"IME"}},"post":3022,"source_url":"https:\/\/feuerwehr-vglambrecht.de\/cms\/wp-content\/uploads\/2016\/05\/Richtfest_esthal.jpg"},"_links":{"self":[{"href":"https:\/\/feuerwehr-vglambrecht.de\/cms\/wp-json\/wp\/v2\/posts\/3022","targetHints":{"allow":["GET"]}}],"collection":[{"href":"https:\/\/feuerwehr-vglambrecht.de\/cms\/wp-json\/wp\/v2\/posts"}],"about":[{"href":"https:\/\/feuerwehr-vglambrecht.de\/cms\/wp-json\/wp\/v2\/types\/post"}],"author":[{"embeddable":true,"href":"https:\/\/feuerwehr-vglambrecht.de\/cms\/wp-json\/wp\/v2\/users\/2"}],"replies":[{"embeddable":true,"href":"https:\/\/feuerwehr-vglambrecht.de\/cms\/wp-json\/wp\/v2\/comments?post=3022"}],"version-history":[{"count":7,"href":"https:\/\/feuerwehr-vglambrecht.de\/cms\/wp-json\/wp\/v2\/posts\/3022\/revisions"}],"predecessor-version":[{"id":3029,"href":"https:\/\/feuerwehr-vglambrecht.de\/cms\/wp-json\/wp\/v2\/posts\/3022\/revisions\/3029"}],"wp:featuredmedia":[{"embeddable":true,"href":"https:\/\/feuerwehr-vglambrecht.de\/cms\/wp-json\/wp\/v2\/media\/3944"}],"wp:attachment":[{"href":"https:\/\/feuerwehr-vglambrecht.de\/cms\/wp-json\/wp\/v2\/media?parent=3022"}],"wp:term":[{"taxonomy":"category","embeddable":true,"href":"https:\/\/feuerwehr-vglambrecht.de\/cms\/wp-json\/wp\/v2\/categories?post=3022"},{"taxonomy":"post_tag","embeddable":true,"href":"https:\/\/feuerwehr-vglambrecht.de\/cms\/wp-json\/wp\/v2\/tags?post=3022"}],"curies":[{"name":"wp","href":"https:\/\/api.w.org\/{rel}","templated":true}]}}