{"id":1945,"date":"2016-01-03T18:43:53","date_gmt":"2016-01-03T17:43:53","guid":{"rendered":"http:\/\/feuerwehr-vglambrecht.de\/cms\/?p=1945"},"modified":"2016-01-06T18:13:41","modified_gmt":"2016-01-06T17:13:41","slug":"die-jugendfeuerwehr-lambrecht-sammelt-tannenbaeume","status":"publish","type":"post","link":"https:\/\/feuerwehr-vglambrecht.de\/cms\/2016\/01\/03\/die-jugendfeuerwehr-lambrecht-sammelt-tannenbaeume\/","title":{"rendered":"Die Jugendfeuerwehr Lambrecht sammelt Tannenb\u00e4ume"},"content":{"rendered":"<p style=\"text-align: justify;\">Die Jugendfeuerwehr Lambrecht sammelt am Samstag, dem 09.01.2016 wieder die ausgedienten Christb\u00e4ume in Lambrecht, Iptestal und D\u00f6rrental ein. Bitte platzieren Sie die B\u00e4ume ab 8.00 Uhr\u00a0gut sichtbar an der Grundst\u00fccksgrenze. Gegen eine kleine Spende werden diese dann\u00a0abgeholt.<\/p>\n","protected":false},"excerpt":{"rendered":"<p>Die Jugendfeuerwehr Lambrecht sammelt am Samstag, dem 09.01.2016 wieder die ausgedienten Christb\u00e4ume in Lambrecht, Iptestal und D\u00f6rrental ein. Bitte platzieren Sie die B\u00e4ume ab 8.00 Uhr\u00a0gut sichtbar an der Grundst\u00fccksgrenze. Gegen eine kleine Spende werden diese dann\u00a0abgeholt.<\/p>\n","protected":false},"author":2,"featured_media":0,"comment_status":"closed","ping_status":"closed","sticky":false,"template":"","format":"standard","meta":{"footnotes":""},"categories":[71],"tags":[],"class_list":["post-1945","post","type-post","status-publish","format-standard","hentry","category-fw_lambrecht"],"better_featured_image":null,"_links":{"self":[{"href":"https:\/\/feuerwehr-vglambrecht.de\/cms\/wp-json\/wp\/v2\/posts\/1945","targetHints":{"allow":["GET"]}}],"collection":[{"href":"https:\/\/feuerwehr-vglambrecht.de\/cms\/wp-json\/wp\/v2\/posts"}],"about":[{"href":"https:\/\/feuerwehr-vglambrecht.de\/cms\/wp-json\/wp\/v2\/types\/post"}],"author":[{"embeddable":true,"href":"https:\/\/feuerwehr-vglambrecht.de\/cms\/wp-json\/wp\/v2\/users\/2"}],"replies":[{"embeddable":true,"href":"https:\/\/feuerwehr-vglambrecht.de\/cms\/wp-json\/wp\/v2\/comments?post=1945"}],"version-history":[{"count":3,"href":"https:\/\/feuerwehr-vglambrecht.de\/cms\/wp-json\/wp\/v2\/posts\/1945\/revisions"}],"predecessor-version":[{"id":2005,"href":"https:\/\/feuerwehr-vglambrecht.de\/cms\/wp-json\/wp\/v2\/posts\/1945\/revisions\/2005"}],"wp:attachment":[{"href":"https:\/\/feuerwehr-vglambrecht.de\/cms\/wp-json\/wp\/v2\/media?parent=1945"}],"wp:term":[{"taxonomy":"category","embeddable":true,"href":"https:\/\/feuerwehr-vglambrecht.de\/cms\/wp-json\/wp\/v2\/categories?post=1945"},{"taxonomy":"post_tag","embeddable":true,"href":"https:\/\/feuerwehr-vglambrecht.de\/cms\/wp-json\/wp\/v2\/tags?post=1945"}],"curies":[{"name":"wp","href":"https:\/\/api.w.org\/{rel}","templated":true}]}}