{"id":15268,"date":"2026-09-04T09:56:07","date_gmt":"2026-09-04T07:56:07","guid":{"rendered":"https:\/\/feuerwehr-vglambrecht.de\/cms\/?p=15268"},"modified":"2026-09-04T09:56:07","modified_gmt":"2026-09-04T07:56:07","slug":"24-stunden-tag-der-jugendfeuerwehr-weidenthal-2","status":"publish","type":"post","link":"https:\/\/feuerwehr-vglambrecht.de\/cms\/2026\/09\/04\/24-stunden-tag-der-jugendfeuerwehr-weidenthal-2\/","title":{"rendered":"24 Stunden Tag der Jugendfeuerwehr Weidenthal"},"content":{"rendered":"<p>Am vergangenen Freitag um 17:00 Uhr begann der 24-Stunden-Tag der Jugendfeuerwehr Weidenthal. Nach der Begr\u00fc\u00dfung der f\u00fcnf teilnehmenden Jugendlichen stand auch schon der erste \u00dcbungseinsatz an: Ein Mountainbiker war auf einem Trail im Erdbeertal gest\u00fcrzt und musste versorgt und gerettet werden.<\/p>\n<p>Zur\u00fcck an der Feuerwache gab es zun\u00e4chst eine St\u00e4rkung mit Spaghetti Bolognese, die bei allen bestens ankam. Gegen 21:00 Uhr wurden die Jugendlichen erneut alarmiert. An der K38, Fahrtrichtung Elmstein wurde ein Waldbrand simuliert. W\u00e4hrend des Einsatzes galt unser Lookout als vermisst, sodass sich direkt im Anschluss eine Personensuche anschloss. Auch diese Aufgabe meisterten die Jugendlichen erfolgreich. Danach klang der Abend mit einigen gemeinsamen Spielen an der Feuerwache aus, bevor Nachtruhe war.<\/p>\n<p>Am Samstag begann der Tag um 7:00 Uhr mit einem gem\u00fctlichen Fr\u00fchst\u00fcck. Gegen 8:30 Uhr besuchte uns Revierf\u00f6rsterin Ricarda Czubatinski und hielt einen interessanten Vortrag \u00fcber Insektenhotels sowie die heimische Tier- und Insektenwelt im Pf\u00e4lzer Wald. Dabei konnten die Jugendlichen ihr bereits vorhandenes Wissen \u00fcber die heimische Tierwelt einbringen und gleichzeitig viele neue spannende Informationen dazulernen. Der Vortrag dauerte bis etwa 10:15 Uhr. Anschlie\u00dfend blieb noch etwas Zeit zum Spielen.<\/p>\n<p>Der n\u00e4chste Einsatz lie\u00df nicht lange auf sich warten: Ein Motorradunfall mit auslaufendem \u00d6l wurde mithilfe von Wasser und Kakaopulver realistisch dargestellt. Die Jugendlichen sicherten die Einsatzstelle und arbeiteten den Einsatz routiniert ab. Zur\u00fcck an der Wache konnten sie erneut spielen und verbrachten viel Zeit auf dem Spielplatz gegen\u00fcber der Feuerwache.<\/p>\n<p>Im weiteren Verlauf des Tages wurden die Jugendlichen zu einer Personenrettung in Zwangslage alarmiert. Ein Dummy war unter einem Holzstapel eingeklemmt, eine weitere Person unter einem Baum. Beide konnten von den Jugendlichen erfolgreich gerettet werden.<\/p>\n<p>Nach diesem Einsatz gab es ein gemeinsames Mittagessen mit Schnitzel, Bratkartoffeln und Salat. Gut gest\u00e4rkt folgte die n\u00e4chste Alarmierung: Eine gest\u00fcrzte Person musste im Wald gerettet werden. Auch diesen Einsatz meisterten die Jugendlichen mit gro\u00dfem Engagement.<\/p>\n<p>Zum Abschluss des 24-Stunden-Tages wurden die Nachwuchsfeuerwehrleute zu einem simulierten B3-Geb\u00e4udebrand alarmiert. Dabei musste eine Person aus dem Brandobjekt gerettet werden. Die Jugendlichen arbeiteten ruhig, sicher und als eingespieltes Team zusammen und konnten auch diesen letzten Einsatz erfolgreich abschlie\u00dfen.<\/p>\n<p>Gegen 17:00 Uhr endete unser 24-Stunden-Tag. Die Jugendlichen wurden von ihren Eltern abgeholt und konnten auf ein spannendes, abwechslungsreiches und lehrreiches Wochenende mit vielen realit\u00e4tsnahen \u00dcbungen, Teamarbeit und jeder Menge Spa\u00df zur\u00fcckblicken. Ein herzlicher Dank gilt allen Ausbilderinnen und Ausbildern, Helferinnen und Helfern sowie den Organisatoren, die diesen gelungenen 24-Stunden-Tag m\u00f6glich gemacht haben.<\/p>\n\n<div class=\"ngg-galleryoverview\" id=\"ngg-gallery-621-15268\">\n\n\t<!-- Slideshow link -->\n\t<div class=\"slideshowlink\">\n\t\t<a class=\"slideshowlink\" href=\"https:\/\/feuerwehr-vglambrecht.de\/cms\/2026\/09\/04\/24-stunden-tag-der-jugendfeuerwehr-weidenthal-2\/nggallery\/slideshow\">\n\t\t\t[Show as slideshow]\t\t<\/a>\n\t<\/div>\n\n\t\n\t<!-- Thumbnails -->\n\t\t\n\t<div id=\"ngg-image-3644\" class=\"ngg-gallery-thumbnail-box\"  >\n\t\t<div class=\"ngg-gallery-thumbnail\" >\n\t\t\t<a href=\"https:\/\/feuerwehr-vglambrecht.de\/cms\/wp-content\/gallery\/jfw-tag\/abschluss-gruppenbild-spass.jpg\" title=\" \" class=\"shutterset_set_621\" >\n\t\t\t\t\t\t\t\t<img loading=\"lazy\" decoding=\"async\" title=\"abschluss-gruppenbild-spass\" alt=\"abschluss-gruppenbild-spass\" src=\"https:\/\/feuerwehr-vglambrecht.de\/cms\/wp-content\/gallery\/jfw-tag\/thumbs\/thumbs_abschluss-gruppenbild-spass.jpg\" width=\"100\" height=\"75\" \/>\n\t\t\t\t\t\t\t<\/a>\n\t\t<\/div>\n\t<\/div>\n\t\n\t\t\n \t\t\n\t<div id=\"ngg-image-3645\" class=\"ngg-gallery-thumbnail-box\"  >\n\t\t<div class=\"ngg-gallery-thumbnail\" >\n\t\t\t<a href=\"https:\/\/feuerwehr-vglambrecht.de\/cms\/wp-content\/gallery\/jfw-tag\/abschluss-gruppenbild.jpg\" title=\" \" class=\"shutterset_set_621\" >\n\t\t\t\t\t\t\t\t<img loading=\"lazy\" decoding=\"async\" title=\"abschluss-gruppenbild\" alt=\"abschluss-gruppenbild\" src=\"https:\/\/feuerwehr-vglambrecht.de\/cms\/wp-content\/gallery\/jfw-tag\/thumbs\/thumbs_abschluss-gruppenbild.jpg\" width=\"100\" height=\"75\" \/>\n\t\t\t\t\t\t\t<\/a>\n\t\t<\/div>\n\t<\/div>\n\t\n\t\t\n \t\t\n\t<div id=\"ngg-image-3646\" class=\"ngg-gallery-thumbnail-box\"  >\n\t\t<div class=\"ngg-gallery-thumbnail\" >\n\t\t\t<a href=\"https:\/\/feuerwehr-vglambrecht.de\/cms\/wp-content\/gallery\/jfw-tag\/b3-gebaeude-personensuche-2.jpg\" title=\" \" class=\"shutterset_set_621\" >\n\t\t\t\t\t\t\t\t<img loading=\"lazy\" decoding=\"async\" title=\"b3-gebaeude-personensuche-2\" alt=\"b3-gebaeude-personensuche-2\" src=\"https:\/\/feuerwehr-vglambrecht.de\/cms\/wp-content\/gallery\/jfw-tag\/thumbs\/thumbs_b3-gebaeude-personensuche-2.jpg\" width=\"100\" height=\"75\" \/>\n\t\t\t\t\t\t\t<\/a>\n\t\t<\/div>\n\t<\/div>\n\t\n\t\t\n \t\t\n\t<div id=\"ngg-image-3647\" class=\"ngg-gallery-thumbnail-box\"  >\n\t\t<div class=\"ngg-gallery-thumbnail\" >\n\t\t\t<a href=\"https:\/\/feuerwehr-vglambrecht.de\/cms\/wp-content\/gallery\/jfw-tag\/b3-gebaeude-personensuche-4.jpg\" title=\" \" class=\"shutterset_set_621\" >\n\t\t\t\t\t\t\t\t<img loading=\"lazy\" decoding=\"async\" title=\"b3-gebaeude-personensuche-4\" alt=\"b3-gebaeude-personensuche-4\" src=\"https:\/\/feuerwehr-vglambrecht.de\/cms\/wp-content\/gallery\/jfw-tag\/thumbs\/thumbs_b3-gebaeude-personensuche-4.jpg\" width=\"100\" height=\"75\" \/>\n\t\t\t\t\t\t\t<\/a>\n\t\t<\/div>\n\t<\/div>\n\t\n\t\t\n \t\t\n\t<div id=\"ngg-image-3648\" class=\"ngg-gallery-thumbnail-box\"  >\n\t\t<div class=\"ngg-gallery-thumbnail\" >\n\t\t\t<a href=\"https:\/\/feuerwehr-vglambrecht.de\/cms\/wp-content\/gallery\/jfw-tag\/b3-gebaeude-personensuche-5.jpg\" title=\" \" class=\"shutterset_set_621\" >\n\t\t\t\t\t\t\t\t<img loading=\"lazy\" decoding=\"async\" title=\"b3-gebaeude-personensuche-5\" alt=\"b3-gebaeude-personensuche-5\" src=\"https:\/\/feuerwehr-vglambrecht.de\/cms\/wp-content\/gallery\/jfw-tag\/thumbs\/thumbs_b3-gebaeude-personensuche-5.jpg\" width=\"100\" height=\"75\" \/>\n\t\t\t\t\t\t\t<\/a>\n\t\t<\/div>\n\t<\/div>\n\t\n\t\t\n \t\t\n\t<div id=\"ngg-image-3649\" class=\"ngg-gallery-thumbnail-box\"  >\n\t\t<div class=\"ngg-gallery-thumbnail\" >\n\t\t\t<a href=\"https:\/\/feuerwehr-vglambrecht.de\/cms\/wp-content\/gallery\/jfw-tag\/b3-gebaeude-personensuche.jpg\" title=\" \" class=\"shutterset_set_621\" >\n\t\t\t\t\t\t\t\t<img loading=\"lazy\" decoding=\"async\" title=\"b3-gebaeude-personensuche\" alt=\"b3-gebaeude-personensuche\" src=\"https:\/\/feuerwehr-vglambrecht.de\/cms\/wp-content\/gallery\/jfw-tag\/thumbs\/thumbs_b3-gebaeude-personensuche.jpg\" width=\"100\" height=\"75\" \/>\n\t\t\t\t\t\t\t<\/a>\n\t\t<\/div>\n\t<\/div>\n\t\n\t\t\n \t\t\n\t<div id=\"ngg-image-3650\" class=\"ngg-gallery-thumbnail-box\"  >\n\t\t<div class=\"ngg-gallery-thumbnail\" >\n\t\t\t<a href=\"https:\/\/feuerwehr-vglambrecht.de\/cms\/wp-content\/gallery\/jfw-tag\/b3-gebaeude-personensuche1.jpg\" title=\" \" class=\"shutterset_set_621\" >\n\t\t\t\t\t\t\t\t<img loading=\"lazy\" decoding=\"async\" title=\"b3-gebaeude-personensuche1\" alt=\"b3-gebaeude-personensuche1\" src=\"https:\/\/feuerwehr-vglambrecht.de\/cms\/wp-content\/gallery\/jfw-tag\/thumbs\/thumbs_b3-gebaeude-personensuche1.jpg\" width=\"100\" height=\"75\" \/>\n\t\t\t\t\t\t\t<\/a>\n\t\t<\/div>\n\t<\/div>\n\t\n\t\t\n \t\t\n\t<div id=\"ngg-image-3651\" class=\"ngg-gallery-thumbnail-box\"  >\n\t\t<div class=\"ngg-gallery-thumbnail\" >\n\t\t\t<a href=\"https:\/\/feuerwehr-vglambrecht.de\/cms\/wp-content\/gallery\/jfw-tag\/b3-gebaeudepersonensuche3.jpg\" title=\" \" class=\"shutterset_set_621\" >\n\t\t\t\t\t\t\t\t<img loading=\"lazy\" decoding=\"async\" title=\"b3-gebaeudepersonensuche3\" alt=\"b3-gebaeudepersonensuche3\" src=\"https:\/\/feuerwehr-vglambrecht.de\/cms\/wp-content\/gallery\/jfw-tag\/thumbs\/thumbs_b3-gebaeudepersonensuche3.jpg\" width=\"100\" height=\"75\" \/>\n\t\t\t\t\t\t\t<\/a>\n\t\t<\/div>\n\t<\/div>\n\t\n\t\t\n \t\t\n\t<div id=\"ngg-image-3652\" class=\"ngg-gallery-thumbnail-box\"  >\n\t\t<div class=\"ngg-gallery-thumbnail\" >\n\t\t\t<a href=\"https:\/\/feuerwehr-vglambrecht.de\/cms\/wp-content\/gallery\/jfw-tag\/mountainbike-unfall1.jpg\" title=\" \" class=\"shutterset_set_621\" >\n\t\t\t\t\t\t\t\t<img loading=\"lazy\" decoding=\"async\" title=\"mountainbike-unfall1\" alt=\"mountainbike-unfall1\" src=\"https:\/\/feuerwehr-vglambrecht.de\/cms\/wp-content\/gallery\/jfw-tag\/thumbs\/thumbs_mountainbike-unfall1.jpg\" width=\"100\" height=\"75\" \/>\n\t\t\t\t\t\t\t<\/a>\n\t\t<\/div>\n\t<\/div>\n\t\n\t\t\n \t\t\n\t<div id=\"ngg-image-3653\" class=\"ngg-gallery-thumbnail-box\"  >\n\t\t<div class=\"ngg-gallery-thumbnail\" >\n\t\t\t<a href=\"https:\/\/feuerwehr-vglambrecht.de\/cms\/wp-content\/gallery\/jfw-tag\/person-in-zwangslage-1.jpg\" title=\" \" class=\"shutterset_set_621\" >\n\t\t\t\t\t\t\t\t<img loading=\"lazy\" decoding=\"async\" title=\"person-in-zwangslage-1\" alt=\"person-in-zwangslage-1\" src=\"https:\/\/feuerwehr-vglambrecht.de\/cms\/wp-content\/gallery\/jfw-tag\/thumbs\/thumbs_person-in-zwangslage-1.jpg\" width=\"100\" height=\"75\" \/>\n\t\t\t\t\t\t\t<\/a>\n\t\t<\/div>\n\t<\/div>\n\t\n\t\t\n \t\t\n\t<div id=\"ngg-image-3654\" class=\"ngg-gallery-thumbnail-box\"  >\n\t\t<div class=\"ngg-gallery-thumbnail\" >\n\t\t\t<a href=\"https:\/\/feuerwehr-vglambrecht.de\/cms\/wp-content\/gallery\/jfw-tag\/person-in-zwangslage-3.jpg\" title=\" \" class=\"shutterset_set_621\" >\n\t\t\t\t\t\t\t\t<img loading=\"lazy\" decoding=\"async\" title=\"person-in-zwangslage-3\" alt=\"person-in-zwangslage-3\" src=\"https:\/\/feuerwehr-vglambrecht.de\/cms\/wp-content\/gallery\/jfw-tag\/thumbs\/thumbs_person-in-zwangslage-3.jpg\" width=\"100\" height=\"75\" \/>\n\t\t\t\t\t\t\t<\/a>\n\t\t<\/div>\n\t<\/div>\n\t\n\t\t\n \t\t\n\t<div id=\"ngg-image-3655\" class=\"ngg-gallery-thumbnail-box\"  >\n\t\t<div class=\"ngg-gallery-thumbnail\" >\n\t\t\t<a href=\"https:\/\/feuerwehr-vglambrecht.de\/cms\/wp-content\/gallery\/jfw-tag\/personen-in-zwangslage.jpg\" title=\" \" class=\"shutterset_set_621\" >\n\t\t\t\t\t\t\t\t<img loading=\"lazy\" decoding=\"async\" title=\"personen-in-zwangslage\" alt=\"personen-in-zwangslage\" src=\"https:\/\/feuerwehr-vglambrecht.de\/cms\/wp-content\/gallery\/jfw-tag\/thumbs\/thumbs_personen-in-zwangslage.jpg\" width=\"100\" height=\"75\" \/>\n\t\t\t\t\t\t\t<\/a>\n\t\t<\/div>\n\t<\/div>\n\t\n\t\t\n \t\t\n\t<div id=\"ngg-image-3656\" class=\"ngg-gallery-thumbnail-box\"  >\n\t\t<div class=\"ngg-gallery-thumbnail\" >\n\t\t\t<a href=\"https:\/\/feuerwehr-vglambrecht.de\/cms\/wp-content\/gallery\/jfw-tag\/ricarda-insektenhotel.jpg\" title=\" \" class=\"shutterset_set_621\" >\n\t\t\t\t\t\t\t\t<img loading=\"lazy\" decoding=\"async\" title=\"ricarda-insektenhotel\" alt=\"ricarda-insektenhotel\" src=\"https:\/\/feuerwehr-vglambrecht.de\/cms\/wp-content\/gallery\/jfw-tag\/thumbs\/thumbs_ricarda-insektenhotel.jpg\" width=\"100\" height=\"75\" \/>\n\t\t\t\t\t\t\t<\/a>\n\t\t<\/div>\n\t<\/div>\n\t\n\t\t\n \t\t\n\t<div id=\"ngg-image-3657\" class=\"ngg-gallery-thumbnail-box\"  >\n\t\t<div class=\"ngg-gallery-thumbnail\" >\n\t\t\t<a href=\"https:\/\/feuerwehr-vglambrecht.de\/cms\/wp-content\/gallery\/jfw-tag\/unterstuetzung-rettungsdienst-gelaende.jpg\" title=\" \" class=\"shutterset_set_621\" >\n\t\t\t\t\t\t\t\t<img loading=\"lazy\" decoding=\"async\" title=\"unterstuetzung-rettungsdienst-gelaende\" alt=\"unterstuetzung-rettungsdienst-gelaende\" src=\"https:\/\/feuerwehr-vglambrecht.de\/cms\/wp-content\/gallery\/jfw-tag\/thumbs\/thumbs_unterstuetzung-rettungsdienst-gelaende.jpg\" width=\"100\" height=\"75\" \/>\n\t\t\t\t\t\t\t<\/a>\n\t\t<\/div>\n\t<\/div>\n\t\n\t\t\n \t\t\n\t<div id=\"ngg-image-3658\" class=\"ngg-gallery-thumbnail-box\"  >\n\t\t<div class=\"ngg-gallery-thumbnail\" >\n\t\t\t<a href=\"https:\/\/feuerwehr-vglambrecht.de\/cms\/wp-content\/gallery\/jfw-tag\/vegetationsbrand-1.jpg\" title=\" \" class=\"shutterset_set_621\" >\n\t\t\t\t\t\t\t\t<img loading=\"lazy\" decoding=\"async\" title=\"vegetationsbrand-1\" alt=\"vegetationsbrand-1\" src=\"https:\/\/feuerwehr-vglambrecht.de\/cms\/wp-content\/gallery\/jfw-tag\/thumbs\/thumbs_vegetationsbrand-1.jpg\" width=\"100\" height=\"75\" \/>\n\t\t\t\t\t\t\t<\/a>\n\t\t<\/div>\n\t<\/div>\n\t\n\t\t\n \t\t\n\t<div id=\"ngg-image-3659\" class=\"ngg-gallery-thumbnail-box\"  >\n\t\t<div class=\"ngg-gallery-thumbnail\" >\n\t\t\t<a href=\"https:\/\/feuerwehr-vglambrecht.de\/cms\/wp-content\/gallery\/jfw-tag\/vegetationsbrand-gruppenbild.jpg\" title=\" \" class=\"shutterset_set_621\" >\n\t\t\t\t\t\t\t\t<img loading=\"lazy\" decoding=\"async\" title=\"vegetationsbrand-gruppenbild\" alt=\"vegetationsbrand-gruppenbild\" src=\"https:\/\/feuerwehr-vglambrecht.de\/cms\/wp-content\/gallery\/jfw-tag\/thumbs\/thumbs_vegetationsbrand-gruppenbild.jpg\" width=\"100\" height=\"75\" \/>\n\t\t\t\t\t\t\t<\/a>\n\t\t<\/div>\n\t<\/div>\n\t\n\t\t\n \t\t\n\t<div id=\"ngg-image-3660\" class=\"ngg-gallery-thumbnail-box\"  >\n\t\t<div class=\"ngg-gallery-thumbnail\" >\n\t\t\t<a href=\"https:\/\/feuerwehr-vglambrecht.de\/cms\/wp-content\/gallery\/jfw-tag\/vegetationsbrand.jpg\" title=\" \" class=\"shutterset_set_621\" >\n\t\t\t\t\t\t\t\t<img loading=\"lazy\" decoding=\"async\" title=\"vegetationsbrand\" alt=\"vegetationsbrand\" src=\"https:\/\/feuerwehr-vglambrecht.de\/cms\/wp-content\/gallery\/jfw-tag\/thumbs\/thumbs_vegetationsbrand.jpg\" width=\"100\" height=\"75\" \/>\n\t\t\t\t\t\t\t<\/a>\n\t\t<\/div>\n\t<\/div>\n\t\n\t\t\n \t\t\n\t<div id=\"ngg-image-3661\" class=\"ngg-gallery-thumbnail-box\"  >\n\t\t<div class=\"ngg-gallery-thumbnail\" >\n\t\t\t<a href=\"https:\/\/feuerwehr-vglambrecht.de\/cms\/wp-content\/gallery\/jfw-tag\/vu.jpg\" title=\" \" class=\"shutterset_set_621\" >\n\t\t\t\t\t\t\t\t<img loading=\"lazy\" decoding=\"async\" title=\"vu\" alt=\"vu\" src=\"https:\/\/feuerwehr-vglambrecht.de\/cms\/wp-content\/gallery\/jfw-tag\/thumbs\/thumbs_vu.jpg\" width=\"100\" height=\"75\" \/>\n\t\t\t\t\t\t\t<\/a>\n\t\t<\/div>\n\t<\/div>\n\t\n\t\t\n \t \t\n\t<!-- Pagination -->\n \t<div class='ngg-clear'><\/div>\n \t\n<\/div>\n\n\n","protected":false},"excerpt":{"rendered":"<p>Am vergangenen Freitag um 17:00 Uhr begann der 24-Stunden-Tag der Jugendfeuerwehr Weidenthal. Nach der Begr\u00fc\u00dfung der f\u00fcnf teilnehmenden Jugendlichen stand auch schon der erste \u00dcbungseinsatz an: Ein Mountainbiker war auf einem Trail im Erdbeertal gest\u00fcrzt und musste versorgt und gerettet werden. Zur\u00fcck an der Feuerwache gab es zun\u00e4chst eine St\u00e4rkung mit Spaghetti Bolognese, die bei allen bestens ankam. Gegen 21:00 Uhr wurden die Jugendlichen erneut alarmiert. An der K38, Fahrtrichtung Elmstein wurde ein Waldbrand simuliert. W\u00e4hrend des Einsatzes galt unser Lookout als vermisst, sodass sich direkt im Anschluss eine Personensuche anschloss. Auch diese Aufgabe meisterten die Jugendlichen erfolgreich. Danach klang der Abend mit einigen gemeinsamen Spielen an der Feuerwache aus, bevor Nachtruhe war. Am Samstag begann der Tag um 7:00 Uhr mit einem gem\u00fctlichen Fr\u00fchst\u00fcck. Gegen 8:30 Uhr besuchte uns Revierf\u00f6rsterin Ricarda Czubatinski und hielt einen interessanten Vortrag \u00fcber Insektenhotels sowie die heimische Tier- und Insektenwelt im Pf\u00e4lzer Wald. Dabei&hellip;<\/p>\n","protected":false},"author":17,"featured_media":15270,"comment_status":"closed","ping_status":"closed","sticky":false,"template":"","format":"standard","meta":{"footnotes":""},"categories":[1],"tags":[],"class_list":["post-15268","post","type-post","status-publish","format-standard","has-post-thumbnail","hentry","category-allgemein"],"better_featured_image":{"id":15270,"alt_text":"","caption":"","description":"","media_type":"image","media_details":{"width":2560,"height":1702,"file":"2026\/09\/Abschluss-Gruppenbild--scaled.jpg","filesize":954097,"sizes":{"medium_large":{"file":"Abschluss-Gruppenbild--768x511.jpg","width":768,"height":511,"mime-type":"image\/jpeg","filesize":126589,"source_url":"https:\/\/feuerwehr-vglambrecht.de\/cms\/wp-content\/uploads\/2026\/09\/Abschluss-Gruppenbild--768x511.jpg"},"1536x1536":{"file":"Abschluss-Gruppenbild--1536x1021.jpg","width":1536,"height":1021,"mime-type":"image\/jpeg","filesize":394008,"source_url":"https:\/\/feuerwehr-vglambrecht.de\/cms\/wp-content\/uploads\/2026\/09\/Abschluss-Gruppenbild--1536x1021.jpg"},"2048x2048":{"file":"Abschluss-Gruppenbild--2048x1362.jpg","width":2048,"height":1362,"mime-type":"image\/jpeg","filesize":647286,"source_url":"https:\/\/feuerwehr-vglambrecht.de\/cms\/wp-content\/uploads\/2026\/09\/Abschluss-Gruppenbild--2048x1362.jpg"},"landing_image":{"file":"Abschluss-Gruppenbild--1024x460.jpg","width":1024,"height":460,"mime-type":"image\/jpeg","filesize":151480,"source_url":"https:\/\/feuerwehr-vglambrecht.de\/cms\/wp-content\/uploads\/2026\/09\/Abschluss-Gruppenbild--1024x460.jpg"},"card-image":{"file":"Abschluss-Gruppenbild--700x350.jpg","width":700,"height":350,"mime-type":"image\/jpeg","filesize":93063,"source_url":"https:\/\/feuerwehr-vglambrecht.de\/cms\/wp-content\/uploads\/2026\/09\/Abschluss-Gruppenbild--700x350.jpg"},"mobile-header":{"file":"Abschluss-Gruppenbild--480x240.jpg","width":480,"height":240,"mime-type":"image\/jpeg","filesize":55770,"source_url":"https:\/\/feuerwehr-vglambrecht.de\/cms\/wp-content\/uploads\/2026\/09\/Abschluss-Gruppenbild--480x240.jpg"},"tablet-header":{"file":"Abschluss-Gruppenbild--768x384.jpg","width":768,"height":384,"mime-type":"image\/jpeg","filesize":105682,"source_url":"https:\/\/feuerwehr-vglambrecht.de\/cms\/wp-content\/uploads\/2026\/09\/Abschluss-Gruppenbild--768x384.jpg"},"thumbnail":{"file":"Abschluss-Gruppenbild--150x150.jpg","width":150,"height":150,"source_url":"https:\/\/feuerwehr-vglambrecht.de\/cms\/wp-content\/uploads\/2026\/09\/Abschluss-Gruppenbild--150x150.jpg"},"medium":{"file":"Abschluss-Gruppenbild--300x199.jpg","width":300,"height":199,"source_url":"https:\/\/feuerwehr-vglambrecht.de\/cms\/wp-content\/uploads\/2026\/09\/Abschluss-Gruppenbild--300x199.jpg"},"large":{"file":"Abschluss-Gruppenbild--1024x681.jpg","width":1024,"height":681,"source_url":"https:\/\/feuerwehr-vglambrecht.de\/cms\/wp-content\/uploads\/2026\/09\/Abschluss-Gruppenbild--1024x681.jpg"}},"image_meta":{"aperture":"7.1","credit":"","camera":"NIKON D3200","caption":"","created_timestamp":"1788019168","copyright":"","focal_length":"25","iso":"400","shutter_speed":"0.00125","title":"","orientation":"0","keywords":[]},"original_image":"Abschluss-Gruppenbild-.jpg","image-converter":{"thumbnail":"IME","medium":"IME","large":"IME"}},"post":15268,"source_url":"https:\/\/feuerwehr-vglambrecht.de\/cms\/wp-content\/uploads\/2026\/09\/Abschluss-Gruppenbild--scaled.jpg"},"_links":{"self":[{"href":"https:\/\/feuerwehr-vglambrecht.de\/cms\/wp-json\/wp\/v2\/posts\/15268","targetHints":{"allow":["GET"]}}],"collection":[{"href":"https:\/\/feuerwehr-vglambrecht.de\/cms\/wp-json\/wp\/v2\/posts"}],"about":[{"href":"https:\/\/feuerwehr-vglambrecht.de\/cms\/wp-json\/wp\/v2\/types\/post"}],"author":[{"embeddable":true,"href":"https:\/\/feuerwehr-vglambrecht.de\/cms\/wp-json\/wp\/v2\/users\/17"}],"replies":[{"embeddable":true,"href":"https:\/\/feuerwehr-vglambrecht.de\/cms\/wp-json\/wp\/v2\/comments?post=15268"}],"version-history":[{"count":2,"href":"https:\/\/feuerwehr-vglambrecht.de\/cms\/wp-json\/wp\/v2\/posts\/15268\/revisions"}],"predecessor-version":[{"id":15271,"href":"https:\/\/feuerwehr-vglambrecht.de\/cms\/wp-json\/wp\/v2\/posts\/15268\/revisions\/15271"}],"wp:featuredmedia":[{"embeddable":true,"href":"https:\/\/feuerwehr-vglambrecht.de\/cms\/wp-json\/wp\/v2\/media\/15270"}],"wp:attachment":[{"href":"https:\/\/feuerwehr-vglambrecht.de\/cms\/wp-json\/wp\/v2\/media?parent=15268"}],"wp:term":[{"taxonomy":"category","embeddable":true,"href":"https:\/\/feuerwehr-vglambrecht.de\/cms\/wp-json\/wp\/v2\/categories?post=15268"},{"taxonomy":"post_tag","embeddable":true,"href":"https:\/\/feuerwehr-vglambrecht.de\/cms\/wp-json\/wp\/v2\/tags?post=15268"}],"curies":[{"name":"wp","href":"https:\/\/api.w.org\/{rel}","templated":true}]}}