{"id":15260,"date":"2026-09-01T16:22:41","date_gmt":"2026-09-01T14:22:41","guid":{"rendered":"https:\/\/feuerwehr-vglambrecht.de\/cms\/?p=15260"},"modified":"2026-09-01T16:22:41","modified_gmt":"2026-09-01T14:22:41","slug":"monatsuebung-der-einheit-lambrecht-kellerbrand-in-der-klaeranlage","status":"publish","type":"post","link":"https:\/\/feuerwehr-vglambrecht.de\/cms\/2026\/09\/01\/monatsuebung-der-einheit-lambrecht-kellerbrand-in-der-klaeranlage\/","title":{"rendered":"Monats\u00fcbung der Einheit Lambrecht &#8211; Kellerbrand in der Kl\u00e4ranlage"},"content":{"rendered":"<p class=\"p1\">Ein angenommener Brand im Pumpenkeller der Kl\u00e4ranlage Lambrecht war das \u00dcbungsszenario f\u00fcr die Monats\u00fcbung im August der Feuerwehreinheit Lambrecht. Demnach kam es bei Wartungsarbeiten zu einer \u00dcberhitzung einer Abwasserpumpe, die zun\u00e4chst einen Schmorbrand und sp\u00e4ter offenes Feuer zur Folge hatte. Zwei Mitarbeiter der Kl\u00e4ranlage hatten noch versucht, das Feuer im v\u00f6llig verrauchten Keller mit einem Feuerl\u00f6scher zu l\u00f6schen. Sie wurden jedoch durch Rauchgasinhalation bewusstlos und mussten von der eintreffenden Feuerwehr gesucht und gerettet werden.<!--more--><\/p>\n<p class=\"p1\">So stellte sich die Ausgangslage f\u00fcr die ersteintreffenden Einsatzkr\u00e4fte an der Einsatzstelle dar. Nach einer ersten Erkundung durch den Einsatzleiter wurden vom Hilfeleistungsl\u00f6schgruppenfahrzeug umgehend zwei Trupps unter Atemschutz in den Pumpenkeller geschickt, um die Menschenrettung und die Brandbek\u00e4mpfung durchzuf\u00fchren.<\/p>\n<p class=\"p1\">Zeitgleich wurden au\u00dferhalb des Geb\u00e4udes von weiteren Fahrzeugbesatzungen f\u00fcr die im Innenangriff eingesetzten Atemschutztrupps entsprechende Sicherheitstrupps bereitgestellt. Des Weiteren wurde durch das Tankl\u00f6schfahrzeug 4000 und das Tankl\u00f6schfahrzeug 3000 eine stabile Wasserversorgung f\u00fcr das Hilfeleistungsl\u00f6schgruppenfahrzeug sichergestellt. Diese erfolgte zun\u00e4chst aus den Fahrzeugtanks und sp\u00e4ter \u00fcber das Hydrantennetz.<\/p>\n<p class=\"p1\">Ziel der \u00dcbung war es, die vermissten Personen im verrauchten Pumpenkeller sicher und schnell aufzufinden und zu retten sowie die Brandbek\u00e4mpfung aufzunehmen. Bereits nach kurzer Zeit konnte der Einsatzleiter \u201ePersonen gerettet\u201c und \u201eFeuer aus\u201c an den in der Wiesenstra\u00dfe positionierten Einsatzleitwagen melden und damit die \u00dcbung beenden.<\/p>\n<p class=\"p1\">Im Nachgang der \u00dcbung wurde noch das richtige Ablegen der durch Ru\u00df und Brandrauch verschmutzten Einsatzkleidung ge\u00fcbt, um eine Kontamination der Atemschutzger\u00e4tetr\u00e4ger mit gesundheitssch\u00e4dlichen Brandr\u00fcckst\u00e4nden zu vermeiden.<\/p>\n<p class=\"p1\">Die Feuerwehr bedankt sich ausdr\u00fccklich bei dem zust\u00e4ndigen Werkmitarbeiter Frank Hartmann von den VG-Werken f\u00fcr die Zurverf\u00fcgungstellung des \u00dcbungsobjektes sowie f\u00fcr die Unterst\u00fctzung im Vorfeld der \u00dcbung.<\/p>\n\n<div class=\"ngg-galleryoverview\" id=\"ngg-gallery-620-15260\">\n\n\t<!-- Slideshow link -->\n\t<div class=\"slideshowlink\">\n\t\t<a class=\"slideshowlink\" href=\"https:\/\/feuerwehr-vglambrecht.de\/cms\/2026\/09\/01\/monatsuebung-der-einheit-lambrecht-kellerbrand-in-der-klaeranlage\/nggallery\/slideshow\">\n\t\t\t[Show as slideshow]\t\t<\/a>\n\t<\/div>\n\n\t\n\t<!-- Thumbnails -->\n\t\t\n\t<div id=\"ngg-image-3638\" class=\"ngg-gallery-thumbnail-box\"  >\n\t\t<div class=\"ngg-gallery-thumbnail\" >\n\t\t\t<a href=\"https:\/\/feuerwehr-vglambrecht.de\/cms\/wp-content\/gallery\/uebung-lambrecht\/1000293034.jpg\" title=\" \" class=\"shutterset_set_620\" >\n\t\t\t\t\t\t\t\t<img loading=\"lazy\" decoding=\"async\" title=\"1000293034\" alt=\"1000293034\" src=\"https:\/\/feuerwehr-vglambrecht.de\/cms\/wp-content\/gallery\/uebung-lambrecht\/thumbs\/thumbs_1000293034.jpg\" width=\"100\" height=\"75\" \/>\n\t\t\t\t\t\t\t<\/a>\n\t\t<\/div>\n\t<\/div>\n\t\n\t\t\n \t\t\n\t<div id=\"ngg-image-3639\" class=\"ngg-gallery-thumbnail-box\"  >\n\t\t<div class=\"ngg-gallery-thumbnail\" >\n\t\t\t<a href=\"https:\/\/feuerwehr-vglambrecht.de\/cms\/wp-content\/gallery\/uebung-lambrecht\/1000293038.jpg\" title=\" \" class=\"shutterset_set_620\" >\n\t\t\t\t\t\t\t\t<img loading=\"lazy\" decoding=\"async\" title=\"1000293038\" alt=\"1000293038\" src=\"https:\/\/feuerwehr-vglambrecht.de\/cms\/wp-content\/gallery\/uebung-lambrecht\/thumbs\/thumbs_1000293038.jpg\" width=\"100\" height=\"75\" \/>\n\t\t\t\t\t\t\t<\/a>\n\t\t<\/div>\n\t<\/div>\n\t\n\t\t\n \t\t\n\t<div id=\"ngg-image-3640\" class=\"ngg-gallery-thumbnail-box\"  >\n\t\t<div class=\"ngg-gallery-thumbnail\" >\n\t\t\t<a href=\"https:\/\/feuerwehr-vglambrecht.de\/cms\/wp-content\/gallery\/uebung-lambrecht\/1000293040.jpg\" title=\" \" class=\"shutterset_set_620\" >\n\t\t\t\t\t\t\t\t<img loading=\"lazy\" decoding=\"async\" title=\"1000293040\" alt=\"1000293040\" src=\"https:\/\/feuerwehr-vglambrecht.de\/cms\/wp-content\/gallery\/uebung-lambrecht\/thumbs\/thumbs_1000293040.jpg\" width=\"100\" height=\"75\" \/>\n\t\t\t\t\t\t\t<\/a>\n\t\t<\/div>\n\t<\/div>\n\t\n\t\t\n \t\t\n\t<div id=\"ngg-image-3641\" class=\"ngg-gallery-thumbnail-box\"  >\n\t\t<div class=\"ngg-gallery-thumbnail\" >\n\t\t\t<a href=\"https:\/\/feuerwehr-vglambrecht.de\/cms\/wp-content\/gallery\/uebung-lambrecht\/1000293046.jpg\" title=\" \" class=\"shutterset_set_620\" >\n\t\t\t\t\t\t\t\t<img loading=\"lazy\" decoding=\"async\" title=\"1000293046\" alt=\"1000293046\" src=\"https:\/\/feuerwehr-vglambrecht.de\/cms\/wp-content\/gallery\/uebung-lambrecht\/thumbs\/thumbs_1000293046.jpg\" width=\"100\" height=\"75\" \/>\n\t\t\t\t\t\t\t<\/a>\n\t\t<\/div>\n\t<\/div>\n\t\n\t\t\n \t\t\n\t<div id=\"ngg-image-3642\" class=\"ngg-gallery-thumbnail-box\"  >\n\t\t<div class=\"ngg-gallery-thumbnail\" >\n\t\t\t<a href=\"https:\/\/feuerwehr-vglambrecht.de\/cms\/wp-content\/gallery\/uebung-lambrecht\/1000293063.jpg\" title=\" \" class=\"shutterset_set_620\" >\n\t\t\t\t\t\t\t\t<img loading=\"lazy\" decoding=\"async\" title=\"1000293063\" alt=\"1000293063\" src=\"https:\/\/feuerwehr-vglambrecht.de\/cms\/wp-content\/gallery\/uebung-lambrecht\/thumbs\/thumbs_1000293063.jpg\" width=\"100\" height=\"75\" \/>\n\t\t\t\t\t\t\t<\/a>\n\t\t<\/div>\n\t<\/div>\n\t\n\t\t\n \t\t\n\t<div id=\"ngg-image-3643\" class=\"ngg-gallery-thumbnail-box\"  >\n\t\t<div class=\"ngg-gallery-thumbnail\" >\n\t\t\t<a href=\"https:\/\/feuerwehr-vglambrecht.de\/cms\/wp-content\/gallery\/uebung-lambrecht\/1000293068.jpg\" title=\" \" class=\"shutterset_set_620\" >\n\t\t\t\t\t\t\t\t<img loading=\"lazy\" decoding=\"async\" title=\"1000293068\" alt=\"1000293068\" src=\"https:\/\/feuerwehr-vglambrecht.de\/cms\/wp-content\/gallery\/uebung-lambrecht\/thumbs\/thumbs_1000293068.jpg\" width=\"100\" height=\"75\" \/>\n\t\t\t\t\t\t\t<\/a>\n\t\t<\/div>\n\t<\/div>\n\t\n\t\t\n \t \t\n\t<!-- Pagination -->\n \t<div class='ngg-clear'><\/div>\n \t\n<\/div>\n\n\n","protected":false},"excerpt":{"rendered":"<p>Ein angenommener Brand im Pumpenkeller der Kl\u00e4ranlage Lambrecht war das \u00dcbungsszenario f\u00fcr die Monats\u00fcbung im August der Feuerwehreinheit Lambrecht. Demnach kam es bei Wartungsarbeiten zu einer \u00dcberhitzung einer Abwasserpumpe, die zun\u00e4chst einen Schmorbrand und sp\u00e4ter offenes Feuer zur Folge hatte. Zwei Mitarbeiter der Kl\u00e4ranlage hatten noch versucht, das Feuer im v\u00f6llig verrauchten Keller mit einem Feuerl\u00f6scher zu l\u00f6schen. Sie wurden jedoch durch Rauchgasinhalation bewusstlos und mussten von der eintreffenden Feuerwehr gesucht und gerettet werden.<\/p>\n","protected":false},"author":17,"featured_media":15262,"comment_status":"closed","ping_status":"closed","sticky":false,"template":"","format":"standard","meta":{"footnotes":""},"categories":[1],"tags":[],"class_list":["post-15260","post","type-post","status-publish","format-standard","has-post-thumbnail","hentry","category-allgemein"],"better_featured_image":{"id":15262,"alt_text":"","caption":"","description":"","media_type":"image","media_details":{"width":2560,"height":1920,"file":"2026\/09\/1000293034-scaled.jpg","filesize":1204157,"sizes":{"medium_large":{"file":"1000293034-768x576.jpg","width":768,"height":576,"mime-type":"image\/jpeg","filesize":203125,"source_url":"https:\/\/feuerwehr-vglambrecht.de\/cms\/wp-content\/uploads\/2026\/09\/1000293034-768x576.jpg"},"1536x1536":{"file":"1000293034-1536x1152.jpg","width":1536,"height":1152,"mime-type":"image\/jpeg","filesize":565218,"source_url":"https:\/\/feuerwehr-vglambrecht.de\/cms\/wp-content\/uploads\/2026\/09\/1000293034-1536x1152.jpg"},"2048x2048":{"file":"1000293034-2048x1536.jpg","width":2048,"height":1536,"mime-type":"image\/jpeg","filesize":867057,"source_url":"https:\/\/feuerwehr-vglambrecht.de\/cms\/wp-content\/uploads\/2026\/09\/1000293034-2048x1536.jpg"},"landing_image":{"file":"1000293034-1024x460.jpg","width":1024,"height":460,"mime-type":"image\/jpeg","filesize":206954,"source_url":"https:\/\/feuerwehr-vglambrecht.de\/cms\/wp-content\/uploads\/2026\/09\/1000293034-1024x460.jpg"},"card-image":{"file":"1000293034-700x350.jpg","width":700,"height":350,"mime-type":"image\/jpeg","filesize":138580,"source_url":"https:\/\/feuerwehr-vglambrecht.de\/cms\/wp-content\/uploads\/2026\/09\/1000293034-700x350.jpg"},"mobile-header":{"file":"1000293034-480x240.jpg","width":480,"height":240,"mime-type":"image\/jpeg","filesize":94548,"source_url":"https:\/\/feuerwehr-vglambrecht.de\/cms\/wp-content\/uploads\/2026\/09\/1000293034-480x240.jpg"},"tablet-header":{"file":"1000293034-768x384.jpg","width":768,"height":384,"mime-type":"image\/jpeg","filesize":154036,"source_url":"https:\/\/feuerwehr-vglambrecht.de\/cms\/wp-content\/uploads\/2026\/09\/1000293034-768x384.jpg"},"thumbnail":{"file":"1000293034-150x150.jpg","width":150,"height":150,"source_url":"https:\/\/feuerwehr-vglambrecht.de\/cms\/wp-content\/uploads\/2026\/09\/1000293034-150x150.jpg"},"medium":{"file":"1000293034-300x225.jpg","width":300,"height":225,"source_url":"https:\/\/feuerwehr-vglambrecht.de\/cms\/wp-content\/uploads\/2026\/09\/1000293034-300x225.jpg"},"large":{"file":"1000293034-1024x768.jpg","width":1024,"height":768,"source_url":"https:\/\/feuerwehr-vglambrecht.de\/cms\/wp-content\/uploads\/2026\/09\/1000293034-1024x768.jpg"}},"image_meta":{"aperture":"1.8","credit":"","camera":"SM-A536B","caption":"","created_timestamp":"1787944711","copyright":"","focal_length":"5.23","iso":"50","shutter_speed":"0.01","title":"","orientation":"1","keywords":[]},"original_image":"1000293034.jpg","image-converter":{"thumbnail":"IME","medium":"IME","large":"IME"}},"post":15260,"source_url":"https:\/\/feuerwehr-vglambrecht.de\/cms\/wp-content\/uploads\/2026\/09\/1000293034-scaled.jpg"},"_links":{"self":[{"href":"https:\/\/feuerwehr-vglambrecht.de\/cms\/wp-json\/wp\/v2\/posts\/15260","targetHints":{"allow":["GET"]}}],"collection":[{"href":"https:\/\/feuerwehr-vglambrecht.de\/cms\/wp-json\/wp\/v2\/posts"}],"about":[{"href":"https:\/\/feuerwehr-vglambrecht.de\/cms\/wp-json\/wp\/v2\/types\/post"}],"author":[{"embeddable":true,"href":"https:\/\/feuerwehr-vglambrecht.de\/cms\/wp-json\/wp\/v2\/users\/17"}],"replies":[{"embeddable":true,"href":"https:\/\/feuerwehr-vglambrecht.de\/cms\/wp-json\/wp\/v2\/comments?post=15260"}],"version-history":[{"count":1,"href":"https:\/\/feuerwehr-vglambrecht.de\/cms\/wp-json\/wp\/v2\/posts\/15260\/revisions"}],"predecessor-version":[{"id":15261,"href":"https:\/\/feuerwehr-vglambrecht.de\/cms\/wp-json\/wp\/v2\/posts\/15260\/revisions\/15261"}],"wp:featuredmedia":[{"embeddable":true,"href":"https:\/\/feuerwehr-vglambrecht.de\/cms\/wp-json\/wp\/v2\/media\/15262"}],"wp:attachment":[{"href":"https:\/\/feuerwehr-vglambrecht.de\/cms\/wp-json\/wp\/v2\/media?parent=15260"}],"wp:term":[{"taxonomy":"category","embeddable":true,"href":"https:\/\/feuerwehr-vglambrecht.de\/cms\/wp-json\/wp\/v2\/categories?post=15260"},{"taxonomy":"post_tag","embeddable":true,"href":"https:\/\/feuerwehr-vglambrecht.de\/cms\/wp-json\/wp\/v2\/tags?post=15260"}],"curies":[{"name":"wp","href":"https:\/\/api.w.org\/{rel}","templated":true}]}}