{"id":14744,"date":"2026-03-11T15:35:42","date_gmt":"2026-03-11T14:35:42","guid":{"rendered":"https:\/\/feuerwehr-vglambrecht.de\/cms\/?p=14744"},"modified":"2026-03-11T15:40:16","modified_gmt":"2026-03-11T14:40:16","slug":"brand-einer-werkstatthalle-mit-menschenrettung-in-esthal","status":"publish","type":"post","link":"https:\/\/feuerwehr-vglambrecht.de\/cms\/2026\/03\/11\/brand-einer-werkstatthalle-mit-menschenrettung-in-esthal\/","title":{"rendered":"Brand einer Werkstatthalle mit Menschenrettung in Esthal"},"content":{"rendered":"<p><strong>(Gemeinsame Einsatz\u00fcbung im Ausr\u00fcckebereich West der Feuerwehr VG Lambrecht)<\/strong><\/p>\n<p>&nbsp;<\/p>\n<p>Am 10. M\u00e4rz 2026 fand eine gemeinsame Einsatz\u00fcbung der Feuerwehren Esthal und Frankeneck in Esthal statt.<\/p>\n<p>Als \u00dcbungsobjekt diente eine\u00a0<strong>Werkstatthalle eines Steinmetzbetriebes in der Friedhofstra\u00dfe in Esthal<\/strong>, die realistischen Bedingungen f\u00fcr ein anspruchsvolles Einsatzszenario bot. Ziel der \u00dcbung war es, insbesondere bei den\u00a0<strong>F\u00fchrungskr\u00e4ften Augenmerk auf eine<\/strong>\u00a0<strong>ausf\u00fchrliche und umfangreiche Erkundung der Einsatzlage<\/strong>\u00a0zu setzen. Auf Grundlage dieser Lageerkundung sollten z\u00fcgig die richtigen taktischen Entscheidungen getroffen und die Einsatzma\u00dfnahmen entsprechend priorisiert werden. Dabei stand das Grundprinzip\u00a0<strong>\u201eMenschenrettung vor Brandbek\u00e4mpfung\u201c<\/strong>\u00a0im Mittelpunkt.<\/p>\n<p>Im weiteren Verlauf lag ein Schwerpunkt auf dem\u00a0<strong>Erkennen der Notwendigkeit einer Riegelstellung<\/strong>, um ein benachbartes Geb\u00e4ude vor einem m\u00f6glichen Brand\u00fcbergriff zu sch\u00fctzen. Parallel dazu wurden das\u00a0<strong>Schlauchmanagement<\/strong>, eine taktisch sinnvolle\u00a0<strong>Fahrzeugaufstellung<\/strong>\u00a0sowie die\u00a0<strong>Ordnung des Raumes<\/strong>\u00a0intensiv ge\u00fcbt. Diese Aspekte sind entscheidend, um einen reibungslosen und sicheren Einsatzablauf zu gew\u00e4hrleisten und ausreichend Bewegungs- und Arbeitsfl\u00e4chen f\u00fcr die eingesetzten Kr\u00e4fte zu schaffen.<\/p>\n<p>Die Feuerwehren aus Esthal und Frankeneck arbeiteten w\u00e4hrend der gesamten \u00dcbung eng zusammen und setzten ihre Fahrzeuge und Ger\u00e4tschaften koordiniert ein. Auch die F\u00fchrungsstruktur und die Kommunikation zwischen den Einheiten wurden praxisnah trainiert.<\/p>\n<p>Solche \u00dcbungen sind ein wesentlicher Bestandteil der Aus- und Fortbildung in der Freiwilligen Feuerwehr. Sie erm\u00f6glichen es, Abl\u00e4ufe unter realistischen Bedingungen zu festigen, Schnittstellen zwischen den Einheiten zu optimieren und F\u00fchrungskr\u00e4fte auf komplexe Einsatzlagen vorzubereiten.<\/p>\n<p>In einer abschlie\u00dfenden Nachbesprechung wurde die \u00dcbung gemeinsam ausgewertet. Neben positiven Erkenntnissen wurden auch Verbesserungspotenziale offen angesprochen, um die Einsatzbereitschaft im Ausr\u00fcckebereich West kontinuierlich weiterzuentwickeln.<\/p>\n<p>Mit dieser \u00dcbung unterstreicht die Feuerwehr der Verbandsgemeinde Lambrecht erneut die Bedeutung von Ausbildung, Teamarbeit und taktischer Einsatzf\u00fchrung zum Schutz der Bev\u00f6lkerung. Die Feuerwehr bedankt sich bei Herrn Joachim Roth vom Steinmetzbetrieb Roth f\u00fcr die M\u00f6glichkeit an dem Objekt \u00fcben zu d\u00fcrfen.<\/p>\n\n<div class=\"ngg-galleryoverview\" id=\"ngg-gallery-588-14744\">\n\n\t<!-- Slideshow link -->\n\t<div class=\"slideshowlink\">\n\t\t<a class=\"slideshowlink\" href=\"https:\/\/feuerwehr-vglambrecht.de\/cms\/2026\/03\/11\/brand-einer-werkstatthalle-mit-menschenrettung-in-esthal\/nggallery\/slideshow\">\n\t\t\t[Show as slideshow]\t\t<\/a>\n\t<\/div>\n\n\t\n\t<!-- Thumbnails -->\n\t\t\n\t<div id=\"ngg-image-3471\" class=\"ngg-gallery-thumbnail-box\"  >\n\t\t<div class=\"ngg-gallery-thumbnail\" >\n\t\t\t<a href=\"https:\/\/feuerwehr-vglambrecht.de\/cms\/wp-content\/gallery\/uebung-esthal-und-frankeneck-10-3-2026\/img_5606.jpg\" title=\" \" class=\"shutterset_set_588\" >\n\t\t\t\t\t\t\t\t<img loading=\"lazy\" decoding=\"async\" title=\"img_5606\" alt=\"img_5606\" src=\"https:\/\/feuerwehr-vglambrecht.de\/cms\/wp-content\/gallery\/uebung-esthal-und-frankeneck-10-3-2026\/thumbs\/thumbs_img_5606.jpg\" width=\"100\" height=\"75\" \/>\n\t\t\t\t\t\t\t<\/a>\n\t\t<\/div>\n\t<\/div>\n\t\n\t\t\n \t\t\n\t<div id=\"ngg-image-3472\" class=\"ngg-gallery-thumbnail-box\"  >\n\t\t<div class=\"ngg-gallery-thumbnail\" >\n\t\t\t<a href=\"https:\/\/feuerwehr-vglambrecht.de\/cms\/wp-content\/gallery\/uebung-esthal-und-frankeneck-10-3-2026\/img_5607.jpg\" title=\" \" class=\"shutterset_set_588\" >\n\t\t\t\t\t\t\t\t<img loading=\"lazy\" decoding=\"async\" title=\"img_5607\" alt=\"img_5607\" src=\"https:\/\/feuerwehr-vglambrecht.de\/cms\/wp-content\/gallery\/uebung-esthal-und-frankeneck-10-3-2026\/thumbs\/thumbs_img_5607.jpg\" width=\"100\" height=\"75\" \/>\n\t\t\t\t\t\t\t<\/a>\n\t\t<\/div>\n\t<\/div>\n\t\n\t\t\n \t\t\n\t<div id=\"ngg-image-3473\" class=\"ngg-gallery-thumbnail-box\"  >\n\t\t<div class=\"ngg-gallery-thumbnail\" >\n\t\t\t<a href=\"https:\/\/feuerwehr-vglambrecht.de\/cms\/wp-content\/gallery\/uebung-esthal-und-frankeneck-10-3-2026\/img_5609.jpg\" title=\" \" class=\"shutterset_set_588\" >\n\t\t\t\t\t\t\t\t<img loading=\"lazy\" decoding=\"async\" title=\"img_5609\" alt=\"img_5609\" src=\"https:\/\/feuerwehr-vglambrecht.de\/cms\/wp-content\/gallery\/uebung-esthal-und-frankeneck-10-3-2026\/thumbs\/thumbs_img_5609.jpg\" width=\"100\" height=\"75\" \/>\n\t\t\t\t\t\t\t<\/a>\n\t\t<\/div>\n\t<\/div>\n\t\n\t\t\n \t\t\n\t<div id=\"ngg-image-3474\" class=\"ngg-gallery-thumbnail-box\"  >\n\t\t<div class=\"ngg-gallery-thumbnail\" >\n\t\t\t<a href=\"https:\/\/feuerwehr-vglambrecht.de\/cms\/wp-content\/gallery\/uebung-esthal-und-frankeneck-10-3-2026\/img_5616.jpg\" title=\" \" class=\"shutterset_set_588\" >\n\t\t\t\t\t\t\t\t<img loading=\"lazy\" decoding=\"async\" title=\"img_5616\" alt=\"img_5616\" src=\"https:\/\/feuerwehr-vglambrecht.de\/cms\/wp-content\/gallery\/uebung-esthal-und-frankeneck-10-3-2026\/thumbs\/thumbs_img_5616.jpg\" width=\"100\" height=\"75\" \/>\n\t\t\t\t\t\t\t<\/a>\n\t\t<\/div>\n\t<\/div>\n\t\n\t\t\n \t\t\n\t<div id=\"ngg-image-3475\" class=\"ngg-gallery-thumbnail-box\"  >\n\t\t<div class=\"ngg-gallery-thumbnail\" >\n\t\t\t<a href=\"https:\/\/feuerwehr-vglambrecht.de\/cms\/wp-content\/gallery\/uebung-esthal-und-frankeneck-10-3-2026\/img_5620.jpg\" title=\" \" class=\"shutterset_set_588\" >\n\t\t\t\t\t\t\t\t<img loading=\"lazy\" decoding=\"async\" title=\"img_5620\" alt=\"img_5620\" src=\"https:\/\/feuerwehr-vglambrecht.de\/cms\/wp-content\/gallery\/uebung-esthal-und-frankeneck-10-3-2026\/thumbs\/thumbs_img_5620.jpg\" width=\"100\" height=\"75\" \/>\n\t\t\t\t\t\t\t<\/a>\n\t\t<\/div>\n\t<\/div>\n\t\n\t\t\n \t\t\n\t<div id=\"ngg-image-3476\" class=\"ngg-gallery-thumbnail-box\"  >\n\t\t<div class=\"ngg-gallery-thumbnail\" >\n\t\t\t<a href=\"https:\/\/feuerwehr-vglambrecht.de\/cms\/wp-content\/gallery\/uebung-esthal-und-frankeneck-10-3-2026\/img_5624.jpg\" title=\" \" class=\"shutterset_set_588\" >\n\t\t\t\t\t\t\t\t<img loading=\"lazy\" decoding=\"async\" title=\"img_5624\" alt=\"img_5624\" src=\"https:\/\/feuerwehr-vglambrecht.de\/cms\/wp-content\/gallery\/uebung-esthal-und-frankeneck-10-3-2026\/thumbs\/thumbs_img_5624.jpg\" width=\"100\" height=\"75\" \/>\n\t\t\t\t\t\t\t<\/a>\n\t\t<\/div>\n\t<\/div>\n\t\n\t\t\n \t \t\n\t<!-- Pagination -->\n \t<div class='ngg-clear'><\/div>\n \t\n<\/div>\n\n\n","protected":false},"excerpt":{"rendered":"<p>(Gemeinsame Einsatz\u00fcbung im Ausr\u00fcckebereich West der Feuerwehr VG Lambrecht) &nbsp; Am 10. M\u00e4rz 2026 fand eine gemeinsame Einsatz\u00fcbung der Feuerwehren Esthal und Frankeneck in Esthal statt. Als \u00dcbungsobjekt diente eine\u00a0Werkstatthalle eines Steinmetzbetriebes in der Friedhofstra\u00dfe in Esthal, die realistischen Bedingungen f\u00fcr ein anspruchsvolles Einsatzszenario bot. Ziel der \u00dcbung war es, insbesondere bei den\u00a0F\u00fchrungskr\u00e4ften Augenmerk auf eine\u00a0ausf\u00fchrliche und umfangreiche Erkundung der Einsatzlage\u00a0zu setzen. Auf Grundlage dieser Lageerkundung sollten z\u00fcgig die richtigen taktischen Entscheidungen getroffen und die Einsatzma\u00dfnahmen entsprechend priorisiert werden. Dabei stand das Grundprinzip\u00a0\u201eMenschenrettung vor Brandbek\u00e4mpfung\u201c\u00a0im Mittelpunkt. Im weiteren Verlauf lag ein Schwerpunkt auf dem\u00a0Erkennen der Notwendigkeit einer Riegelstellung, um ein benachbartes Geb\u00e4ude vor einem m\u00f6glichen Brand\u00fcbergriff zu sch\u00fctzen. Parallel dazu wurden das\u00a0Schlauchmanagement, eine taktisch sinnvolle\u00a0Fahrzeugaufstellung\u00a0sowie die\u00a0Ordnung des Raumes\u00a0intensiv ge\u00fcbt. Diese Aspekte sind entscheidend, um einen reibungslosen und sicheren Einsatzablauf zu gew\u00e4hrleisten und ausreichend Bewegungs- und Arbeitsfl\u00e4chen f\u00fcr die eingesetzten Kr\u00e4fte zu schaffen. Die Feuerwehren aus Esthal und Frankeneck arbeiteten w\u00e4hrend&hellip;<\/p>\n","protected":false},"author":5,"featured_media":14747,"comment_status":"closed","ping_status":"closed","sticky":false,"template":"","format":"standard","meta":{"footnotes":""},"categories":[1],"tags":[138,383,141,168],"class_list":["post-14744","post","type-post","status-publish","format-standard","has-post-thumbnail","hentry","category-allgemein","tag-esthal","tag-feuerwehrvglambrecht","tag-frankeneck","tag-uebung"],"better_featured_image":{"id":14747,"alt_text":"","caption":"","description":"","media_type":"image","media_details":{"width":2030,"height":1293,"file":"2026\/03\/IMG_5607-scaled-e1773239469484.jpg","filesize":273475,"sizes":{"medium_large":{"file":"IMG_5607-scaled-e1773239469484-768x489.jpg","width":768,"height":489,"mime-type":"image\/jpeg","filesize":59206,"source_url":"https:\/\/feuerwehr-vglambrecht.de\/cms\/wp-content\/uploads\/2026\/03\/IMG_5607-scaled-e1773239469484-768x489.jpg"},"1536x1536":{"file":"IMG_5607-scaled-e1773239469484-1536x978.jpg","width":1536,"height":978,"mime-type":"image\/jpeg","filesize":167396,"source_url":"https:\/\/feuerwehr-vglambrecht.de\/cms\/wp-content\/uploads\/2026\/03\/IMG_5607-scaled-e1773239469484-1536x978.jpg"},"2048x2048":{"file":"IMG_5607-2048x1536.jpg","width":2048,"height":1536,"mime-type":"image\/jpeg","filesize":304876,"source_url":"https:\/\/feuerwehr-vglambrecht.de\/cms\/wp-content\/uploads\/2026\/03\/IMG_5607-2048x1536.jpg"},"landing_image":{"file":"IMG_5607-scaled-e1773239469484-1024x460.jpg","width":1024,"height":460,"mime-type":"image\/jpeg","filesize":70897,"source_url":"https:\/\/feuerwehr-vglambrecht.de\/cms\/wp-content\/uploads\/2026\/03\/IMG_5607-scaled-e1773239469484-1024x460.jpg"},"card-image":{"file":"IMG_5607-scaled-e1773239469484-700x350.jpg","width":700,"height":350,"mime-type":"image\/jpeg","filesize":44981,"source_url":"https:\/\/feuerwehr-vglambrecht.de\/cms\/wp-content\/uploads\/2026\/03\/IMG_5607-scaled-e1773239469484-700x350.jpg"},"mobile-header":{"file":"IMG_5607-scaled-e1773239469484-480x240.jpg","width":480,"height":240,"mime-type":"image\/jpeg","filesize":28487,"source_url":"https:\/\/feuerwehr-vglambrecht.de\/cms\/wp-content\/uploads\/2026\/03\/IMG_5607-scaled-e1773239469484-480x240.jpg"},"tablet-header":{"file":"IMG_5607-scaled-e1773239469484-768x384.jpg","width":768,"height":384,"mime-type":"image\/jpeg","filesize":50730,"source_url":"https:\/\/feuerwehr-vglambrecht.de\/cms\/wp-content\/uploads\/2026\/03\/IMG_5607-scaled-e1773239469484-768x384.jpg"},"thumbnail":{"file":"IMG_5607-scaled-e1773239469484-150x150.jpg","width":150,"height":150,"mime-type":"image\/jpeg","filesize":14522,"source_url":"https:\/\/feuerwehr-vglambrecht.de\/cms\/wp-content\/uploads\/2026\/03\/IMG_5607-scaled-e1773239469484-150x150.jpg"},"medium":{"file":"IMG_5607-scaled-e1773239469484-300x191.jpg","width":300,"height":191,"mime-type":"image\/jpeg","filesize":19920,"source_url":"https:\/\/feuerwehr-vglambrecht.de\/cms\/wp-content\/uploads\/2026\/03\/IMG_5607-scaled-e1773239469484-300x191.jpg"},"large":{"file":"IMG_5607-scaled-e1773239469484-1024x652.jpg","width":1024,"height":652,"mime-type":"image\/jpeg","filesize":89739,"source_url":"https:\/\/feuerwehr-vglambrecht.de\/cms\/wp-content\/uploads\/2026\/03\/IMG_5607-scaled-e1773239469484-1024x652.jpg"}},"image_meta":{"aperture":"1.8","credit":"","camera":"iPhone SE (2nd generation)","caption":"","created_timestamp":"1773172228","copyright":"","focal_length":"3.99","iso":"640","shutter_speed":"0.041666666666667","title":"","orientation":"1","keywords":[]},"original_image":"IMG_5607.jpg","image-converter":{"thumbnail":"IME","medium":"IME","large":"IME"}},"post":14744,"source_url":"https:\/\/feuerwehr-vglambrecht.de\/cms\/wp-content\/uploads\/2026\/03\/IMG_5607-scaled-e1773239469484.jpg"},"_links":{"self":[{"href":"https:\/\/feuerwehr-vglambrecht.de\/cms\/wp-json\/wp\/v2\/posts\/14744","targetHints":{"allow":["GET"]}}],"collection":[{"href":"https:\/\/feuerwehr-vglambrecht.de\/cms\/wp-json\/wp\/v2\/posts"}],"about":[{"href":"https:\/\/feuerwehr-vglambrecht.de\/cms\/wp-json\/wp\/v2\/types\/post"}],"author":[{"embeddable":true,"href":"https:\/\/feuerwehr-vglambrecht.de\/cms\/wp-json\/wp\/v2\/users\/5"}],"replies":[{"embeddable":true,"href":"https:\/\/feuerwehr-vglambrecht.de\/cms\/wp-json\/wp\/v2\/comments?post=14744"}],"version-history":[{"count":4,"href":"https:\/\/feuerwehr-vglambrecht.de\/cms\/wp-json\/wp\/v2\/posts\/14744\/revisions"}],"predecessor-version":[{"id":14749,"href":"https:\/\/feuerwehr-vglambrecht.de\/cms\/wp-json\/wp\/v2\/posts\/14744\/revisions\/14749"}],"wp:featuredmedia":[{"embeddable":true,"href":"https:\/\/feuerwehr-vglambrecht.de\/cms\/wp-json\/wp\/v2\/media\/14747"}],"wp:attachment":[{"href":"https:\/\/feuerwehr-vglambrecht.de\/cms\/wp-json\/wp\/v2\/media?parent=14744"}],"wp:term":[{"taxonomy":"category","embeddable":true,"href":"https:\/\/feuerwehr-vglambrecht.de\/cms\/wp-json\/wp\/v2\/categories?post=14744"},{"taxonomy":"post_tag","embeddable":true,"href":"https:\/\/feuerwehr-vglambrecht.de\/cms\/wp-json\/wp\/v2\/tags?post=14744"}],"curies":[{"name":"wp","href":"https:\/\/api.w.org\/{rel}","templated":true}]}}