{"id":14587,"date":"2026-01-27T13:51:27","date_gmt":"2026-01-27T12:51:27","guid":{"rendered":"https:\/\/feuerwehr-vglambrecht.de\/cms\/?p=14587"},"modified":"2026-01-27T13:51:27","modified_gmt":"2026-01-27T12:51:27","slug":"brandschutzerziehung-in-der-lindenberger-kita","status":"publish","type":"post","link":"https:\/\/feuerwehr-vglambrecht.de\/cms\/2026\/01\/27\/brandschutzerziehung-in-der-lindenberger-kita\/","title":{"rendered":"Brandschutzerziehung in der Lindenberger Kita"},"content":{"rendered":"<p>Am 23. Januar 2026 f\u00fchrten die Kameraden Martin Kottwitz und Luca Hartmann die Brandschutzerziehung f\u00fcr die erste Gruppe der Kindertagesst\u00e4tte durch. Es wurden theoretische Grundlagen mit spannenden praktischen Beispielen kombiniert, um den Kindern den sicheren Umgang mit dem Thema &#8222;Feuer&#8220; und &#8222;das richtige Verhalten im Notfall&#8220; n\u00e4herzubringen &#8211; im Notfall die 112 w\u00e4hlen.<\/p>\n<p>Im theoretischen Teil lernten die Kinder spielerisch, wie man im Ernstfall die Feuerwehr ruft und welche vielf\u00e4ltigen Aufgaben die Feuerwehrleute eigentlich haben. Ein wichtiger Teil war das Erkl\u00e4ren von &#8222;gutem&#8220; und &#8222;schlechten&#8220; Feuer (z.B. die Kerze am Geburtstag vs. ein Zimmerbrand).<\/p>\n<p>Im praktischen Teil wurde den Kinder die pers\u00f6nliche Schutzausr\u00fcstung (PSA) vorgestellt und erkl\u00e4rt was es f\u00fcr Unterschiede gibt und wof\u00fcr welche PSA gebraucht wird. Danach wurde die PSA f\u00fcr die Brandbek\u00e4mpfung inklusive schwerem Atemschutz angelegt, damit die Kinder sehen, dass sie im Ernstfall keine Angst vor den &#8222;maskierten&#8220; Feuerwehrleuten haben m\u00fcssen.<\/p>\n<p>In kleinen Versuchen wurde demonstriert, welche Materialien gut brennen und welche nicht. Die kleinen Br\u00e4nde durften die Kinder dann eigenst\u00e4ndig l\u00f6schen.<\/p>\n<p>Im Anschluss wurde den Kindern dann das Feuerwehrger\u00e4tehaus und die Fahrzeuge (TSF 5\/42\/1 und MTF 5\/19\/1) ausf\u00fchrlich gezeigt und erkl\u00e4rt.<\/p>\n\n<div class=\"ngg-galleryoverview\" id=\"ngg-gallery-583-14587\">\n\n\t<!-- Slideshow link -->\n\t<div class=\"slideshowlink\">\n\t\t<a class=\"slideshowlink\" href=\"https:\/\/feuerwehr-vglambrecht.de\/cms\/2026\/01\/27\/brandschutzerziehung-in-der-lindenberger-kita\/nggallery\/slideshow\">\n\t\t\t[Show as slideshow]\t\t<\/a>\n\t<\/div>\n\n\t\n\t<!-- Thumbnails -->\n\t\t\n\t<div id=\"ngg-image-3436\" class=\"ngg-gallery-thumbnail-box\"  >\n\t\t<div class=\"ngg-gallery-thumbnail\" >\n\t\t\t<a href=\"https:\/\/feuerwehr-vglambrecht.de\/cms\/wp-content\/gallery\/bse-lindenberg\/fwl.jpg\" title=\" \" class=\"shutterset_set_583\" >\n\t\t\t\t\t\t\t\t<img loading=\"lazy\" decoding=\"async\" title=\"fwl\" alt=\"fwl\" src=\"https:\/\/feuerwehr-vglambrecht.de\/cms\/wp-content\/gallery\/bse-lindenberg\/thumbs\/thumbs_fwl.jpg\" width=\"100\" height=\"75\" \/>\n\t\t\t\t\t\t\t<\/a>\n\t\t<\/div>\n\t<\/div>\n\t\n\t\t\n \t \t\n\t<!-- Pagination -->\n \t<div class='ngg-clear'><\/div>\n \t\n<\/div>\n\n\n","protected":false},"excerpt":{"rendered":"<p>Am 23. Januar 2026 f\u00fchrten die Kameraden Martin Kottwitz und Luca Hartmann die Brandschutzerziehung f\u00fcr die erste Gruppe der Kindertagesst\u00e4tte durch. Es wurden theoretische Grundlagen mit spannenden praktischen Beispielen kombiniert, um den Kindern den sicheren Umgang mit dem Thema &#8222;Feuer&#8220; und &#8222;das richtige Verhalten im Notfall&#8220; n\u00e4herzubringen &#8211; im Notfall die 112 w\u00e4hlen. Im theoretischen Teil lernten die Kinder spielerisch, wie man im Ernstfall die Feuerwehr ruft und welche vielf\u00e4ltigen Aufgaben die Feuerwehrleute eigentlich haben. Ein wichtiger Teil war das Erkl\u00e4ren von &#8222;gutem&#8220; und &#8222;schlechten&#8220; Feuer (z.B. die Kerze am Geburtstag vs. ein Zimmerbrand). Im praktischen Teil wurde den Kinder die pers\u00f6nliche Schutzausr\u00fcstung (PSA) vorgestellt und erkl\u00e4rt was es f\u00fcr Unterschiede gibt und wof\u00fcr welche PSA gebraucht wird. Danach wurde die PSA f\u00fcr die Brandbek\u00e4mpfung inklusive schwerem Atemschutz angelegt, damit die Kinder sehen, dass sie im Ernstfall keine Angst vor den &#8222;maskierten&#8220; Feuerwehrleuten haben m\u00fcssen. In kleinen Versuchen wurde demonstriert,&hellip;<\/p>\n","protected":false},"author":23,"featured_media":14588,"comment_status":"closed","ping_status":"closed","sticky":false,"template":"","format":"standard","meta":{"footnotes":""},"categories":[74,2],"tags":[],"class_list":["post-14587","post","type-post","status-publish","format-standard","has-post-thumbnail","hentry","category-fw_lindenberg","category-new"],"better_featured_image":{"id":14588,"alt_text":"","caption":"","description":"","media_type":"image","media_details":{"width":2048,"height":1536,"file":"2026\/01\/Bild-Brandschutzerziehung-Lindenberg-23.01.2026.jpg","filesize":847354,"sizes":{"medium_large":{"file":"Bild-Brandschutzerziehung-Lindenberg-23.01.2026-768x576.jpg","width":768,"height":576,"mime-type":"image\/jpeg","filesize":99673,"source_url":"https:\/\/feuerwehr-vglambrecht.de\/cms\/wp-content\/uploads\/2026\/01\/Bild-Brandschutzerziehung-Lindenberg-23.01.2026-768x576.jpg"},"1536x1536":{"file":"Bild-Brandschutzerziehung-Lindenberg-23.01.2026-1536x1152.jpg","width":1536,"height":1152,"mime-type":"image\/jpeg","filesize":371830,"source_url":"https:\/\/feuerwehr-vglambrecht.de\/cms\/wp-content\/uploads\/2026\/01\/Bild-Brandschutzerziehung-Lindenberg-23.01.2026-1536x1152.jpg"},"landing_image":{"file":"Bild-Brandschutzerziehung-Lindenberg-23.01.2026-1024x460.jpg","width":1024,"height":460,"mime-type":"image\/jpeg","filesize":110408,"source_url":"https:\/\/feuerwehr-vglambrecht.de\/cms\/wp-content\/uploads\/2026\/01\/Bild-Brandschutzerziehung-Lindenberg-23.01.2026-1024x460.jpg"},"card-image":{"file":"Bild-Brandschutzerziehung-Lindenberg-23.01.2026-700x350.jpg","width":700,"height":350,"mime-type":"image\/jpeg","filesize":62566,"source_url":"https:\/\/feuerwehr-vglambrecht.de\/cms\/wp-content\/uploads\/2026\/01\/Bild-Brandschutzerziehung-Lindenberg-23.01.2026-700x350.jpg"},"mobile-header":{"file":"Bild-Brandschutzerziehung-Lindenberg-23.01.2026-480x240.jpg","width":480,"height":240,"mime-type":"image\/jpeg","filesize":31724,"source_url":"https:\/\/feuerwehr-vglambrecht.de\/cms\/wp-content\/uploads\/2026\/01\/Bild-Brandschutzerziehung-Lindenberg-23.01.2026-480x240.jpg"},"tablet-header":{"file":"Bild-Brandschutzerziehung-Lindenberg-23.01.2026-768x384.jpg","width":768,"height":384,"mime-type":"image\/jpeg","filesize":73033,"source_url":"https:\/\/feuerwehr-vglambrecht.de\/cms\/wp-content\/uploads\/2026\/01\/Bild-Brandschutzerziehung-Lindenberg-23.01.2026-768x384.jpg"},"thumbnail":{"file":"Bild-Brandschutzerziehung-Lindenberg-23.01.2026-150x150.jpg","width":150,"height":150,"source_url":"https:\/\/feuerwehr-vglambrecht.de\/cms\/wp-content\/uploads\/2026\/01\/Bild-Brandschutzerziehung-Lindenberg-23.01.2026-150x150.jpg"},"medium":{"file":"Bild-Brandschutzerziehung-Lindenberg-23.01.2026-300x225.jpg","width":300,"height":225,"source_url":"https:\/\/feuerwehr-vglambrecht.de\/cms\/wp-content\/uploads\/2026\/01\/Bild-Brandschutzerziehung-Lindenberg-23.01.2026-300x225.jpg"},"large":{"file":"Bild-Brandschutzerziehung-Lindenberg-23.01.2026-1024x768.jpg","width":1024,"height":768,"source_url":"https:\/\/feuerwehr-vglambrecht.de\/cms\/wp-content\/uploads\/2026\/01\/Bild-Brandschutzerziehung-Lindenberg-23.01.2026-1024x768.jpg"}},"image_meta":{"aperture":"0","credit":"","camera":"","caption":"","created_timestamp":"1769513063","copyright":"","focal_length":"0","iso":"0","shutter_speed":"0","title":"","orientation":"0","keywords":[]},"image-converter":{"thumbnail":"IME","medium":"IME","large":"IME"}},"post":14587,"source_url":"https:\/\/feuerwehr-vglambrecht.de\/cms\/wp-content\/uploads\/2026\/01\/Bild-Brandschutzerziehung-Lindenberg-23.01.2026.jpg"},"_links":{"self":[{"href":"https:\/\/feuerwehr-vglambrecht.de\/cms\/wp-json\/wp\/v2\/posts\/14587","targetHints":{"allow":["GET"]}}],"collection":[{"href":"https:\/\/feuerwehr-vglambrecht.de\/cms\/wp-json\/wp\/v2\/posts"}],"about":[{"href":"https:\/\/feuerwehr-vglambrecht.de\/cms\/wp-json\/wp\/v2\/types\/post"}],"author":[{"embeddable":true,"href":"https:\/\/feuerwehr-vglambrecht.de\/cms\/wp-json\/wp\/v2\/users\/23"}],"replies":[{"embeddable":true,"href":"https:\/\/feuerwehr-vglambrecht.de\/cms\/wp-json\/wp\/v2\/comments?post=14587"}],"version-history":[{"count":4,"href":"https:\/\/feuerwehr-vglambrecht.de\/cms\/wp-json\/wp\/v2\/posts\/14587\/revisions"}],"predecessor-version":[{"id":14592,"href":"https:\/\/feuerwehr-vglambrecht.de\/cms\/wp-json\/wp\/v2\/posts\/14587\/revisions\/14592"}],"wp:featuredmedia":[{"embeddable":true,"href":"https:\/\/feuerwehr-vglambrecht.de\/cms\/wp-json\/wp\/v2\/media\/14588"}],"wp:attachment":[{"href":"https:\/\/feuerwehr-vglambrecht.de\/cms\/wp-json\/wp\/v2\/media?parent=14587"}],"wp:term":[{"taxonomy":"category","embeddable":true,"href":"https:\/\/feuerwehr-vglambrecht.de\/cms\/wp-json\/wp\/v2\/categories?post=14587"},{"taxonomy":"post_tag","embeddable":true,"href":"https:\/\/feuerwehr-vglambrecht.de\/cms\/wp-json\/wp\/v2\/tags?post=14587"}],"curies":[{"name":"wp","href":"https:\/\/api.w.org\/{rel}","templated":true}]}}