{"id":14449,"date":"2025-12-01T16:22:22","date_gmt":"2025-12-01T15:22:22","guid":{"rendered":"https:\/\/feuerwehr-vglambrecht.de\/cms\/?p=14449"},"modified":"2025-12-01T16:22:22","modified_gmt":"2025-12-01T15:22:22","slug":"chaos-im-roxy-kino-ausflug-der-vg-kinder-und-jugendfeuerwehren","status":"publish","type":"post","link":"https:\/\/feuerwehr-vglambrecht.de\/cms\/2025\/12\/01\/chaos-im-roxy-kino-ausflug-der-vg-kinder-und-jugendfeuerwehren\/","title":{"rendered":"\u201eChaos im Roxy Kino\u201c Ausflug der VG Kinder- und Jugendfeuerwehren"},"content":{"rendered":"<p style=\"font-weight: 400;\">\u201eChaos auf der Feuerwache\u201c schauten sich die Kinder- und Jugendfeuerwehren der Verbandsgemeinde Lambrecht (Pfalz) bei dem j\u00e4hrlichen Ausflug im Roxy Kino in Neustadt an der Weinstra\u00dfe mit viel Gel\u00e4chter und Begeisterung an. Die Jugendwarte und Betreuer hatten \u201eentspannte\u201c Stunden und durften sich gemeinsam mit den Kindern samt Popcorn und Getr\u00e4nken zur\u00fccklehnen und den Jahresausflug genie\u00dfen. Der VG-Jugendfeuerwehrwart Yannik Munzinger begr\u00fc\u00dfte die jungen feuerwehrbegeisterten Kinobesucher im Kinosaal. Knabbernd und schl\u00fcrfend schauten die Zuschauer die Feuerwehr Kom\u00f6die mit internationaler Starbesetzung.<\/p>\n<p style=\"font-weight: 400;\">Ein gro\u00dfer Dank gilt dem Team des Roxy Kino in Neustadt f\u00fcr die tolle und freundliche Bedienung.<\/p>\n\n<div class=\"ngg-galleryoverview\" id=\"ngg-gallery-575-14449\">\n\n\t<!-- Slideshow link -->\n\t<div class=\"slideshowlink\">\n\t\t<a class=\"slideshowlink\" href=\"https:\/\/feuerwehr-vglambrecht.de\/cms\/2025\/12\/01\/chaos-im-roxy-kino-ausflug-der-vg-kinder-und-jugendfeuerwehren\/nggallery\/slideshow\">\n\t\t\t[Show as slideshow]\t\t<\/a>\n\t<\/div>\n\n\t\n\t<!-- Thumbnails -->\n\t\t\n\t<div id=\"ngg-image-3422\" class=\"ngg-gallery-thumbnail-box\"  >\n\t\t<div class=\"ngg-gallery-thumbnail\" >\n\t\t\t<a href=\"https:\/\/feuerwehr-vglambrecht.de\/cms\/wp-content\/gallery\/jugendfw\/img_3666.jpg\" title=\" \" class=\"shutterset_set_575\" >\n\t\t\t\t\t\t\t\t<img loading=\"lazy\" decoding=\"async\" title=\"img_3666\" alt=\"img_3666\" src=\"https:\/\/feuerwehr-vglambrecht.de\/cms\/wp-content\/gallery\/jugendfw\/thumbs\/thumbs_img_3666.jpg\" width=\"100\" height=\"75\" \/>\n\t\t\t\t\t\t\t<\/a>\n\t\t<\/div>\n\t<\/div>\n\t\n\t\t\n \t\t\n\t<div id=\"ngg-image-3423\" class=\"ngg-gallery-thumbnail-box\"  >\n\t\t<div class=\"ngg-gallery-thumbnail\" >\n\t\t\t<a href=\"https:\/\/feuerwehr-vglambrecht.de\/cms\/wp-content\/gallery\/jugendfw\/img_3671.jpg\" title=\" \" class=\"shutterset_set_575\" >\n\t\t\t\t\t\t\t\t<img loading=\"lazy\" decoding=\"async\" title=\"img_3671\" alt=\"img_3671\" src=\"https:\/\/feuerwehr-vglambrecht.de\/cms\/wp-content\/gallery\/jugendfw\/thumbs\/thumbs_img_3671.jpg\" width=\"100\" height=\"75\" \/>\n\t\t\t\t\t\t\t<\/a>\n\t\t<\/div>\n\t<\/div>\n\t\n\t\t\n \t \t\n\t<!-- Pagination -->\n \t<div class='ngg-clear'><\/div>\n \t\n<\/div>\n\n\n","protected":false},"excerpt":{"rendered":"<p>\u201eChaos auf der Feuerwache\u201c schauten sich die Kinder- und Jugendfeuerwehren der Verbandsgemeinde Lambrecht (Pfalz) bei dem j\u00e4hrlichen Ausflug im Roxy Kino in Neustadt an der Weinstra\u00dfe mit viel Gel\u00e4chter und Begeisterung an. Die Jugendwarte und Betreuer hatten \u201eentspannte\u201c Stunden und durften sich gemeinsam mit den Kindern samt Popcorn und Getr\u00e4nken zur\u00fccklehnen und den Jahresausflug genie\u00dfen. Der VG-Jugendfeuerwehrwart Yannik Munzinger begr\u00fc\u00dfte die jungen feuerwehrbegeisterten Kinobesucher im Kinosaal. Knabbernd und schl\u00fcrfend schauten die Zuschauer die Feuerwehr Kom\u00f6die mit internationaler Starbesetzung. Ein gro\u00dfer Dank gilt dem Team des Roxy Kino in Neustadt f\u00fcr die tolle und freundliche Bedienung.<\/p>\n","protected":false},"author":17,"featured_media":14451,"comment_status":"closed","ping_status":"closed","sticky":false,"template":"","format":"standard","meta":{"footnotes":""},"categories":[1,124,127,126,128,129],"tags":[],"class_list":["post-14449","post","type-post","status-publish","format-standard","has-post-thumbnail","hentry","category-allgemein","category-jf-elmstein","category-jf-iggelbach","category-jf-lambrecht","category-jf-neidenfels","category-jf-weidenthal"],"better_featured_image":{"id":14451,"alt_text":"","caption":"","description":"","media_type":"image","media_details":{"width":2193,"height":1645,"file":"2025\/12\/IMG_3671.jpeg","filesize":1249230,"sizes":{"medium_large":{"file":"IMG_3671-768x576.jpeg","width":768,"height":576,"mime-type":"image\/jpeg","filesize":119041,"source_url":"https:\/\/feuerwehr-vglambrecht.de\/cms\/wp-content\/uploads\/2025\/12\/IMG_3671-768x576.jpeg"},"1536x1536":{"file":"IMG_3671-1536x1152.jpeg","width":1536,"height":1152,"mime-type":"image\/jpeg","filesize":369678,"source_url":"https:\/\/feuerwehr-vglambrecht.de\/cms\/wp-content\/uploads\/2025\/12\/IMG_3671-1536x1152.jpeg"},"2048x2048":{"file":"IMG_3671-2048x1536.jpeg","width":2048,"height":1536,"mime-type":"image\/jpeg","filesize":578790,"source_url":"https:\/\/feuerwehr-vglambrecht.de\/cms\/wp-content\/uploads\/2025\/12\/IMG_3671-2048x1536.jpeg"},"wptouch-new-thumbnail":{"file":"IMG_3671-144x144.jpeg","width":144,"height":144,"mime-type":"image\/jpeg","filesize":19626,"source_url":"https:\/\/feuerwehr-vglambrecht.de\/cms\/wp-content\/uploads\/2025\/12\/IMG_3671-144x144.jpeg"},"landing_image":{"file":"IMG_3671-1024x460.jpeg","width":1024,"height":460,"mime-type":"image\/jpeg","filesize":122415,"source_url":"https:\/\/feuerwehr-vglambrecht.de\/cms\/wp-content\/uploads\/2025\/12\/IMG_3671-1024x460.jpeg"},"thumbnail":{"file":"IMG_3671-150x150.jpeg","width":150,"height":150,"source_url":"https:\/\/feuerwehr-vglambrecht.de\/cms\/wp-content\/uploads\/2025\/12\/IMG_3671-150x150.jpeg"},"medium":{"file":"IMG_3671-300x225.jpeg","width":300,"height":225,"source_url":"https:\/\/feuerwehr-vglambrecht.de\/cms\/wp-content\/uploads\/2025\/12\/IMG_3671-300x225.jpeg"},"large":{"file":"IMG_3671-1024x768.jpeg","width":1024,"height":768,"source_url":"https:\/\/feuerwehr-vglambrecht.de\/cms\/wp-content\/uploads\/2025\/12\/IMG_3671-1024x768.jpeg"}},"image_meta":{"aperture":"0","credit":"","camera":"","caption":"","created_timestamp":"0","copyright":"","focal_length":"0","iso":"0","shutter_speed":"0","title":"","orientation":"1","keywords":[]},"image-converter":{"thumbnail":"IME","medium":"IME","large":"IME"}},"post":14449,"source_url":"https:\/\/feuerwehr-vglambrecht.de\/cms\/wp-content\/uploads\/2025\/12\/IMG_3671.jpeg"},"_links":{"self":[{"href":"https:\/\/feuerwehr-vglambrecht.de\/cms\/wp-json\/wp\/v2\/posts\/14449","targetHints":{"allow":["GET"]}}],"collection":[{"href":"https:\/\/feuerwehr-vglambrecht.de\/cms\/wp-json\/wp\/v2\/posts"}],"about":[{"href":"https:\/\/feuerwehr-vglambrecht.de\/cms\/wp-json\/wp\/v2\/types\/post"}],"author":[{"embeddable":true,"href":"https:\/\/feuerwehr-vglambrecht.de\/cms\/wp-json\/wp\/v2\/users\/17"}],"replies":[{"embeddable":true,"href":"https:\/\/feuerwehr-vglambrecht.de\/cms\/wp-json\/wp\/v2\/comments?post=14449"}],"version-history":[{"count":2,"href":"https:\/\/feuerwehr-vglambrecht.de\/cms\/wp-json\/wp\/v2\/posts\/14449\/revisions"}],"predecessor-version":[{"id":14452,"href":"https:\/\/feuerwehr-vglambrecht.de\/cms\/wp-json\/wp\/v2\/posts\/14449\/revisions\/14452"}],"wp:featuredmedia":[{"embeddable":true,"href":"https:\/\/feuerwehr-vglambrecht.de\/cms\/wp-json\/wp\/v2\/media\/14451"}],"wp:attachment":[{"href":"https:\/\/feuerwehr-vglambrecht.de\/cms\/wp-json\/wp\/v2\/media?parent=14449"}],"wp:term":[{"taxonomy":"category","embeddable":true,"href":"https:\/\/feuerwehr-vglambrecht.de\/cms\/wp-json\/wp\/v2\/categories?post=14449"},{"taxonomy":"post_tag","embeddable":true,"href":"https:\/\/feuerwehr-vglambrecht.de\/cms\/wp-json\/wp\/v2\/tags?post=14449"}],"curies":[{"name":"wp","href":"https:\/\/api.w.org\/{rel}","templated":true}]}}