{"id":14438,"date":"2025-11-29T11:16:44","date_gmt":"2025-11-29T10:16:44","guid":{"rendered":"https:\/\/feuerwehr-vglambrecht.de\/cms\/?p=14438"},"modified":"2025-11-29T11:16:44","modified_gmt":"2025-11-29T10:16:44","slug":"sicheres-arbeiten-mit-der-motorkettensaege-geuebt-2","status":"publish","type":"post","link":"https:\/\/feuerwehr-vglambrecht.de\/cms\/2025\/11\/29\/sicheres-arbeiten-mit-der-motorkettensaege-geuebt-2\/","title":{"rendered":"Sicheres Arbeiten mit der Motorkettens\u00e4ge ge\u00fcbt"},"content":{"rendered":"<p>Die Entwicklung der Technik von Feuerwehreinsatzger\u00e4ten schreitet immer weiter fort. Fahrzeuge werden gr\u00f6\u00dfer und die enthaltene Technik immer moderner. Feuerwehrangeh\u00f6rige m\u00fcssen diese Technik im Feuerwehreinsatz sicher beherrschen.<!--more--><\/p>\n<p>Die Motorkettens\u00e4ge ist ein bew\u00e4hrtes Arbeitsger\u00e4t der Feuerwehr bei der Durchf\u00fchrung von Technischen Hilfeleistungen. Ohne dieses effektive Arbeitsger\u00e4t w\u00e4re heute die Bew\u00e4ltigung besonderer Schadenslagen nach St\u00fcrmen, Schneebruch, Unf\u00e4llen und zum Freilegen von Brandnestern undenkbar. Bevor man bei der Feuerwehr eine Motorkettens\u00e4ge in Betrieb nehmen darf, ist eine erfolgreiche Teilnahme an einem Motorkettens\u00e4gen &#8211; Lehrgang erforderlich. Um die notwendige Erfahrung f\u00fcr die Eins\u00e4tze zu bekommen, muss auch mit der Motorkettens\u00e4ge ge\u00fcbt werden. Denn Arbeiten, die mit Motors\u00e4gen ausgef\u00fchrt werden, sind mit einem hohen Gefahrenpotenzial verbunden. Deshalb ist es auch immer wichtig, dass man die Pers\u00f6nliche Schutzausr\u00fcstung (PSA), die bei Arbeiten vorgeschrieben ist, tr\u00e4gt.<\/p>\n<p>Der Feuerwehr Esthal wurde von F\u00f6rster Dirk Neumann vom Forstrevier Morschbach und von Christian Theobald vom Forstgut Sattelm\u00fchle ein \u00dcbungsgel\u00e4nde zur Verf\u00fcgung gestellt. Unter fachlicher Anleitung von Forstwirt Lukas Janz wurde gezeigt, wo man in Extremsituationen wie Wind- und Schneebruch am besten mit der S\u00e4ge ansetzt, wie man Druckseite und Zugseite und anderes erkennt. Ge\u00fcbt wurde auch der Einsatz des Mehrzweckzuges in Verbindung mit Forstarbeiten. Durch diese \u00dcbung sollen die bereits vorhandenen Kenntnisse im sicheren Umgang mit der Motorkettens\u00e4ge f\u00fcr den Einsatzfall gefestigt werden.<\/p>\n\n<div class=\"ngg-galleryoverview\" id=\"ngg-gallery-574-14438\">\n\n\t<!-- Slideshow link -->\n\t<div class=\"slideshowlink\">\n\t\t<a class=\"slideshowlink\" href=\"https:\/\/feuerwehr-vglambrecht.de\/cms\/2025\/11\/29\/sicheres-arbeiten-mit-der-motorkettensaege-geuebt-2\/nggallery\/slideshow\">\n\t\t\t[Show as slideshow]\t\t<\/a>\n\t<\/div>\n\n\t\n\t<!-- Thumbnails -->\n\t\t\n\t<div id=\"ngg-image-3417\" class=\"ngg-gallery-thumbnail-box\"  >\n\t\t<div class=\"ngg-gallery-thumbnail\" >\n\t\t\t<a href=\"https:\/\/feuerwehr-vglambrecht.de\/cms\/wp-content\/gallery\/motorkettensaegeuebung-fw-esthal\/img_4406.jpg\" title=\" \" class=\"shutterset_set_574\" >\n\t\t\t\t\t\t\t\t<img loading=\"lazy\" decoding=\"async\" title=\"img_4406\" alt=\"img_4406\" src=\"https:\/\/feuerwehr-vglambrecht.de\/cms\/wp-content\/gallery\/motorkettensaegeuebung-fw-esthal\/thumbs\/thumbs_img_4406.jpg\" width=\"100\" height=\"75\" \/>\n\t\t\t\t\t\t\t<\/a>\n\t\t<\/div>\n\t<\/div>\n\t\n\t\t\n \t\t\n\t<div id=\"ngg-image-3418\" class=\"ngg-gallery-thumbnail-box\"  >\n\t\t<div class=\"ngg-gallery-thumbnail\" >\n\t\t\t<a href=\"https:\/\/feuerwehr-vglambrecht.de\/cms\/wp-content\/gallery\/motorkettensaegeuebung-fw-esthal\/img_4409.jpg\" title=\" \" class=\"shutterset_set_574\" >\n\t\t\t\t\t\t\t\t<img loading=\"lazy\" decoding=\"async\" title=\"img_4409\" alt=\"img_4409\" src=\"https:\/\/feuerwehr-vglambrecht.de\/cms\/wp-content\/gallery\/motorkettensaegeuebung-fw-esthal\/thumbs\/thumbs_img_4409.jpg\" width=\"100\" height=\"75\" \/>\n\t\t\t\t\t\t\t<\/a>\n\t\t<\/div>\n\t<\/div>\n\t\n\t\t\n \t\t\n\t<div id=\"ngg-image-3419\" class=\"ngg-gallery-thumbnail-box\"  >\n\t\t<div class=\"ngg-gallery-thumbnail\" >\n\t\t\t<a href=\"https:\/\/feuerwehr-vglambrecht.de\/cms\/wp-content\/gallery\/motorkettensaegeuebung-fw-esthal\/img_4415.jpg\" title=\" \" class=\"shutterset_set_574\" >\n\t\t\t\t\t\t\t\t<img loading=\"lazy\" decoding=\"async\" title=\"img_4415\" alt=\"img_4415\" src=\"https:\/\/feuerwehr-vglambrecht.de\/cms\/wp-content\/gallery\/motorkettensaegeuebung-fw-esthal\/thumbs\/thumbs_img_4415.jpg\" width=\"100\" height=\"75\" \/>\n\t\t\t\t\t\t\t<\/a>\n\t\t<\/div>\n\t<\/div>\n\t\n\t\t\n \t\t\n\t<div id=\"ngg-image-3420\" class=\"ngg-gallery-thumbnail-box\"  >\n\t\t<div class=\"ngg-gallery-thumbnail\" >\n\t\t\t<a href=\"https:\/\/feuerwehr-vglambrecht.de\/cms\/wp-content\/gallery\/motorkettensaegeuebung-fw-esthal\/img_4416.jpg\" title=\" \" class=\"shutterset_set_574\" >\n\t\t\t\t\t\t\t\t<img loading=\"lazy\" decoding=\"async\" title=\"img_4416\" alt=\"img_4416\" src=\"https:\/\/feuerwehr-vglambrecht.de\/cms\/wp-content\/gallery\/motorkettensaegeuebung-fw-esthal\/thumbs\/thumbs_img_4416.jpg\" width=\"100\" height=\"75\" \/>\n\t\t\t\t\t\t\t<\/a>\n\t\t<\/div>\n\t<\/div>\n\t\n\t\t\n \t\t\n\t<div id=\"ngg-image-3421\" class=\"ngg-gallery-thumbnail-box\"  >\n\t\t<div class=\"ngg-gallery-thumbnail\" >\n\t\t\t<a href=\"https:\/\/feuerwehr-vglambrecht.de\/cms\/wp-content\/gallery\/motorkettensaegeuebung-fw-esthal\/img_4418.jpg\" title=\" \" class=\"shutterset_set_574\" >\n\t\t\t\t\t\t\t\t<img loading=\"lazy\" decoding=\"async\" title=\"img_4418\" alt=\"img_4418\" src=\"https:\/\/feuerwehr-vglambrecht.de\/cms\/wp-content\/gallery\/motorkettensaegeuebung-fw-esthal\/thumbs\/thumbs_img_4418.jpg\" width=\"100\" height=\"75\" \/>\n\t\t\t\t\t\t\t<\/a>\n\t\t<\/div>\n\t<\/div>\n\t\n\t\t\n \t \t\n\t<!-- Pagination -->\n \t<div class='ngg-clear'><\/div>\n \t\n<\/div>\n\n\n","protected":false},"excerpt":{"rendered":"<p>Die Entwicklung der Technik von Feuerwehreinsatzger\u00e4ten schreitet immer weiter fort. Fahrzeuge werden gr\u00f6\u00dfer und die enthaltene Technik immer moderner. Feuerwehrangeh\u00f6rige m\u00fcssen diese Technik im Feuerwehreinsatz sicher beherrschen.<\/p>\n","protected":false},"author":5,"featured_media":14442,"comment_status":"closed","ping_status":"closed","sticky":false,"template":"","format":"standard","meta":{"footnotes":""},"categories":[1],"tags":[138,383,373,190,168],"class_list":["post-14438","post","type-post","status-publish","format-standard","has-post-thumbnail","hentry","category-allgemein","tag-esthal","tag-feuerwehrvglambrecht","tag-immerda","tag-technische-hilfe","tag-uebung"],"better_featured_image":{"id":14442,"alt_text":"","caption":"","description":"","media_type":"image","media_details":{"width":1794,"height":1277,"file":"2025\/11\/IMG_4415-scaled-e1764411220799.jpg","filesize":525967,"sizes":{"medium_large":{"file":"IMG_4415-scaled-e1764411220799-768x547.jpg","width":768,"height":547,"mime-type":"image\/jpeg","filesize":123026,"source_url":"https:\/\/feuerwehr-vglambrecht.de\/cms\/wp-content\/uploads\/2025\/11\/IMG_4415-scaled-e1764411220799-768x547.jpg"},"1536x1536":{"file":"IMG_4415-scaled-e1764411220799-1536x1093.jpg","width":1536,"height":1093,"mime-type":"image\/jpeg","filesize":372974,"source_url":"https:\/\/feuerwehr-vglambrecht.de\/cms\/wp-content\/uploads\/2025\/11\/IMG_4415-scaled-e1764411220799-1536x1093.jpg"},"2048x2048":{"file":"IMG_4415-2048x1536.jpg","width":2048,"height":1536,"mime-type":"image\/jpeg","filesize":877014,"source_url":"https:\/\/feuerwehr-vglambrecht.de\/cms\/wp-content\/uploads\/2025\/11\/IMG_4415-2048x1536.jpg"},"wptouch-new-thumbnail":{"file":"IMG_4415-scaled-e1764411220799-144x144.jpg","width":144,"height":144,"mime-type":"image\/jpeg","filesize":20573,"source_url":"https:\/\/feuerwehr-vglambrecht.de\/cms\/wp-content\/uploads\/2025\/11\/IMG_4415-scaled-e1764411220799-144x144.jpg"},"landing_image":{"file":"IMG_4415-scaled-e1764411220799-1024x460.jpg","width":1024,"height":460,"mime-type":"image\/jpeg","filesize":121825,"source_url":"https:\/\/feuerwehr-vglambrecht.de\/cms\/wp-content\/uploads\/2025\/11\/IMG_4415-scaled-e1764411220799-1024x460.jpg"},"thumbnail":{"file":"IMG_4415-scaled-e1764411220799-150x150.jpg","width":150,"height":150,"mime-type":"image\/jpeg","filesize":21346,"source_url":"https:\/\/feuerwehr-vglambrecht.de\/cms\/wp-content\/uploads\/2025\/11\/IMG_4415-scaled-e1764411220799-150x150.jpg"},"medium":{"file":"IMG_4415-scaled-e1764411220799-300x214.jpg","width":300,"height":214,"mime-type":"image\/jpeg","filesize":33027,"source_url":"https:\/\/feuerwehr-vglambrecht.de\/cms\/wp-content\/uploads\/2025\/11\/IMG_4415-scaled-e1764411220799-300x214.jpg"},"large":{"file":"IMG_4415-scaled-e1764411220799-1024x729.jpg","width":1024,"height":729,"mime-type":"image\/jpeg","filesize":195418,"source_url":"https:\/\/feuerwehr-vglambrecht.de\/cms\/wp-content\/uploads\/2025\/11\/IMG_4415-scaled-e1764411220799-1024x729.jpg"}},"image_meta":{"aperture":"1.8","credit":"","camera":"iPhone SE (2nd generation)","caption":"","created_timestamp":"1763808030","copyright":"","focal_length":"3.99","iso":"20","shutter_speed":"0.0021413276231263","title":"","orientation":"1","keywords":[]},"original_image":"IMG_4415.jpg","image-converter":{"thumbnail":"IME","medium":"IME","large":"IME"}},"post":14438,"source_url":"https:\/\/feuerwehr-vglambrecht.de\/cms\/wp-content\/uploads\/2025\/11\/IMG_4415-scaled-e1764411220799.jpg"},"_links":{"self":[{"href":"https:\/\/feuerwehr-vglambrecht.de\/cms\/wp-json\/wp\/v2\/posts\/14438","targetHints":{"allow":["GET"]}}],"collection":[{"href":"https:\/\/feuerwehr-vglambrecht.de\/cms\/wp-json\/wp\/v2\/posts"}],"about":[{"href":"https:\/\/feuerwehr-vglambrecht.de\/cms\/wp-json\/wp\/v2\/types\/post"}],"author":[{"embeddable":true,"href":"https:\/\/feuerwehr-vglambrecht.de\/cms\/wp-json\/wp\/v2\/users\/5"}],"replies":[{"embeddable":true,"href":"https:\/\/feuerwehr-vglambrecht.de\/cms\/wp-json\/wp\/v2\/comments?post=14438"}],"version-history":[{"count":4,"href":"https:\/\/feuerwehr-vglambrecht.de\/cms\/wp-json\/wp\/v2\/posts\/14438\/revisions"}],"predecessor-version":[{"id":14443,"href":"https:\/\/feuerwehr-vglambrecht.de\/cms\/wp-json\/wp\/v2\/posts\/14438\/revisions\/14443"}],"wp:featuredmedia":[{"embeddable":true,"href":"https:\/\/feuerwehr-vglambrecht.de\/cms\/wp-json\/wp\/v2\/media\/14442"}],"wp:attachment":[{"href":"https:\/\/feuerwehr-vglambrecht.de\/cms\/wp-json\/wp\/v2\/media?parent=14438"}],"wp:term":[{"taxonomy":"category","embeddable":true,"href":"https:\/\/feuerwehr-vglambrecht.de\/cms\/wp-json\/wp\/v2\/categories?post=14438"},{"taxonomy":"post_tag","embeddable":true,"href":"https:\/\/feuerwehr-vglambrecht.de\/cms\/wp-json\/wp\/v2\/tags?post=14438"}],"curies":[{"name":"wp","href":"https:\/\/api.w.org\/{rel}","templated":true}]}}