{"id":14207,"date":"2025-09-07T13:46:02","date_gmt":"2025-09-07T11:46:02","guid":{"rendered":"https:\/\/feuerwehr-vglambrecht.de\/cms\/?p=14207"},"modified":"2025-09-15T15:05:14","modified_gmt":"2025-09-15T13:05:14","slug":"monatsuebung-der-einheit-iggelbach","status":"publish","type":"post","link":"https:\/\/feuerwehr-vglambrecht.de\/cms\/2025\/09\/07\/monatsuebung-der-einheit-iggelbach\/","title":{"rendered":"Monats\u00fcbung der Einheit Iggelbach"},"content":{"rendered":"<p>Die Monats\u00fcbung im September stand im Zeichen des klassischen Atemschutzeinsatzes.<\/p>\n<p>Gegen kurz vor halb 11:00 wurde die Einheit von der \u00dcbungsleitung zur &#8222;Rauchentwicklung aus Geb\u00e4ude&#8220; in die Helmbachtalstra\u00dfe nach Iggelbach abgerufen. Vor Ort wurde ein Rohbau als \u00dcbungsobjekt zur Verf\u00fcgung gestellt. An dieser Stelle geht ein gro\u00dfer Dank an den Bauherren f\u00fcr die unproblematische Bereitstellung des Objektes.<!--more--><\/p>\n<p>Vor Ort musste der Einsatzleiter sich zun\u00e4chst einen \u00dcberblick verschaffen und konnte recht z\u00fcgig die erste Anweisung geben. &#8222;Angriffstrupp zur Personenrettung mit C-Rohr vor!&#8220; Der bereits ausger\u00fcstete Trupp verschaffte sich Zugang und betrat das Objekt um die Vermissten Personen zu lokalisieren und zu retten. W\u00e4hrend dessen wurde die Wasserversorgung zum Tragkraftspritzenfahrzeug-Wasser der Wehr aufgebaut sowie ein Sicherheitstrupp gestellt.<br \/>\nDie \u00dcbung konnte nach knapp einer Stunde mit Erfolg sowie Erkenntnissen zur weiteren Ausbildung beendet werden.<\/p>\n<p><strong>\n<div class=\"ngg-galleryoverview\" id=\"ngg-gallery-561-14207\">\n\n\t<!-- Slideshow link -->\n\t<div class=\"slideshowlink\">\n\t\t<a class=\"slideshowlink\" href=\"https:\/\/feuerwehr-vglambrecht.de\/cms\/2025\/09\/07\/monatsuebung-der-einheit-iggelbach\/nggallery\/slideshow\">\n\t\t\t[Show as slideshow]\t\t<\/a>\n\t<\/div>\n\n\t\n\t<!-- Thumbnails -->\n\t\t\n\t<div id=\"ngg-image-3330\" class=\"ngg-gallery-thumbnail-box\"  >\n\t\t<div class=\"ngg-gallery-thumbnail\" >\n\t\t\t<a href=\"https:\/\/feuerwehr-vglambrecht.de\/cms\/wp-content\/gallery\/agt_uebung_igg\/tempimageiint3v.jpg\" title=\" \" class=\"shutterset_set_561\" >\n\t\t\t\t\t\t\t\t<img loading=\"lazy\" decoding=\"async\" title=\"tempimageiint3v\" alt=\"tempimageiint3v\" src=\"https:\/\/feuerwehr-vglambrecht.de\/cms\/wp-content\/gallery\/agt_uebung_igg\/thumbs\/thumbs_tempimageiint3v.jpg\" width=\"100\" height=\"75\" \/>\n\t\t\t\t\t\t\t<\/a>\n\t\t<\/div>\n\t<\/div>\n\t\n\t\t\n \t\t\n\t<div id=\"ngg-image-3334\" class=\"ngg-gallery-thumbnail-box\"  >\n\t\t<div class=\"ngg-gallery-thumbnail\" >\n\t\t\t<a href=\"https:\/\/feuerwehr-vglambrecht.de\/cms\/wp-content\/gallery\/agt_uebung_igg\/tempimageoo89qj.jpg\" title=\" \" class=\"shutterset_set_561\" >\n\t\t\t\t\t\t\t\t<img loading=\"lazy\" decoding=\"async\" title=\"tempimageoo89qj\" alt=\"tempimageoo89qj\" src=\"https:\/\/feuerwehr-vglambrecht.de\/cms\/wp-content\/gallery\/agt_uebung_igg\/thumbs\/thumbs_tempimageoo89qj.jpg\" width=\"100\" height=\"75\" \/>\n\t\t\t\t\t\t\t<\/a>\n\t\t<\/div>\n\t<\/div>\n\t\n\t\t\n \t\t\n\t<div id=\"ngg-image-3344\" class=\"ngg-gallery-thumbnail-box\"  >\n\t\t<div class=\"ngg-gallery-thumbnail\" >\n\t\t\t<a href=\"https:\/\/feuerwehr-vglambrecht.de\/cms\/wp-content\/gallery\/agt_uebung_igg\/tempimagewnf48z.jpg\" title=\" \" class=\"shutterset_set_561\" >\n\t\t\t\t\t\t\t\t<img loading=\"lazy\" decoding=\"async\" title=\"tempimagewnf48z\" alt=\"tempimagewnf48z\" src=\"https:\/\/feuerwehr-vglambrecht.de\/cms\/wp-content\/gallery\/agt_uebung_igg\/thumbs\/thumbs_tempimagewnf48z.jpg\" width=\"100\" height=\"75\" \/>\n\t\t\t\t\t\t\t<\/a>\n\t\t<\/div>\n\t<\/div>\n\t\n\t\t\n \t\t\n\t<div id=\"ngg-image-3311\" class=\"ngg-gallery-thumbnail-box\"  >\n\t\t<div class=\"ngg-gallery-thumbnail\" >\n\t\t\t<a href=\"https:\/\/feuerwehr-vglambrecht.de\/cms\/wp-content\/gallery\/agt_uebung_igg\/photo-2025-09-07-12-30-55-2.jpg\" title=\" \" class=\"shutterset_set_561\" >\n\t\t\t\t\t\t\t\t<img loading=\"lazy\" decoding=\"async\" title=\"photo-2025-09-07-12-30-55-2\" alt=\"photo-2025-09-07-12-30-55-2\" src=\"https:\/\/feuerwehr-vglambrecht.de\/cms\/wp-content\/gallery\/agt_uebung_igg\/thumbs\/thumbs_photo-2025-09-07-12-30-55-2.jpg\" width=\"100\" height=\"75\" \/>\n\t\t\t\t\t\t\t<\/a>\n\t\t<\/div>\n\t<\/div>\n\t\n\t\t\n \t\t\n\t<div id=\"ngg-image-3314\" class=\"ngg-gallery-thumbnail-box\"  >\n\t\t<div class=\"ngg-gallery-thumbnail\" >\n\t\t\t<a href=\"https:\/\/feuerwehr-vglambrecht.de\/cms\/wp-content\/gallery\/agt_uebung_igg\/photo-2025-09-07-12-30-55-5.jpg\" title=\" \" class=\"shutterset_set_561\" >\n\t\t\t\t\t\t\t\t<img loading=\"lazy\" decoding=\"async\" title=\"photo-2025-09-07-12-30-55-5\" alt=\"photo-2025-09-07-12-30-55-5\" src=\"https:\/\/feuerwehr-vglambrecht.de\/cms\/wp-content\/gallery\/agt_uebung_igg\/thumbs\/thumbs_photo-2025-09-07-12-30-55-5.jpg\" width=\"100\" height=\"75\" \/>\n\t\t\t\t\t\t\t<\/a>\n\t\t<\/div>\n\t<\/div>\n\t\n\t\t\n \t\t\n\t<div id=\"ngg-image-3315\" class=\"ngg-gallery-thumbnail-box\"  >\n\t\t<div class=\"ngg-gallery-thumbnail\" >\n\t\t\t<a href=\"https:\/\/feuerwehr-vglambrecht.de\/cms\/wp-content\/gallery\/agt_uebung_igg\/photo-2025-09-07-12-30-55-6.jpg\" title=\" \" class=\"shutterset_set_561\" >\n\t\t\t\t\t\t\t\t<img loading=\"lazy\" decoding=\"async\" title=\"photo-2025-09-07-12-30-55-6\" alt=\"photo-2025-09-07-12-30-55-6\" src=\"https:\/\/feuerwehr-vglambrecht.de\/cms\/wp-content\/gallery\/agt_uebung_igg\/thumbs\/thumbs_photo-2025-09-07-12-30-55-6.jpg\" width=\"100\" height=\"75\" \/>\n\t\t\t\t\t\t\t<\/a>\n\t\t<\/div>\n\t<\/div>\n\t\n\t\t\n \t\t\n\t<div id=\"ngg-image-3317\" class=\"ngg-gallery-thumbnail-box\"  >\n\t\t<div class=\"ngg-gallery-thumbnail\" >\n\t\t\t<a href=\"https:\/\/feuerwehr-vglambrecht.de\/cms\/wp-content\/gallery\/agt_uebung_igg\/photo-2025-09-07-12-30-56-2.jpg\" title=\" \" class=\"shutterset_set_561\" >\n\t\t\t\t\t\t\t\t<img loading=\"lazy\" decoding=\"async\" title=\"photo-2025-09-07-12-30-56-2\" alt=\"photo-2025-09-07-12-30-56-2\" src=\"https:\/\/feuerwehr-vglambrecht.de\/cms\/wp-content\/gallery\/agt_uebung_igg\/thumbs\/thumbs_photo-2025-09-07-12-30-56-2.jpg\" width=\"100\" height=\"75\" \/>\n\t\t\t\t\t\t\t<\/a>\n\t\t<\/div>\n\t<\/div>\n\t\n\t\t\n \t\t\n\t<div id=\"ngg-image-3318\" class=\"ngg-gallery-thumbnail-box\"  >\n\t\t<div class=\"ngg-gallery-thumbnail\" >\n\t\t\t<a href=\"https:\/\/feuerwehr-vglambrecht.de\/cms\/wp-content\/gallery\/agt_uebung_igg\/photo-2025-09-07-12-30-56.jpg\" title=\" \" class=\"shutterset_set_561\" >\n\t\t\t\t\t\t\t\t<img loading=\"lazy\" decoding=\"async\" title=\"photo-2025-09-07-12-30-56\" alt=\"photo-2025-09-07-12-30-56\" src=\"https:\/\/feuerwehr-vglambrecht.de\/cms\/wp-content\/gallery\/agt_uebung_igg\/thumbs\/thumbs_photo-2025-09-07-12-30-56.jpg\" width=\"100\" height=\"75\" \/>\n\t\t\t\t\t\t\t<\/a>\n\t\t<\/div>\n\t<\/div>\n\t\n\t\t\n \t\t\n\t<div id=\"ngg-image-3319\" class=\"ngg-gallery-thumbnail-box\"  >\n\t\t<div class=\"ngg-gallery-thumbnail\" >\n\t\t\t<a href=\"https:\/\/feuerwehr-vglambrecht.de\/cms\/wp-content\/gallery\/agt_uebung_igg\/tempimage1g78zo.jpg\" title=\" \" class=\"shutterset_set_561\" >\n\t\t\t\t\t\t\t\t<img loading=\"lazy\" decoding=\"async\" title=\"tempimage1g78zo\" alt=\"tempimage1g78zo\" src=\"https:\/\/feuerwehr-vglambrecht.de\/cms\/wp-content\/gallery\/agt_uebung_igg\/thumbs\/thumbs_tempimage1g78zo.jpg\" width=\"100\" height=\"75\" \/>\n\t\t\t\t\t\t\t<\/a>\n\t\t<\/div>\n\t<\/div>\n\t\n\t\t\n \t\t\n\t<div id=\"ngg-image-3322\" class=\"ngg-gallery-thumbnail-box\"  >\n\t\t<div class=\"ngg-gallery-thumbnail\" >\n\t\t\t<a href=\"https:\/\/feuerwehr-vglambrecht.de\/cms\/wp-content\/gallery\/agt_uebung_igg\/tempimage8vvzws.jpg\" title=\" \" class=\"shutterset_set_561\" >\n\t\t\t\t\t\t\t\t<img loading=\"lazy\" decoding=\"async\" title=\"tempimage8vvzws\" alt=\"tempimage8vvzws\" src=\"https:\/\/feuerwehr-vglambrecht.de\/cms\/wp-content\/gallery\/agt_uebung_igg\/thumbs\/thumbs_tempimage8vvzws.jpg\" width=\"100\" height=\"75\" \/>\n\t\t\t\t\t\t\t<\/a>\n\t\t<\/div>\n\t<\/div>\n\t\n\t\t\n \t\t\n\t<div id=\"ngg-image-3323\" class=\"ngg-gallery-thumbnail-box\"  >\n\t\t<div class=\"ngg-gallery-thumbnail\" >\n\t\t\t<a href=\"https:\/\/feuerwehr-vglambrecht.de\/cms\/wp-content\/gallery\/agt_uebung_igg\/tempimagecjgpiv.jpg\" title=\" \" class=\"shutterset_set_561\" >\n\t\t\t\t\t\t\t\t<img loading=\"lazy\" decoding=\"async\" title=\"tempimagecjgpiv\" alt=\"tempimagecjgpiv\" src=\"https:\/\/feuerwehr-vglambrecht.de\/cms\/wp-content\/gallery\/agt_uebung_igg\/thumbs\/thumbs_tempimagecjgpiv.jpg\" width=\"100\" height=\"75\" \/>\n\t\t\t\t\t\t\t<\/a>\n\t\t<\/div>\n\t<\/div>\n\t\n\t\t\n \t\t\n\t<div id=\"ngg-image-3324\" class=\"ngg-gallery-thumbnail-box\"  >\n\t\t<div class=\"ngg-gallery-thumbnail\" >\n\t\t\t<a href=\"https:\/\/feuerwehr-vglambrecht.de\/cms\/wp-content\/gallery\/agt_uebung_igg\/tempimagede0ju6.jpg\" title=\" \" class=\"shutterset_set_561\" >\n\t\t\t\t\t\t\t\t<img loading=\"lazy\" decoding=\"async\" title=\"tempimagede0ju6\" alt=\"tempimagede0ju6\" src=\"https:\/\/feuerwehr-vglambrecht.de\/cms\/wp-content\/gallery\/agt_uebung_igg\/thumbs\/thumbs_tempimagede0ju6.jpg\" width=\"100\" height=\"75\" \/>\n\t\t\t\t\t\t\t<\/a>\n\t\t<\/div>\n\t<\/div>\n\t\n\t\t\n \t\t\n\t<div id=\"ngg-image-3325\" class=\"ngg-gallery-thumbnail-box\"  >\n\t\t<div class=\"ngg-gallery-thumbnail\" >\n\t\t\t<a href=\"https:\/\/feuerwehr-vglambrecht.de\/cms\/wp-content\/gallery\/agt_uebung_igg\/tempimagefcixav.jpg\" title=\" \" class=\"shutterset_set_561\" >\n\t\t\t\t\t\t\t\t<img loading=\"lazy\" decoding=\"async\" title=\"tempimagefcixav\" alt=\"tempimagefcixav\" src=\"https:\/\/feuerwehr-vglambrecht.de\/cms\/wp-content\/gallery\/agt_uebung_igg\/thumbs\/thumbs_tempimagefcixav.jpg\" width=\"100\" height=\"75\" \/>\n\t\t\t\t\t\t\t<\/a>\n\t\t<\/div>\n\t<\/div>\n\t\n\t\t\n \t\t\n\t<div id=\"ngg-image-3327\" class=\"ngg-gallery-thumbnail-box\"  >\n\t\t<div class=\"ngg-gallery-thumbnail\" >\n\t\t\t<a href=\"https:\/\/feuerwehr-vglambrecht.de\/cms\/wp-content\/gallery\/agt_uebung_igg\/tempimagegq3vgz.jpg\" title=\" \" class=\"shutterset_set_561\" >\n\t\t\t\t\t\t\t\t<img loading=\"lazy\" decoding=\"async\" title=\"tempimagegq3vgz\" alt=\"tempimagegq3vgz\" src=\"https:\/\/feuerwehr-vglambrecht.de\/cms\/wp-content\/gallery\/agt_uebung_igg\/thumbs\/thumbs_tempimagegq3vgz.jpg\" width=\"100\" height=\"75\" \/>\n\t\t\t\t\t\t\t<\/a>\n\t\t<\/div>\n\t<\/div>\n\t\n\t\t\n \t \t\n\t<!-- Pagination -->\n \t<div class='ngg-clear'><\/div>\n \t\n<\/div>\n\n<\/strong><\/p>\n<p>&nbsp;<\/p>\n","protected":false},"excerpt":{"rendered":"<p>Die Monats\u00fcbung im September stand im Zeichen des klassischen Atemschutzeinsatzes. Gegen kurz vor halb 11:00 wurde die Einheit von der \u00dcbungsleitung zur &#8222;Rauchentwicklung aus Geb\u00e4ude&#8220; in die Helmbachtalstra\u00dfe nach Iggelbach abgerufen. Vor Ort wurde ein Rohbau als \u00dcbungsobjekt zur Verf\u00fcgung gestellt. An dieser Stelle geht ein gro\u00dfer Dank an den Bauherren f\u00fcr die unproblematische Bereitstellung des Objektes.<\/p>\n","protected":false},"author":10,"featured_media":14209,"comment_status":"closed","ping_status":"closed","sticky":false,"template":"","format":"standard","meta":{"footnotes":""},"categories":[75],"tags":[395,180,388,139,243,383,143,183,235,168,398],"class_list":["post-14207","post","type-post","status-publish","format-standard","has-post-thumbnail","hentry","category-fw_iggelbach","tag-blaulicht","tag-brand","tag-ehrenamt","tag-elmstein","tag-feuerwehr-vg-lambrecht","tag-feuerwehrvglambrecht","tag-iggelbach","tag-personensuche","tag-rauchentwicklung","tag-uebung","tag-wirfuereuch"],"better_featured_image":{"id":14209,"alt_text":"","caption":"","description":"","media_type":"image","media_details":{"width":1920,"height":2560,"file":"2025\/09\/IMG_4260-scaled.jpg","filesize":624349,"sizes":{"medium_large":{"file":"IMG_4260-768x1024.jpg","width":768,"height":1024,"mime-type":"image\/jpeg","filesize":132339,"source_url":"https:\/\/feuerwehr-vglambrecht.de\/cms\/wp-content\/uploads\/2025\/09\/IMG_4260-768x1024.jpg"},"1536x1536":{"file":"IMG_4260-1152x1536.jpg","width":1152,"height":1536,"mime-type":"image\/jpeg","filesize":260940,"source_url":"https:\/\/feuerwehr-vglambrecht.de\/cms\/wp-content\/uploads\/2025\/09\/IMG_4260-1152x1536.jpg"},"2048x2048":{"file":"IMG_4260-1536x2048.jpg","width":1536,"height":2048,"mime-type":"image\/jpeg","filesize":425119,"source_url":"https:\/\/feuerwehr-vglambrecht.de\/cms\/wp-content\/uploads\/2025\/09\/IMG_4260-1536x2048.jpg"},"wptouch-new-thumbnail":{"file":"IMG_4260-144x144.jpg","width":144,"height":144,"mime-type":"image\/jpeg","filesize":8708,"source_url":"https:\/\/feuerwehr-vglambrecht.de\/cms\/wp-content\/uploads\/2025\/09\/IMG_4260-144x144.jpg"},"landing_image":{"file":"IMG_4260-1024x460.jpg","width":1024,"height":460,"mime-type":"image\/jpeg","filesize":76707,"source_url":"https:\/\/feuerwehr-vglambrecht.de\/cms\/wp-content\/uploads\/2025\/09\/IMG_4260-1024x460.jpg"},"thumbnail":{"file":"IMG_4260-150x150.heic","width":150,"height":150,"source_url":"https:\/\/feuerwehr-vglambrecht.de\/cms\/wp-content\/uploads\/2025\/09\/IMG_4260-150x150.heic"},"medium":{"file":"IMG_4260-225x300.heic","width":225,"height":300,"source_url":"https:\/\/feuerwehr-vglambrecht.de\/cms\/wp-content\/uploads\/2025\/09\/IMG_4260-225x300.heic"},"large":{"file":"IMG_4260-768x1024.heic","width":768,"height":1024,"source_url":"https:\/\/feuerwehr-vglambrecht.de\/cms\/wp-content\/uploads\/2025\/09\/IMG_4260-768x1024.heic"}},"image_meta":{"aperture":"0","credit":"","camera":"","caption":"","created_timestamp":"0","copyright":"","focal_length":"0","iso":"0","shutter_speed":"0","title":"","orientation":"0","keywords":[]},"original_image":"IMG_4260.heic","image-converter":{"thumbnail":"IME","medium":"IME","large":"IME"}},"post":14207,"source_url":"https:\/\/feuerwehr-vglambrecht.de\/cms\/wp-content\/uploads\/2025\/09\/IMG_4260-scaled.jpg"},"_links":{"self":[{"href":"https:\/\/feuerwehr-vglambrecht.de\/cms\/wp-json\/wp\/v2\/posts\/14207","targetHints":{"allow":["GET"]}}],"collection":[{"href":"https:\/\/feuerwehr-vglambrecht.de\/cms\/wp-json\/wp\/v2\/posts"}],"about":[{"href":"https:\/\/feuerwehr-vglambrecht.de\/cms\/wp-json\/wp\/v2\/types\/post"}],"author":[{"embeddable":true,"href":"https:\/\/feuerwehr-vglambrecht.de\/cms\/wp-json\/wp\/v2\/users\/10"}],"replies":[{"embeddable":true,"href":"https:\/\/feuerwehr-vglambrecht.de\/cms\/wp-json\/wp\/v2\/comments?post=14207"}],"version-history":[{"count":4,"href":"https:\/\/feuerwehr-vglambrecht.de\/cms\/wp-json\/wp\/v2\/posts\/14207\/revisions"}],"predecessor-version":[{"id":14239,"href":"https:\/\/feuerwehr-vglambrecht.de\/cms\/wp-json\/wp\/v2\/posts\/14207\/revisions\/14239"}],"wp:featuredmedia":[{"embeddable":true,"href":"https:\/\/feuerwehr-vglambrecht.de\/cms\/wp-json\/wp\/v2\/media\/14209"}],"wp:attachment":[{"href":"https:\/\/feuerwehr-vglambrecht.de\/cms\/wp-json\/wp\/v2\/media?parent=14207"}],"wp:term":[{"taxonomy":"category","embeddable":true,"href":"https:\/\/feuerwehr-vglambrecht.de\/cms\/wp-json\/wp\/v2\/categories?post=14207"},{"taxonomy":"post_tag","embeddable":true,"href":"https:\/\/feuerwehr-vglambrecht.de\/cms\/wp-json\/wp\/v2\/tags?post=14207"}],"curies":[{"name":"wp","href":"https:\/\/api.w.org\/{rel}","templated":true}]}}