{"id":13968,"date":"2025-07-01T19:25:57","date_gmt":"2025-07-01T17:25:57","guid":{"rendered":"https:\/\/feuerwehr-vglambrecht.de\/cms\/?p=13968"},"modified":"2025-07-14T09:38:05","modified_gmt":"2025-07-14T07:38:05","slug":"fachseminar-zur-technischen-rettung-bei-daimler-truck-ag-in-woerth","status":"publish","type":"post","link":"https:\/\/feuerwehr-vglambrecht.de\/cms\/2025\/07\/01\/fachseminar-zur-technischen-rettung-bei-daimler-truck-ag-in-woerth\/","title":{"rendered":"Fachseminar zur technischen Rettung bei Daimler Truck AG in W\u00f6rth"},"content":{"rendered":"<p style=\"font-weight: 400;\"><strong>Feuerwehren der Verbandsgemeinde Lambrecht absolvieren Fachseminar zur technischen Rettung bei LKW-Unf\u00e4llen bei Daimler Truck AG in W\u00f6rth<\/strong><\/p>\n<p style=\"font-weight: 400;\"><strong>\u00a0<\/strong><\/p>\n<p style=\"font-weight: 400;\"><strong>W\u00f6rth am Rhein \/ VG Lambrecht, Juni 2025 &#8211; <\/strong>Um f\u00fcr den Ernstfall bestens ger\u00fcstet zu sein, haben Vertreter der Feuerwehren der Verbandsgemeinde Lambrecht am 21.06.2025 an einem hochspezialisierten Seminar zur technischen Rettung bei LKW-Unf\u00e4llen teilgenommen. Veranstaltungsort war das Werk der Daimler Truck AG in W\u00f6rth, dem gr\u00f6\u00dften LKW-Montagewerk der Welt.<!--more--><\/p>\n<p style=\"font-weight: 400;\">Ziel des praxisorientierten Seminars war es, die Einsatzkr\u00e4fte auf die besonderen Herausforderungen bei LKW-Unf\u00e4llen vorzubereiten. Im Fokus standen neben den klassischen Rettungstechniken insbesondere moderne Fahrzeugtechnologien \u2013 darunter vollelektrische sowie wasserstoffbetriebene Nutzfahrzeuge. Die Teilnehmer erhielten unter anderem auch Einblicke in den Aufbau und die Sicherheitsstrukturen dieser neuen Fahrzeuggenerationen, die in Zukunft zunehmend auf deutschen Stra\u00dfen unterwegs sein werden.<\/p>\n<p style=\"font-weight: 400;\">Geleitet wurde das Seminar von den erfahrenen Ausbildern Jonas Wenzel und Dirk Veth, beide Mitarbeiter der Werkfeuerwehr der Daimler Truck AG. Sie vermittelten nicht nur theoretisches Wissen, sondern legten gro\u00dfen Wert auf praktische \u00dcbungen. Ein zentrales Element war das strukturierte und patientenorientierte Vorgehen bei der technischen Rettung \u2013 insbesondere unter Ber\u00fccksichtigung der erschwerten Zug\u00e4nglichkeit in LKW-Fahrerkabinen sowie der oft massiven Fahrzeugstrukturen.<\/p>\n<p style=\"font-weight: 400;\">In realit\u00e4tsnahen Szenarien trainierten die Feuerwehrleute das Zusammenspiel von Technik, Taktik und Teamarbeit \u2013 Von der Fahrzeugsicherung und Stabilisierung der Fahrerhauskabine, bis hin zur Erst\u00f6ffnung und zuletzt der patientenorientierten Befreiung verletzter Insassen. Dabei kamen moderne Werkzeuge sowie Rettungstechniken zum Einsatz, die speziell auf den LKW-Bereich abgestimmt sind.<\/p>\n<p style=\"font-weight: 400;\">\u201eGerade bei Unf\u00e4llen mit LKW sind professionelle Abl\u00e4ufe und spezielles Know-how gefragt. Der Austausch mit den Kollegen der Werkfeuerwehr sowie die Hintergr\u00fcnde zu modernster Fahrzeugtechnik ist f\u00fcr uns von unsch\u00e4tzbarem Wert\u201c, so das Fazit eines Teilnehmers.<\/p>\n<p style=\"font-weight: 400;\">Das Seminar ist Teil einer kontinuierlichen Fortbildungsstrategie der Feuerwehren der Verbandsgemeinde Lambrecht, mit dem Ziel, die Einsatzkr\u00e4fte auf die sich wandelnden Anforderungen moderner Fahrzeugtechnik sowie dem zunehmenden Nutzfahrzeugverkehr optimal vorzubereiten.<\/p>\n<p style=\"font-weight: 400;\">Ein besonderer Dank geht an die Ausbilder Dirk Veth sowie Jonas Wenzel, die verantwortlichen der Werkfeuerwehr sowie generell an die Daimler Truck AG, welche dieses Seminar erm\u00f6glicht hat.<\/p>\n\n<div class=\"ngg-galleryoverview\" id=\"ngg-gallery-545-13968\">\n\n\t<!-- Slideshow link -->\n\t<div class=\"slideshowlink\">\n\t\t<a class=\"slideshowlink\" href=\"https:\/\/feuerwehr-vglambrecht.de\/cms\/2025\/07\/01\/fachseminar-zur-technischen-rettung-bei-daimler-truck-ag-in-woerth\/nggallery\/slideshow\">\n\t\t\t[Show as slideshow]\t\t<\/a>\n\t<\/div>\n\n\t\n\t<!-- Thumbnails -->\n\t\t\n\t<div id=\"ngg-image-3235\" class=\"ngg-gallery-thumbnail-box\"  >\n\t\t<div class=\"ngg-gallery-thumbnail\" >\n\t\t\t<a href=\"https:\/\/feuerwehr-vglambrecht.de\/cms\/wp-content\/gallery\/th-semniar\/01.jpg\" title=\" \" class=\"shutterset_set_545\" >\n\t\t\t\t\t\t\t\t<img loading=\"lazy\" decoding=\"async\" title=\"01\" alt=\"01\" src=\"https:\/\/feuerwehr-vglambrecht.de\/cms\/wp-content\/gallery\/th-semniar\/thumbs\/thumbs_01.jpg\" width=\"100\" height=\"75\" \/>\n\t\t\t\t\t\t\t<\/a>\n\t\t<\/div>\n\t<\/div>\n\t\n\t\t\n \t\t\n\t<div id=\"ngg-image-3236\" class=\"ngg-gallery-thumbnail-box\"  >\n\t\t<div class=\"ngg-gallery-thumbnail\" >\n\t\t\t<a href=\"https:\/\/feuerwehr-vglambrecht.de\/cms\/wp-content\/gallery\/th-semniar\/02.jpg\" title=\" \" class=\"shutterset_set_545\" >\n\t\t\t\t\t\t\t\t<img loading=\"lazy\" decoding=\"async\" title=\"02\" alt=\"02\" src=\"https:\/\/feuerwehr-vglambrecht.de\/cms\/wp-content\/gallery\/th-semniar\/thumbs\/thumbs_02.jpg\" width=\"100\" height=\"75\" \/>\n\t\t\t\t\t\t\t<\/a>\n\t\t<\/div>\n\t<\/div>\n\t\n\t\t\n \t\t\n\t<div id=\"ngg-image-3237\" class=\"ngg-gallery-thumbnail-box\"  >\n\t\t<div class=\"ngg-gallery-thumbnail\" >\n\t\t\t<a href=\"https:\/\/feuerwehr-vglambrecht.de\/cms\/wp-content\/gallery\/th-semniar\/03.jpg\" title=\" \" class=\"shutterset_set_545\" >\n\t\t\t\t\t\t\t\t<img loading=\"lazy\" decoding=\"async\" title=\"03\" alt=\"03\" src=\"https:\/\/feuerwehr-vglambrecht.de\/cms\/wp-content\/gallery\/th-semniar\/thumbs\/thumbs_03.jpg\" width=\"100\" height=\"75\" \/>\n\t\t\t\t\t\t\t<\/a>\n\t\t<\/div>\n\t<\/div>\n\t\n\t\t\n \t\t\n\t<div id=\"ngg-image-3238\" class=\"ngg-gallery-thumbnail-box\"  >\n\t\t<div class=\"ngg-gallery-thumbnail\" >\n\t\t\t<a href=\"https:\/\/feuerwehr-vglambrecht.de\/cms\/wp-content\/gallery\/th-semniar\/04.jpg\" title=\" \" class=\"shutterset_set_545\" >\n\t\t\t\t\t\t\t\t<img loading=\"lazy\" decoding=\"async\" title=\"04\" alt=\"04\" src=\"https:\/\/feuerwehr-vglambrecht.de\/cms\/wp-content\/gallery\/th-semniar\/thumbs\/thumbs_04.jpg\" width=\"100\" height=\"75\" \/>\n\t\t\t\t\t\t\t<\/a>\n\t\t<\/div>\n\t<\/div>\n\t\n\t\t\n \t\t\n\t<div id=\"ngg-image-3239\" class=\"ngg-gallery-thumbnail-box\"  >\n\t\t<div class=\"ngg-gallery-thumbnail\" >\n\t\t\t<a href=\"https:\/\/feuerwehr-vglambrecht.de\/cms\/wp-content\/gallery\/th-semniar\/05.jpg\" title=\" \" class=\"shutterset_set_545\" >\n\t\t\t\t\t\t\t\t<img loading=\"lazy\" decoding=\"async\" title=\"05\" alt=\"05\" src=\"https:\/\/feuerwehr-vglambrecht.de\/cms\/wp-content\/gallery\/th-semniar\/thumbs\/thumbs_05.jpg\" width=\"100\" height=\"75\" \/>\n\t\t\t\t\t\t\t<\/a>\n\t\t<\/div>\n\t<\/div>\n\t\n\t\t\n \t\t\n\t<div id=\"ngg-image-3240\" class=\"ngg-gallery-thumbnail-box\"  >\n\t\t<div class=\"ngg-gallery-thumbnail\" >\n\t\t\t<a href=\"https:\/\/feuerwehr-vglambrecht.de\/cms\/wp-content\/gallery\/th-semniar\/06.jpg\" title=\" \" class=\"shutterset_set_545\" >\n\t\t\t\t\t\t\t\t<img loading=\"lazy\" decoding=\"async\" title=\"06\" alt=\"06\" src=\"https:\/\/feuerwehr-vglambrecht.de\/cms\/wp-content\/gallery\/th-semniar\/thumbs\/thumbs_06.jpg\" width=\"100\" height=\"75\" \/>\n\t\t\t\t\t\t\t<\/a>\n\t\t<\/div>\n\t<\/div>\n\t\n\t\t\n \t\t\n\t<div id=\"ngg-image-3241\" class=\"ngg-gallery-thumbnail-box\"  >\n\t\t<div class=\"ngg-gallery-thumbnail\" >\n\t\t\t<a href=\"https:\/\/feuerwehr-vglambrecht.de\/cms\/wp-content\/gallery\/th-semniar\/07.jpg\" title=\" \" class=\"shutterset_set_545\" >\n\t\t\t\t\t\t\t\t<img loading=\"lazy\" decoding=\"async\" title=\"07\" alt=\"07\" src=\"https:\/\/feuerwehr-vglambrecht.de\/cms\/wp-content\/gallery\/th-semniar\/thumbs\/thumbs_07.jpg\" width=\"100\" height=\"75\" \/>\n\t\t\t\t\t\t\t<\/a>\n\t\t<\/div>\n\t<\/div>\n\t\n\t\t\n \t\t\n\t<div id=\"ngg-image-3242\" class=\"ngg-gallery-thumbnail-box\"  >\n\t\t<div class=\"ngg-gallery-thumbnail\" >\n\t\t\t<a href=\"https:\/\/feuerwehr-vglambrecht.de\/cms\/wp-content\/gallery\/th-semniar\/08.jpg\" title=\" \" class=\"shutterset_set_545\" >\n\t\t\t\t\t\t\t\t<img loading=\"lazy\" decoding=\"async\" title=\"08\" alt=\"08\" src=\"https:\/\/feuerwehr-vglambrecht.de\/cms\/wp-content\/gallery\/th-semniar\/thumbs\/thumbs_08.jpg\" width=\"100\" height=\"75\" \/>\n\t\t\t\t\t\t\t<\/a>\n\t\t<\/div>\n\t<\/div>\n\t\n\t\t\n \t\t\n\t<div id=\"ngg-image-3243\" class=\"ngg-gallery-thumbnail-box\"  >\n\t\t<div class=\"ngg-gallery-thumbnail\" >\n\t\t\t<a href=\"https:\/\/feuerwehr-vglambrecht.de\/cms\/wp-content\/gallery\/th-semniar\/09.jpg\" title=\" \" class=\"shutterset_set_545\" >\n\t\t\t\t\t\t\t\t<img loading=\"lazy\" decoding=\"async\" title=\"09\" alt=\"09\" src=\"https:\/\/feuerwehr-vglambrecht.de\/cms\/wp-content\/gallery\/th-semniar\/thumbs\/thumbs_09.jpg\" width=\"100\" height=\"75\" \/>\n\t\t\t\t\t\t\t<\/a>\n\t\t<\/div>\n\t<\/div>\n\t\n\t\t\n \t\t\n\t<div id=\"ngg-image-3244\" class=\"ngg-gallery-thumbnail-box\"  >\n\t\t<div class=\"ngg-gallery-thumbnail\" >\n\t\t\t<a href=\"https:\/\/feuerwehr-vglambrecht.de\/cms\/wp-content\/gallery\/th-semniar\/10.jpg\" title=\" \" class=\"shutterset_set_545\" >\n\t\t\t\t\t\t\t\t<img loading=\"lazy\" decoding=\"async\" title=\"10\" alt=\"10\" src=\"https:\/\/feuerwehr-vglambrecht.de\/cms\/wp-content\/gallery\/th-semniar\/thumbs\/thumbs_10.jpg\" width=\"100\" height=\"75\" \/>\n\t\t\t\t\t\t\t<\/a>\n\t\t<\/div>\n\t<\/div>\n\t\n\t\t\n \t\t\n\t<div id=\"ngg-image-3245\" class=\"ngg-gallery-thumbnail-box\"  >\n\t\t<div class=\"ngg-gallery-thumbnail\" >\n\t\t\t<a href=\"https:\/\/feuerwehr-vglambrecht.de\/cms\/wp-content\/gallery\/th-semniar\/11.jpg\" title=\" \" class=\"shutterset_set_545\" >\n\t\t\t\t\t\t\t\t<img loading=\"lazy\" decoding=\"async\" title=\"11\" alt=\"11\" src=\"https:\/\/feuerwehr-vglambrecht.de\/cms\/wp-content\/gallery\/th-semniar\/thumbs\/thumbs_11.jpg\" width=\"100\" height=\"75\" \/>\n\t\t\t\t\t\t\t<\/a>\n\t\t<\/div>\n\t<\/div>\n\t\n\t\t\n \t\t\n\t<div id=\"ngg-image-3246\" class=\"ngg-gallery-thumbnail-box\"  >\n\t\t<div class=\"ngg-gallery-thumbnail\" >\n\t\t\t<a href=\"https:\/\/feuerwehr-vglambrecht.de\/cms\/wp-content\/gallery\/th-semniar\/12.jpg\" title=\" \" class=\"shutterset_set_545\" >\n\t\t\t\t\t\t\t\t<img loading=\"lazy\" decoding=\"async\" title=\"12\" alt=\"12\" src=\"https:\/\/feuerwehr-vglambrecht.de\/cms\/wp-content\/gallery\/th-semniar\/thumbs\/thumbs_12.jpg\" width=\"100\" height=\"75\" \/>\n\t\t\t\t\t\t\t<\/a>\n\t\t<\/div>\n\t<\/div>\n\t\n\t\t\n \t\t\n\t<div id=\"ngg-image-3247\" class=\"ngg-gallery-thumbnail-box\"  >\n\t\t<div class=\"ngg-gallery-thumbnail\" >\n\t\t\t<a href=\"https:\/\/feuerwehr-vglambrecht.de\/cms\/wp-content\/gallery\/th-semniar\/13.jpg\" title=\" \" class=\"shutterset_set_545\" >\n\t\t\t\t\t\t\t\t<img loading=\"lazy\" decoding=\"async\" title=\"13\" alt=\"13\" src=\"https:\/\/feuerwehr-vglambrecht.de\/cms\/wp-content\/gallery\/th-semniar\/thumbs\/thumbs_13.jpg\" width=\"100\" height=\"75\" \/>\n\t\t\t\t\t\t\t<\/a>\n\t\t<\/div>\n\t<\/div>\n\t\n\t\t\n \t\t\n\t<div id=\"ngg-image-3249\" class=\"ngg-gallery-thumbnail-box\"  >\n\t\t<div class=\"ngg-gallery-thumbnail\" >\n\t\t\t<a href=\"https:\/\/feuerwehr-vglambrecht.de\/cms\/wp-content\/gallery\/th-semniar\/pxl_20250621_1215153892.jpg\" title=\" \" class=\"shutterset_set_545\" >\n\t\t\t\t\t\t\t\t<img loading=\"lazy\" decoding=\"async\" title=\"pxl_20250621_1215153892\" alt=\"pxl_20250621_1215153892\" src=\"https:\/\/feuerwehr-vglambrecht.de\/cms\/wp-content\/gallery\/th-semniar\/thumbs\/thumbs_pxl_20250621_1215153892.jpg\" width=\"100\" height=\"75\" \/>\n\t\t\t\t\t\t\t<\/a>\n\t\t<\/div>\n\t<\/div>\n\t\n\t\t\n \t \t\n\t<!-- Pagination -->\n \t<div class='ngg-clear'><\/div>\n \t\n<\/div>\n\n\n","protected":false},"excerpt":{"rendered":"<p>Feuerwehren der Verbandsgemeinde Lambrecht absolvieren Fachseminar zur technischen Rettung bei LKW-Unf\u00e4llen bei Daimler Truck AG in W\u00f6rth \u00a0 W\u00f6rth am Rhein \/ VG Lambrecht, Juni 2025 &#8211; Um f\u00fcr den Ernstfall bestens ger\u00fcstet zu sein, haben Vertreter der Feuerwehren der Verbandsgemeinde Lambrecht am 21.06.2025 an einem hochspezialisierten Seminar zur technischen Rettung bei LKW-Unf\u00e4llen teilgenommen. Veranstaltungsort war das Werk der Daimler Truck AG in W\u00f6rth, dem gr\u00f6\u00dften LKW-Montagewerk der Welt.<\/p>\n","protected":false},"author":17,"featured_media":13971,"comment_status":"closed","ping_status":"closed","sticky":false,"template":"","format":"standard","meta":{"footnotes":""},"categories":[1],"tags":[],"class_list":["post-13968","post","type-post","status-publish","format-standard","has-post-thumbnail","hentry","category-allgemein"],"better_featured_image":{"id":13971,"alt_text":"","caption":"","description":"","media_type":"image","media_details":{"width":1600,"height":900,"file":"2025\/07\/Introbild.jpg","filesize":271554,"sizes":{"medium_large":{"file":"Introbild-768x432.jpg","width":768,"height":432,"mime-type":"image\/jpeg","filesize":85022,"source_url":"https:\/\/feuerwehr-vglambrecht.de\/cms\/wp-content\/uploads\/2025\/07\/Introbild-768x432.jpg"},"1536x1536":{"file":"Introbild-1536x864.jpg","width":1536,"height":864,"mime-type":"image\/jpeg","filesize":273473,"source_url":"https:\/\/feuerwehr-vglambrecht.de\/cms\/wp-content\/uploads\/2025\/07\/Introbild-1536x864.jpg"},"wptouch-new-thumbnail":{"file":"Introbild-144x144.jpg","width":144,"height":144,"mime-type":"image\/jpeg","filesize":7854,"source_url":"https:\/\/feuerwehr-vglambrecht.de\/cms\/wp-content\/uploads\/2025\/07\/Introbild-144x144.jpg"},"landing_image":{"file":"Introbild-1024x460.jpg","width":1024,"height":460,"mime-type":"image\/jpeg","filesize":117414,"source_url":"https:\/\/feuerwehr-vglambrecht.de\/cms\/wp-content\/uploads\/2025\/07\/Introbild-1024x460.jpg"},"thumbnail":{"file":"Introbild-150x150.jpg","width":150,"height":150,"source_url":"https:\/\/feuerwehr-vglambrecht.de\/cms\/wp-content\/uploads\/2025\/07\/Introbild-150x150.jpg"},"medium":{"file":"Introbild-300x169.jpg","width":300,"height":169,"source_url":"https:\/\/feuerwehr-vglambrecht.de\/cms\/wp-content\/uploads\/2025\/07\/Introbild-300x169.jpg"},"large":{"file":"Introbild-1024x576.jpg","width":1024,"height":576,"source_url":"https:\/\/feuerwehr-vglambrecht.de\/cms\/wp-content\/uploads\/2025\/07\/Introbild-1024x576.jpg"}},"image_meta":{"aperture":"0","credit":"","camera":"","caption":"","created_timestamp":"0","copyright":"","focal_length":"0","iso":"0","shutter_speed":"0","title":"","orientation":"0","keywords":[]},"image-converter":{"thumbnail":"IME","medium":"IME","large":"IME"}},"post":13968,"source_url":"https:\/\/feuerwehr-vglambrecht.de\/cms\/wp-content\/uploads\/2025\/07\/Introbild.jpg"},"_links":{"self":[{"href":"https:\/\/feuerwehr-vglambrecht.de\/cms\/wp-json\/wp\/v2\/posts\/13968","targetHints":{"allow":["GET"]}}],"collection":[{"href":"https:\/\/feuerwehr-vglambrecht.de\/cms\/wp-json\/wp\/v2\/posts"}],"about":[{"href":"https:\/\/feuerwehr-vglambrecht.de\/cms\/wp-json\/wp\/v2\/types\/post"}],"author":[{"embeddable":true,"href":"https:\/\/feuerwehr-vglambrecht.de\/cms\/wp-json\/wp\/v2\/users\/17"}],"replies":[{"embeddable":true,"href":"https:\/\/feuerwehr-vglambrecht.de\/cms\/wp-json\/wp\/v2\/comments?post=13968"}],"version-history":[{"count":3,"href":"https:\/\/feuerwehr-vglambrecht.de\/cms\/wp-json\/wp\/v2\/posts\/13968\/revisions"}],"predecessor-version":[{"id":14019,"href":"https:\/\/feuerwehr-vglambrecht.de\/cms\/wp-json\/wp\/v2\/posts\/13968\/revisions\/14019"}],"wp:featuredmedia":[{"embeddable":true,"href":"https:\/\/feuerwehr-vglambrecht.de\/cms\/wp-json\/wp\/v2\/media\/13971"}],"wp:attachment":[{"href":"https:\/\/feuerwehr-vglambrecht.de\/cms\/wp-json\/wp\/v2\/media?parent=13968"}],"wp:term":[{"taxonomy":"category","embeddable":true,"href":"https:\/\/feuerwehr-vglambrecht.de\/cms\/wp-json\/wp\/v2\/categories?post=13968"},{"taxonomy":"post_tag","embeddable":true,"href":"https:\/\/feuerwehr-vglambrecht.de\/cms\/wp-json\/wp\/v2\/tags?post=13968"}],"curies":[{"name":"wp","href":"https:\/\/api.w.org\/{rel}","templated":true}]}}