{"id":13856,"date":"2025-05-22T08:31:53","date_gmt":"2025-05-22T06:31:53","guid":{"rendered":"https:\/\/feuerwehr-vglambrecht.de\/cms\/?p=13856"},"modified":"2025-07-21T09:19:00","modified_gmt":"2025-07-21T07:19:00","slug":"vegetationsbranduebung-highlander-in-esthal-17-05-2025","status":"publish","type":"post","link":"https:\/\/feuerwehr-vglambrecht.de\/cms\/2025\/05\/22\/vegetationsbranduebung-highlander-in-esthal-17-05-2025\/","title":{"rendered":"Vegetationsbrand\u00fcbung &#8222;Highlander&#8220; in Esthal &#8211; 17.05.2025"},"content":{"rendered":"<p><b>Feuerwehr VG Lambrecht &#8211; Vegetationsbrand\u00fcbung &#8222;Highlander&#8220; in Esthal &#8211; 17.05.2025<\/b><\/p>\n<p>Am 17.05.2025 fand eine Vegetationsbrand\u00fcbung des Ausr\u00fcckebereichs West (Feuerwehreinheiten Frankeneck und Esthal) mit dem Fachzug Vegetationsbrandbek\u00e4mpfung der Feuerwehr der VG Lambrecht statt. Der Fachzug besteht aus ausgew\u00e4hlten Fahrzeugen und Personal der Einheiten Iggelbach, Elmstein, Lambrecht und Weidenthal und bildet innerhalb der Feuerwehr der VG Lambrecht eine eigene Einheit.<!--more--><\/p>\n<p>Ziel der \u00dcbung war in erster Linie die Zusammenarbeit und den Ablauf der einzelnen Einsatzabschnitte, die bei einem gr\u00f6\u00dferen Vegetationsbrand relevant werden zu be\u00fcben und insbesondere Augenmerk auf die Organisation und Zusammenarbeit der F\u00fchrungskr\u00e4fte zu legen. Insbesondere lag der Fokus hier auf der fr\u00fchzeitigen Festlegung eines geeigneten Bereitstellungsraums, Einrichtung der Einsatzleitung, Standort Einsatzleitwagen, Einrichtung einer Wasserentnahmestelle, Wasserlogistik sowie Abschnitt Brandbek\u00e4mpfung mit dem Ziel so wenig wie m\u00f6glich Wasser so effektiv wie m\u00f6glich einzusetzen.<\/p>\n<p>Ein weiteres Ziel war die fachgerechte Bearbeitung der angenommenen Brandfl\u00e4che (1.600 qm\u00b2) in einem Steilhang am &#8222;Vorderen Gleisberg&#8220; in Esthal, angefangen beim korrekten Erkunden und Erkennen der Lage unter Ber\u00fccksichtigung der Faktoren Wind\/Windrichtung, Bodenbeschaffenheit, Topographie, Hanglage, Hangneigung, Feuerintensit\u00e4t an den Flanken und der Front etc. bis hin zum sogenannten &#8222;Mop-up&#8220; &#8211; Aufarbeitung der kompletten verbrannten Fl\u00e4che nach Abl\u00f6schen der Flanken und Feuerfront. Es wurde besonderes Augenmerk auf das Vorgehen nach dem internationalen Schema &#8222;LACES&#8220; (Lookout, Anchor-Point, Communication, Escape Route, Safety Zone) gelegt, um die Sicherheit der eingesetzten Kr\u00e4fte sicherzustellen, sowie die korrekt und fachgerechte Anlage eines sogenannten Wundstreifens, bei Abl\u00f6schen der Flanken, um ein erneutes Aufflammen zu verhindern.<\/p>\n<p>\u00dcbungsleiter Torsten Buschlinger, Wehrf\u00fchrer Esthal und Sascha Burckhard, stellv. Zugf\u00fchrer Fachzug Vegetationsbrandbek\u00e4mpfung zeigten sich sehr zufrieden mit der Leistung aller beteiligten Einsatzkr\u00e4fte, insbesondere den Kr\u00e4ften an der &#8222;Front&#8220;, die bei recht intensivem Fu\u00dfmarsch und harter Arbeit an der Brandstelle das Szenario sowohl mittels Techniken zur &#8222;trockenen Waldbrandbek\u00e4mpfung&#8220; als auch an der intensiver brennenden linken Flanke mit &#8222;nasser Waldbrandbek\u00e4mpfung&#8220; vorbildlich abgearbeitet haben. Durch die Gro\u00df\u00fcbung konnten erneut weitere wertvolle Erkenntnisse f\u00fcr die Einsatzkr\u00e4fte, F\u00fchrungskr\u00e4fte sowie die Einsatzleitung bei den Themen Wasserlogistik und Wassertransportgewonnen werden, die helfen werden im Einsatzfall schneller und effizienter die Lage abzuarbeiten. Insbesondere die Zusammenarbeit der Ausr\u00fcckebereiche der VG Lambrecht mit dem Fachzug Vegetationsbrandbek\u00e4mpfung wird von den Erkenntnissen und bei der \u00dcbungsnachbesprechung festgelegten Verbesserungen profitieren.<\/p>\n<p>Der Fachzug Vegetationsbrandbek\u00e4mpfung der Feuerwehr der Verbandsgemeinde Lambrecht stellt \u00fcber den eigenen Einsatzbereich der VG Lambrecht hinaus auch Facheinheiten zur Vegetationsbrandbek\u00e4mpfung gr\u00f6\u00dferer Fl\u00e4chen im Kreisgebiet des Landkreises Bad D\u00fcrkheim zur Verf\u00fcgung und kann von allen Kreiswehren und auch benachbarten Kreisen sowie kreisfreien St\u00e4dten zur Unterst\u00fctzung, wenn erforderlich, angefordert werden. Bei gr\u00f6\u00dferen Einsatzlagen innerhalb des Landkreises D\u00dcW greift die Integration in den Rahmenalarm- und Einsatzplan und es erfolgt nach \u00dcbernahme der Einsatzleitung durch den LK Bad-D\u00fcrkheim die automatische Alarmierung des Fachzuges mit Fachberater und intensiv geschultem Fachpersonal (Inland und EU-Ausland mit Echtfeuer und Realeinsatzlagen) zur Vegetationsbrandbek\u00e4mpfung inklusive Sonderfahrzeugen zur Vegetationsbrandbek\u00e4mpfung. Teileinheiten des Zuges k\u00f6nnen auch, auf Anforderung der Landesregierung RLP, mit Mannschaft und Ger\u00e4t \u00fcber das Land RLP hinaus zur Amtshilfe auf Bundesebene eingesetzt werden.<\/p>\n<p>Ein herzliches Dankesch\u00f6n auch an das Forstgut Sattelm\u00fchle, Herrn Christian Theobald, der die \u00dcbung im Waldgebiet des Forstgutes erm\u00f6glicht hat.<\/p>\n\n<div class=\"ngg-galleryoverview\" id=\"ngg-gallery-540-13856\">\n\n\t<!-- Slideshow link -->\n\t<div class=\"slideshowlink\">\n\t\t<a class=\"slideshowlink\" href=\"https:\/\/feuerwehr-vglambrecht.de\/cms\/2025\/05\/22\/vegetationsbranduebung-highlander-in-esthal-17-05-2025\/nggallery\/slideshow\">\n\t\t\t[Show as slideshow]\t\t<\/a>\n\t<\/div>\n\n\t\n\t<!-- Thumbnails -->\n\t\t\n\t<div id=\"ngg-image-3168\" class=\"ngg-gallery-thumbnail-box\"  >\n\t\t<div class=\"ngg-gallery-thumbnail\" >\n\t\t\t<a href=\"https:\/\/feuerwehr-vglambrecht.de\/cms\/wp-content\/gallery\/waldbranduebung-esthal\/1000051291.jpg\" title=\" \" class=\"shutterset_set_540\" >\n\t\t\t\t\t\t\t\t<img loading=\"lazy\" decoding=\"async\" title=\"1000051291\" alt=\"1000051291\" src=\"https:\/\/feuerwehr-vglambrecht.de\/cms\/wp-content\/gallery\/waldbranduebung-esthal\/thumbs\/thumbs_1000051291.jpg\" width=\"100\" height=\"75\" \/>\n\t\t\t\t\t\t\t<\/a>\n\t\t<\/div>\n\t<\/div>\n\t\n\t\t\n \t\t\n\t<div id=\"ngg-image-3169\" class=\"ngg-gallery-thumbnail-box\"  >\n\t\t<div class=\"ngg-gallery-thumbnail\" >\n\t\t\t<a href=\"https:\/\/feuerwehr-vglambrecht.de\/cms\/wp-content\/gallery\/waldbranduebung-esthal\/1000051292.jpg\" title=\" \" class=\"shutterset_set_540\" >\n\t\t\t\t\t\t\t\t<img loading=\"lazy\" decoding=\"async\" title=\"1000051292\" alt=\"1000051292\" src=\"https:\/\/feuerwehr-vglambrecht.de\/cms\/wp-content\/gallery\/waldbranduebung-esthal\/thumbs\/thumbs_1000051292.jpg\" width=\"100\" height=\"75\" \/>\n\t\t\t\t\t\t\t<\/a>\n\t\t<\/div>\n\t<\/div>\n\t\n\t\t\n \t\t\n\t<div id=\"ngg-image-3170\" class=\"ngg-gallery-thumbnail-box\"  >\n\t\t<div class=\"ngg-gallery-thumbnail\" >\n\t\t\t<a href=\"https:\/\/feuerwehr-vglambrecht.de\/cms\/wp-content\/gallery\/waldbranduebung-esthal\/1000051317.jpg\" title=\" \" class=\"shutterset_set_540\" >\n\t\t\t\t\t\t\t\t<img loading=\"lazy\" decoding=\"async\" title=\"1000051317\" alt=\"1000051317\" src=\"https:\/\/feuerwehr-vglambrecht.de\/cms\/wp-content\/gallery\/waldbranduebung-esthal\/thumbs\/thumbs_1000051317.jpg\" width=\"100\" height=\"75\" \/>\n\t\t\t\t\t\t\t<\/a>\n\t\t<\/div>\n\t<\/div>\n\t\n\t\t\n \t\t\n\t<div id=\"ngg-image-3171\" class=\"ngg-gallery-thumbnail-box\"  >\n\t\t<div class=\"ngg-gallery-thumbnail\" >\n\t\t\t<a href=\"https:\/\/feuerwehr-vglambrecht.de\/cms\/wp-content\/gallery\/waldbranduebung-esthal\/img_4760.jpg\" title=\" \" class=\"shutterset_set_540\" >\n\t\t\t\t\t\t\t\t<img loading=\"lazy\" decoding=\"async\" title=\"img_4760\" alt=\"img_4760\" src=\"https:\/\/feuerwehr-vglambrecht.de\/cms\/wp-content\/gallery\/waldbranduebung-esthal\/thumbs\/thumbs_img_4760.jpg\" width=\"100\" height=\"75\" \/>\n\t\t\t\t\t\t\t<\/a>\n\t\t<\/div>\n\t<\/div>\n\t\n\t\t\n \t\t\n\t<div id=\"ngg-image-3172\" class=\"ngg-gallery-thumbnail-box\"  >\n\t\t<div class=\"ngg-gallery-thumbnail\" >\n\t\t\t<a href=\"https:\/\/feuerwehr-vglambrecht.de\/cms\/wp-content\/gallery\/waldbranduebung-esthal\/img_4761.jpg\" title=\" \" class=\"shutterset_set_540\" >\n\t\t\t\t\t\t\t\t<img loading=\"lazy\" decoding=\"async\" title=\"img_4761\" alt=\"img_4761\" src=\"https:\/\/feuerwehr-vglambrecht.de\/cms\/wp-content\/gallery\/waldbranduebung-esthal\/thumbs\/thumbs_img_4761.jpg\" width=\"100\" height=\"75\" \/>\n\t\t\t\t\t\t\t<\/a>\n\t\t<\/div>\n\t<\/div>\n\t\n\t\t\n \t\t\n\t<div id=\"ngg-image-3173\" class=\"ngg-gallery-thumbnail-box\"  >\n\t\t<div class=\"ngg-gallery-thumbnail\" >\n\t\t\t<a href=\"https:\/\/feuerwehr-vglambrecht.de\/cms\/wp-content\/gallery\/waldbranduebung-esthal\/img_4762.jpg\" title=\" \" class=\"shutterset_set_540\" >\n\t\t\t\t\t\t\t\t<img loading=\"lazy\" decoding=\"async\" title=\"img_4762\" alt=\"img_4762\" src=\"https:\/\/feuerwehr-vglambrecht.de\/cms\/wp-content\/gallery\/waldbranduebung-esthal\/thumbs\/thumbs_img_4762.jpg\" width=\"100\" height=\"75\" \/>\n\t\t\t\t\t\t\t<\/a>\n\t\t<\/div>\n\t<\/div>\n\t\n\t\t\n \t \t\n\t<!-- Pagination -->\n \t<div class='ngg-clear'><\/div>\n \t\n<\/div>\n\n\n","protected":false},"excerpt":{"rendered":"<p>Feuerwehr VG Lambrecht &#8211; Vegetationsbrand\u00fcbung &#8222;Highlander&#8220; in Esthal &#8211; 17.05.2025 Am 17.05.2025 fand eine Vegetationsbrand\u00fcbung des Ausr\u00fcckebereichs West (Feuerwehreinheiten Frankeneck und Esthal) mit dem Fachzug Vegetationsbrandbek\u00e4mpfung der Feuerwehr der VG Lambrecht statt. Der Fachzug besteht aus ausgew\u00e4hlten Fahrzeugen und Personal der Einheiten Iggelbach, Elmstein, Lambrecht und Weidenthal und bildet innerhalb der Feuerwehr der VG Lambrecht eine eigene Einheit.<\/p>\n","protected":false},"author":17,"featured_media":13858,"comment_status":"closed","ping_status":"closed","sticky":false,"template":"","format":"standard","meta":{"footnotes":""},"categories":[1],"tags":[139,138,383,606,143,373,142,136],"class_list":["post-13856","post","type-post","status-publish","format-standard","has-post-thumbnail","hentry","category-allgemein","tag-elmstein","tag-esthal","tag-feuerwehrvglambrecht","tag-highlander","tag-iggelbach","tag-immerda","tag-lambrecht","tag-weidenthal"],"better_featured_image":{"id":13858,"alt_text":"","caption":"","description":"","media_type":"image","media_details":{"width":1920,"height":2560,"file":"2025\/05\/1000051317-scaled.jpg","filesize":1185093,"sizes":{"medium_large":{"file":"1000051317-768x1024.jpg","width":768,"height":1024,"mime-type":"image\/jpeg","filesize":235062,"source_url":"https:\/\/feuerwehr-vglambrecht.de\/cms\/wp-content\/uploads\/2025\/05\/1000051317-768x1024.jpg"},"1536x1536":{"file":"1000051317-1152x1536.jpg","width":1152,"height":1536,"mime-type":"image\/jpeg","filesize":473435,"source_url":"https:\/\/feuerwehr-vglambrecht.de\/cms\/wp-content\/uploads\/2025\/05\/1000051317-1152x1536.jpg"},"2048x2048":{"file":"1000051317-1536x2048.jpg","width":1536,"height":2048,"mime-type":"image\/jpeg","filesize":796671,"source_url":"https:\/\/feuerwehr-vglambrecht.de\/cms\/wp-content\/uploads\/2025\/05\/1000051317-1536x2048.jpg"},"wptouch-new-thumbnail":{"file":"1000051317-144x144.jpg","width":144,"height":144,"mime-type":"image\/jpeg","filesize":54489,"source_url":"https:\/\/feuerwehr-vglambrecht.de\/cms\/wp-content\/uploads\/2025\/05\/1000051317-144x144.jpg"},"landing_image":{"file":"1000051317-1024x460.jpg","width":1024,"height":460,"mime-type":"image\/jpeg","filesize":170072,"source_url":"https:\/\/feuerwehr-vglambrecht.de\/cms\/wp-content\/uploads\/2025\/05\/1000051317-1024x460.jpg"},"thumbnail":{"file":"1000051317-150x150.jpg","width":150,"height":150,"source_url":"https:\/\/feuerwehr-vglambrecht.de\/cms\/wp-content\/uploads\/2025\/05\/1000051317-150x150.jpg"},"medium":{"file":"1000051317-300x225.jpg","width":300,"height":225,"source_url":"https:\/\/feuerwehr-vglambrecht.de\/cms\/wp-content\/uploads\/2025\/05\/1000051317-300x225.jpg"},"large":{"file":"1000051317-1024x768.jpg","width":1024,"height":768,"source_url":"https:\/\/feuerwehr-vglambrecht.de\/cms\/wp-content\/uploads\/2025\/05\/1000051317-1024x768.jpg"}},"image_meta":{"aperture":"1.8","credit":"","camera":"Galaxy S24","caption":"","created_timestamp":"1747482356","copyright":"","focal_length":"5.4","iso":"25","shutter_speed":"0.00046296296296296","title":"","orientation":1,"keywords":[]},"original_image":"1000051317.jpg","image-converter":{"thumbnail":"IME","medium":"IME","large":"IME"}},"post":13856,"source_url":"https:\/\/feuerwehr-vglambrecht.de\/cms\/wp-content\/uploads\/2025\/05\/1000051317-scaled.jpg"},"_links":{"self":[{"href":"https:\/\/feuerwehr-vglambrecht.de\/cms\/wp-json\/wp\/v2\/posts\/13856","targetHints":{"allow":["GET"]}}],"collection":[{"href":"https:\/\/feuerwehr-vglambrecht.de\/cms\/wp-json\/wp\/v2\/posts"}],"about":[{"href":"https:\/\/feuerwehr-vglambrecht.de\/cms\/wp-json\/wp\/v2\/types\/post"}],"author":[{"embeddable":true,"href":"https:\/\/feuerwehr-vglambrecht.de\/cms\/wp-json\/wp\/v2\/users\/17"}],"replies":[{"embeddable":true,"href":"https:\/\/feuerwehr-vglambrecht.de\/cms\/wp-json\/wp\/v2\/comments?post=13856"}],"version-history":[{"count":3,"href":"https:\/\/feuerwehr-vglambrecht.de\/cms\/wp-json\/wp\/v2\/posts\/13856\/revisions"}],"predecessor-version":[{"id":14068,"href":"https:\/\/feuerwehr-vglambrecht.de\/cms\/wp-json\/wp\/v2\/posts\/13856\/revisions\/14068"}],"wp:featuredmedia":[{"embeddable":true,"href":"https:\/\/feuerwehr-vglambrecht.de\/cms\/wp-json\/wp\/v2\/media\/13858"}],"wp:attachment":[{"href":"https:\/\/feuerwehr-vglambrecht.de\/cms\/wp-json\/wp\/v2\/media?parent=13856"}],"wp:term":[{"taxonomy":"category","embeddable":true,"href":"https:\/\/feuerwehr-vglambrecht.de\/cms\/wp-json\/wp\/v2\/categories?post=13856"},{"taxonomy":"post_tag","embeddable":true,"href":"https:\/\/feuerwehr-vglambrecht.de\/cms\/wp-json\/wp\/v2\/tags?post=13856"}],"curies":[{"name":"wp","href":"https:\/\/api.w.org\/{rel}","templated":true}]}}