{"id":13681,"date":"2025-03-22T16:16:10","date_gmt":"2025-03-22T15:16:10","guid":{"rendered":"https:\/\/feuerwehr-vglambrecht.de\/cms\/?p=13681"},"modified":"2025-03-22T16:16:10","modified_gmt":"2025-03-22T15:16:10","slug":"brandschutzerziehung-der-grundschule-esthal-im-notfall-112","status":"publish","type":"post","link":"https:\/\/feuerwehr-vglambrecht.de\/cms\/2025\/03\/22\/brandschutzerziehung-der-grundschule-esthal-im-notfall-112\/","title":{"rendered":"Brandschutzerziehung der Grundschule Esthal \u201eIm Notfall 112\u201c"},"content":{"rendered":"<p>Brandschutzerziehung ist ein Unterricht, in dem Kinder und auch Erwachsene lernen, wie sie potentielle Brandursachen erkennen und beseitigen k\u00f6nnen. In theoretischen und praktischen Beispielen wird den Teilnehmern aufgezeigt, wie schnell (durch Unachtsamkeit) ein Feuer ausbrechen kann, wie man dieses verhindert und &#8211;\u00a0 wenn doch einmal etwas passiert \u2013 wie man sich richtig verh\u00e4lt.<\/p>\n<p>Am 20. M\u00e4rz 2025 wurde dies der Kombiklasse 3+4 der Grundschule Esthal bei einem Besuch im Ger\u00e4tehaus der Feuerwehr Esthal durch den Wehrf\u00fchrer der Feuerwehr Esthal Torsten Buschlinger und Christian Ziegler gemeinsam mit der Lehrerin Lisa-Marie Simon vermittelt.<\/p>\n<p>Bei Brandversuchen an verschiedenen Gegenst\u00e4nden wurde den Kindern ein Gef\u00fchl vermittelt, wie gef\u00e4hrlich Feuer ist. In einem Rollenspiel wurde trainiert, wie\u00a0 man einen korrekten Notruf absetzt und wie man sich im Brandfall verh\u00e4lt.<\/p>\n<p>Im Anschluss durften sich die Kinder die Feuerwache und die Fahrzeuge anschauen, was zu begeisterten Reaktionen f\u00fchrte. Durch das Vorstellen der Ausr\u00fcstung der Feuerwehr, ganz besonders der pers\u00f6nlichen Schutzausr\u00fcstung eines Feuerwehrmannes, sollte den Kindern die Angst bei einem Notfall genommen werden.<\/p>\n<p>Denn viele Kinder verstecken sich aus Angst vor Rauch und Flammen, aber auch vor den mit Atemschutzmasken ausgestatteten Feuerwehrleuten in Schr\u00e4nken und Nischen, wo sie im Brandfall nur schwer zu finden sind.<\/p>\n\n<div class=\"ngg-galleryoverview\" id=\"ngg-gallery-532-13681\">\n\n\t<!-- Slideshow link -->\n\t<div class=\"slideshowlink\">\n\t\t<a class=\"slideshowlink\" href=\"https:\/\/feuerwehr-vglambrecht.de\/cms\/2025\/03\/22\/brandschutzerziehung-der-grundschule-esthal-im-notfall-112\/nggallery\/slideshow\">\n\t\t\t[Show as slideshow]\t\t<\/a>\n\t<\/div>\n\n\t\n\t<!-- Thumbnails -->\n\t\t\n\t<div id=\"ngg-image-3117\" class=\"ngg-gallery-thumbnail-box\"  >\n\t\t<div class=\"ngg-gallery-thumbnail\" >\n\t\t\t<a href=\"https:\/\/feuerwehr-vglambrecht.de\/cms\/wp-content\/gallery\/brandschutzerziehung-gs-esthal_2\/1.jpg\" title=\" \" class=\"shutterset_set_532\" >\n\t\t\t\t\t\t\t\t<img loading=\"lazy\" decoding=\"async\" title=\"1\" alt=\"1\" src=\"https:\/\/feuerwehr-vglambrecht.de\/cms\/wp-content\/gallery\/brandschutzerziehung-gs-esthal_2\/thumbs\/thumbs_1.jpg\" width=\"100\" height=\"75\" \/>\n\t\t\t\t\t\t\t<\/a>\n\t\t<\/div>\n\t<\/div>\n\t\n\t\t\n \t\t\n\t<div id=\"ngg-image-3118\" class=\"ngg-gallery-thumbnail-box\"  >\n\t\t<div class=\"ngg-gallery-thumbnail\" >\n\t\t\t<a href=\"https:\/\/feuerwehr-vglambrecht.de\/cms\/wp-content\/gallery\/brandschutzerziehung-gs-esthal_2\/2.jpg\" title=\" \" class=\"shutterset_set_532\" >\n\t\t\t\t\t\t\t\t<img loading=\"lazy\" decoding=\"async\" title=\"2\" alt=\"2\" src=\"https:\/\/feuerwehr-vglambrecht.de\/cms\/wp-content\/gallery\/brandschutzerziehung-gs-esthal_2\/thumbs\/thumbs_2.jpg\" width=\"100\" height=\"75\" \/>\n\t\t\t\t\t\t\t<\/a>\n\t\t<\/div>\n\t<\/div>\n\t\n\t\t\n \t\t\n\t<div id=\"ngg-image-3119\" class=\"ngg-gallery-thumbnail-box\"  >\n\t\t<div class=\"ngg-gallery-thumbnail\" >\n\t\t\t<a href=\"https:\/\/feuerwehr-vglambrecht.de\/cms\/wp-content\/gallery\/brandschutzerziehung-gs-esthal_2\/3.jpg\" title=\" \" class=\"shutterset_set_532\" >\n\t\t\t\t\t\t\t\t<img loading=\"lazy\" decoding=\"async\" title=\"3\" alt=\"3\" src=\"https:\/\/feuerwehr-vglambrecht.de\/cms\/wp-content\/gallery\/brandschutzerziehung-gs-esthal_2\/thumbs\/thumbs_3.jpg\" width=\"100\" height=\"75\" \/>\n\t\t\t\t\t\t\t<\/a>\n\t\t<\/div>\n\t<\/div>\n\t\n\t\t\n \t\t\n\t<div id=\"ngg-image-3120\" class=\"ngg-gallery-thumbnail-box\"  >\n\t\t<div class=\"ngg-gallery-thumbnail\" >\n\t\t\t<a href=\"https:\/\/feuerwehr-vglambrecht.de\/cms\/wp-content\/gallery\/brandschutzerziehung-gs-esthal_2\/4.jpg\" title=\" \" class=\"shutterset_set_532\" >\n\t\t\t\t\t\t\t\t<img loading=\"lazy\" decoding=\"async\" title=\"4\" alt=\"4\" src=\"https:\/\/feuerwehr-vglambrecht.de\/cms\/wp-content\/gallery\/brandschutzerziehung-gs-esthal_2\/thumbs\/thumbs_4.jpg\" width=\"100\" height=\"75\" \/>\n\t\t\t\t\t\t\t<\/a>\n\t\t<\/div>\n\t<\/div>\n\t\n\t\t\n \t \t\n\t<!-- Pagination -->\n \t<div class='ngg-clear'><\/div>\n \t\n<\/div>\n\n\n","protected":false},"excerpt":{"rendered":"<p>Brandschutzerziehung ist ein Unterricht, in dem Kinder und auch Erwachsene lernen, wie sie potentielle Brandursachen erkennen und beseitigen k\u00f6nnen. In theoretischen und praktischen Beispielen wird den Teilnehmern aufgezeigt, wie schnell (durch Unachtsamkeit) ein Feuer ausbrechen kann, wie man dieses verhindert und &#8211;\u00a0 wenn doch einmal etwas passiert \u2013 wie man sich richtig verh\u00e4lt. Am 20. M\u00e4rz 2025 wurde dies der Kombiklasse 3+4 der Grundschule Esthal bei einem Besuch im Ger\u00e4tehaus der Feuerwehr Esthal durch den Wehrf\u00fchrer der Feuerwehr Esthal Torsten Buschlinger und Christian Ziegler gemeinsam mit der Lehrerin Lisa-Marie Simon vermittelt. Bei Brandversuchen an verschiedenen Gegenst\u00e4nden wurde den Kindern ein Gef\u00fchl vermittelt, wie gef\u00e4hrlich Feuer ist. In einem Rollenspiel wurde trainiert, wie\u00a0 man einen korrekten Notruf absetzt und wie man sich im Brandfall verh\u00e4lt. Im Anschluss durften sich die Kinder die Feuerwache und die Fahrzeuge anschauen, was zu begeisterten Reaktionen f\u00fchrte. Durch das Vorstellen der Ausr\u00fcstung der Feuerwehr, ganz besonders&hellip;<\/p>\n","protected":false},"author":5,"featured_media":13685,"comment_status":"closed","ping_status":"closed","sticky":false,"template":"","format":"standard","meta":{"footnotes":""},"categories":[1],"tags":[],"class_list":["post-13681","post","type-post","status-publish","format-standard","has-post-thumbnail","hentry","category-allgemein"],"better_featured_image":{"id":13685,"alt_text":"","caption":"","description":"","media_type":"image","media_details":{"width":2464,"height":1848,"file":"2025\/03\/1.jpg","filesize":1928306,"sizes":{"medium_large":{"file":"1-768x576.jpg","width":768,"height":576,"mime-type":"image\/jpeg","filesize":89447,"source_url":"https:\/\/feuerwehr-vglambrecht.de\/cms\/wp-content\/uploads\/2025\/03\/1-768x576.jpg"},"1536x1536":{"file":"1-1536x1152.jpg","width":1536,"height":1152,"mime-type":"image\/jpeg","filesize":273250,"source_url":"https:\/\/feuerwehr-vglambrecht.de\/cms\/wp-content\/uploads\/2025\/03\/1-1536x1152.jpg"},"2048x2048":{"file":"1-2048x1536.jpg","width":2048,"height":1536,"mime-type":"image\/jpeg","filesize":421151,"source_url":"https:\/\/feuerwehr-vglambrecht.de\/cms\/wp-content\/uploads\/2025\/03\/1-2048x1536.jpg"},"wptouch-new-thumbnail":{"file":"1-144x144.jpg","width":144,"height":144,"mime-type":"image\/jpeg","filesize":6515,"source_url":"https:\/\/feuerwehr-vglambrecht.de\/cms\/wp-content\/uploads\/2025\/03\/1-144x144.jpg"},"landing_image":{"file":"1-1024x460.jpg","width":1024,"height":460,"mime-type":"image\/jpeg","filesize":87552,"source_url":"https:\/\/feuerwehr-vglambrecht.de\/cms\/wp-content\/uploads\/2025\/03\/1-1024x460.jpg"},"thumbnail":{"file":"1-150x150.jpg","width":150,"height":150,"source_url":"https:\/\/feuerwehr-vglambrecht.de\/cms\/wp-content\/uploads\/2025\/03\/1-150x150.jpg"},"medium":{"file":"1-300x225.jpg","width":300,"height":225,"source_url":"https:\/\/feuerwehr-vglambrecht.de\/cms\/wp-content\/uploads\/2025\/03\/1-300x225.jpg"},"large":{"file":"1-1024x768.jpg","width":1024,"height":768,"source_url":"https:\/\/feuerwehr-vglambrecht.de\/cms\/wp-content\/uploads\/2025\/03\/1-1024x768.jpg"}},"image_meta":{"aperture":"0","credit":"","camera":"","caption":"","created_timestamp":"0","copyright":"","focal_length":"0","iso":"0","shutter_speed":"0","title":"","orientation":"0","keywords":[]},"image-converter":{"thumbnail":"IME","medium":"IME","large":"IME"}},"post":13681,"source_url":"https:\/\/feuerwehr-vglambrecht.de\/cms\/wp-content\/uploads\/2025\/03\/1.jpg"},"_links":{"self":[{"href":"https:\/\/feuerwehr-vglambrecht.de\/cms\/wp-json\/wp\/v2\/posts\/13681","targetHints":{"allow":["GET"]}}],"collection":[{"href":"https:\/\/feuerwehr-vglambrecht.de\/cms\/wp-json\/wp\/v2\/posts"}],"about":[{"href":"https:\/\/feuerwehr-vglambrecht.de\/cms\/wp-json\/wp\/v2\/types\/post"}],"author":[{"embeddable":true,"href":"https:\/\/feuerwehr-vglambrecht.de\/cms\/wp-json\/wp\/v2\/users\/5"}],"replies":[{"embeddable":true,"href":"https:\/\/feuerwehr-vglambrecht.de\/cms\/wp-json\/wp\/v2\/comments?post=13681"}],"version-history":[{"count":4,"href":"https:\/\/feuerwehr-vglambrecht.de\/cms\/wp-json\/wp\/v2\/posts\/13681\/revisions"}],"predecessor-version":[{"id":13686,"href":"https:\/\/feuerwehr-vglambrecht.de\/cms\/wp-json\/wp\/v2\/posts\/13681\/revisions\/13686"}],"wp:featuredmedia":[{"embeddable":true,"href":"https:\/\/feuerwehr-vglambrecht.de\/cms\/wp-json\/wp\/v2\/media\/13685"}],"wp:attachment":[{"href":"https:\/\/feuerwehr-vglambrecht.de\/cms\/wp-json\/wp\/v2\/media?parent=13681"}],"wp:term":[{"taxonomy":"category","embeddable":true,"href":"https:\/\/feuerwehr-vglambrecht.de\/cms\/wp-json\/wp\/v2\/categories?post=13681"},{"taxonomy":"post_tag","embeddable":true,"href":"https:\/\/feuerwehr-vglambrecht.de\/cms\/wp-json\/wp\/v2\/tags?post=13681"}],"curies":[{"name":"wp","href":"https:\/\/api.w.org\/{rel}","templated":true}]}}