{"id":13442,"date":"2024-12-28T11:54:06","date_gmt":"2024-12-28T10:54:06","guid":{"rendered":"https:\/\/feuerwehr-vglambrecht.de\/cms\/?p=13442"},"modified":"2024-12-28T11:54:06","modified_gmt":"2024-12-28T10:54:06","slug":"weihnachtsbaumsammelaktion-der-jugendfeuerwehr-lambrecht-am-04-01-2025","status":"publish","type":"post","link":"https:\/\/feuerwehr-vglambrecht.de\/cms\/2024\/12\/28\/weihnachtsbaumsammelaktion-der-jugendfeuerwehr-lambrecht-am-04-01-2025\/","title":{"rendered":"Weihnachtsbaumsammelaktion der Jugendfeuerwehr Lambrecht am 04.01.2025"},"content":{"rendered":"<p>Die Weihnachtsbaumsammelaktion der Jugendfeuerwehr Lambrecht findet 2025 bereits am 04.01. statt. Die Jugendfeuerwehr bittet wie in den Vorjahren darum, keine Spenden oder Aufmerksamkeiten unbeaufsichtigt an die zur Abholung bereit gestellten B\u00e4ume zu h\u00e4ngen, sondern diese in den H\u00e4usern bzw. Wohnungen bis zum Eintreffen der Kameraden zu behalten. Bei Abholung, die ab 9 Uhr in Lambrecht und Ortsteilen startet, wird man sich entsprechend bei ihnen bemerkbar machen. Die Jugendfeuerwehr bedankt sich bereits im Vorfeld f\u00fcr die tolle Unterst\u00fctzung durch die Bev\u00f6lkerung und w\u00fcnscht allen einen guten Rutsch ins neue Jahr!<\/p>\n","protected":false},"excerpt":{"rendered":"<p>Die Weihnachtsbaumsammelaktion der Jugendfeuerwehr Lambrecht findet 2025 bereits am 04.01. statt. Die Jugendfeuerwehr bittet wie in den Vorjahren darum, keine Spenden oder Aufmerksamkeiten unbeaufsichtigt an die zur Abholung bereit gestellten B\u00e4ume zu h\u00e4ngen, sondern diese in den H\u00e4usern bzw. Wohnungen bis zum Eintreffen der Kameraden zu behalten. Bei Abholung, die ab 9 Uhr in Lambrecht und Ortsteilen startet, wird man sich entsprechend bei ihnen bemerkbar machen. Die Jugendfeuerwehr bedankt sich bereits im Vorfeld f\u00fcr die tolle Unterst\u00fctzung durch die Bev\u00f6lkerung und w\u00fcnscht allen einen guten Rutsch ins neue Jahr!<\/p>\n","protected":false},"author":22,"featured_media":13444,"comment_status":"closed","ping_status":"closed","sticky":false,"template":"","format":"standard","meta":{"footnotes":""},"categories":[1],"tags":[243,373,308,142,386,398],"class_list":["post-13442","post","type-post","status-publish","format-standard","has-post-thumbnail","hentry","category-allgemein","tag-feuerwehr-vg-lambrecht","tag-immerda","tag-jugendfeuerwehr","tag-lambrecht","tag-retterherzen","tag-wirfuereuch"],"better_featured_image":{"id":13444,"alt_text":"","caption":"","description":"","media_type":"image","media_details":{"width":1441,"height":2560,"file":"2024\/12\/Weihnachtsbaum-scaled.jpeg","filesize":714518,"sizes":{"medium_large":{"file":"Weihnachtsbaum-768x1364.jpeg","width":768,"height":1364,"mime-type":"image\/jpeg","filesize":207246,"source_url":"https:\/\/feuerwehr-vglambrecht.de\/cms\/wp-content\/uploads\/2024\/12\/Weihnachtsbaum-768x1364.jpeg"},"1536x1536":{"file":"Weihnachtsbaum-865x1536.jpeg","width":865,"height":1536,"mime-type":"image\/jpeg","filesize":262793,"source_url":"https:\/\/feuerwehr-vglambrecht.de\/cms\/wp-content\/uploads\/2024\/12\/Weihnachtsbaum-865x1536.jpeg"},"2048x2048":{"file":"Weihnachtsbaum-1153x2048.jpeg","width":1153,"height":2048,"mime-type":"image\/jpeg","filesize":464585,"source_url":"https:\/\/feuerwehr-vglambrecht.de\/cms\/wp-content\/uploads\/2024\/12\/Weihnachtsbaum-1153x2048.jpeg"},"wptouch-new-thumbnail":{"file":"Weihnachtsbaum-144x144.jpeg","width":144,"height":144,"mime-type":"image\/jpeg","filesize":6581,"source_url":"https:\/\/feuerwehr-vglambrecht.de\/cms\/wp-content\/uploads\/2024\/12\/Weihnachtsbaum-144x144.jpeg"},"landing_image":{"file":"Weihnachtsbaum-1024x460.jpeg","width":1024,"height":460,"mime-type":"image\/jpeg","filesize":95820,"source_url":"https:\/\/feuerwehr-vglambrecht.de\/cms\/wp-content\/uploads\/2024\/12\/Weihnachtsbaum-1024x460.jpeg"},"thumbnail":{"file":"Weihnachtsbaum-150x150.jpeg","width":150,"height":150,"source_url":"https:\/\/feuerwehr-vglambrecht.de\/cms\/wp-content\/uploads\/2024\/12\/Weihnachtsbaum-150x150.jpeg"},"medium":{"file":"Weihnachtsbaum-169x300.jpeg","width":169,"height":300,"source_url":"https:\/\/feuerwehr-vglambrecht.de\/cms\/wp-content\/uploads\/2024\/12\/Weihnachtsbaum-169x300.jpeg"},"large":{"file":"Weihnachtsbaum-577x1024.jpeg","width":577,"height":1024,"source_url":"https:\/\/feuerwehr-vglambrecht.de\/cms\/wp-content\/uploads\/2024\/12\/Weihnachtsbaum-577x1024.jpeg"}},"image_meta":{"aperture":"0","credit":"","camera":"","caption":"","created_timestamp":"0","copyright":"","focal_length":"0","iso":"0","shutter_speed":"0","title":"","orientation":"1","keywords":[]},"original_image":"Weihnachtsbaum.jpeg","image-converter":{"thumbnail":"IME","medium":"IME","large":"IME"}},"post":13442,"source_url":"https:\/\/feuerwehr-vglambrecht.de\/cms\/wp-content\/uploads\/2024\/12\/Weihnachtsbaum-scaled.jpeg"},"_links":{"self":[{"href":"https:\/\/feuerwehr-vglambrecht.de\/cms\/wp-json\/wp\/v2\/posts\/13442","targetHints":{"allow":["GET"]}}],"collection":[{"href":"https:\/\/feuerwehr-vglambrecht.de\/cms\/wp-json\/wp\/v2\/posts"}],"about":[{"href":"https:\/\/feuerwehr-vglambrecht.de\/cms\/wp-json\/wp\/v2\/types\/post"}],"author":[{"embeddable":true,"href":"https:\/\/feuerwehr-vglambrecht.de\/cms\/wp-json\/wp\/v2\/users\/22"}],"replies":[{"embeddable":true,"href":"https:\/\/feuerwehr-vglambrecht.de\/cms\/wp-json\/wp\/v2\/comments?post=13442"}],"version-history":[{"count":2,"href":"https:\/\/feuerwehr-vglambrecht.de\/cms\/wp-json\/wp\/v2\/posts\/13442\/revisions"}],"predecessor-version":[{"id":13445,"href":"https:\/\/feuerwehr-vglambrecht.de\/cms\/wp-json\/wp\/v2\/posts\/13442\/revisions\/13445"}],"wp:featuredmedia":[{"embeddable":true,"href":"https:\/\/feuerwehr-vglambrecht.de\/cms\/wp-json\/wp\/v2\/media\/13444"}],"wp:attachment":[{"href":"https:\/\/feuerwehr-vglambrecht.de\/cms\/wp-json\/wp\/v2\/media?parent=13442"}],"wp:term":[{"taxonomy":"category","embeddable":true,"href":"https:\/\/feuerwehr-vglambrecht.de\/cms\/wp-json\/wp\/v2\/categories?post=13442"},{"taxonomy":"post_tag","embeddable":true,"href":"https:\/\/feuerwehr-vglambrecht.de\/cms\/wp-json\/wp\/v2\/tags?post=13442"}],"curies":[{"name":"wp","href":"https:\/\/api.w.org\/{rel}","templated":true}]}}