{"id":13370,"date":"2024-12-03T20:49:39","date_gmt":"2024-12-03T19:49:39","guid":{"rendered":"https:\/\/feuerwehr-vglambrecht.de\/cms\/?p=13370"},"modified":"2024-12-03T20:49:39","modified_gmt":"2024-12-03T19:49:39","slug":"24-stunden-tag-der-jugendfeuerwehr-lambrecht","status":"publish","type":"post","link":"https:\/\/feuerwehr-vglambrecht.de\/cms\/2024\/12\/03\/24-stunden-tag-der-jugendfeuerwehr-lambrecht\/","title":{"rendered":"24-Stunden-Tag der Jugendfeuerwehr Lambrecht"},"content":{"rendered":"<p>Eine besonders sch\u00f6ne Veranstaltung zum Jahresende hatten die Jugendwarte der Jugendfeuerwehr Lambrecht in den letzten Monaten mit viel M\u00fche vorbereitet: Ein abwechslungsreiches sowie lehrreiches Programm bot sich den Teilnehmern eines 24-Stunden-Tags am ersten Adventswochenende im Ger\u00e4tehaus der Einheit Lambrecht.<\/p>\n<p>Nach der Begr\u00fc\u00dfung und Einteilung der ersten Aufgaben durch die Jugendwarte Yannik Munzinger, Simon Lukas Nowotny und Vanessa Wilhelmy galt es zun\u00e4chst, die Unterkunft f\u00fcr die anstehende \u00dcbernachtung und die gemeinsam verbrachte Zeit vorzubereiten. Neben den Schlafgelegenheiten wurde der Schulungsraum kurzerhand zum Bereitschafts- und Verpflegungsraum umfunktioniert, die laut Schichtplan zu besetzenden Fahrzeuge \u00fcberpr\u00fcft und mit einer Inventur das Wissen \u00fcber Art und Anwendung der feuerwehrtechnischen Ausstattung vertieft, wollte doch alles das \u00fcber das anstehende Wochenende im Bedarfsfall gekonnt zum Einsatz gebracht werden. Der Dienstsport im Anschluss fand etwas geteilte Zustimmung, ganz im Gegensatz zum folgenden, ersten Einsatz am fr\u00fchen Nachmittag: Auf dem Parkplatz eines Einkaufsmarktes galt es, eine unter einem Fahrzeug eingeklemmte Person fachgerecht mit Hebekissen zu befreien. Unterst\u00fctzt wurde die Jugendfeuerwehr dabei von Notfallsanit\u00e4terin Lara Nowotny und Rettungssanit\u00e4ter Sascha Burkhard, die mit dem Notfall-Krankentransportwagen der Rettungswache Lambrecht an dem erfolgreichen \u00dcbungseinsatz teilnahmen. Wieder im Ger\u00e4tehaus angekommen, stellten die beiden Berufsretter der Rettungsdienst Vorderpfalz GmbH neben dem &#8211; bei Herzstillstand wichtigen und durch Laien bedienbaren &#8211; Defibrilator auch noch weitere M\u00f6glichkeiten der Zusammenarbeit mit den Rettungskr\u00e4ften vor. Gemeinsam galt es, eine verletzte Person aus dem oberen Stock sicher zum weiteren Transport mittels Tragetuch ans Fahrzeug zu bringen. Auch die Werkst\u00e4tten in der Feuerwehr und Aufgabenfelder der Ger\u00e4tewarte wurden an der entsprechenden Ausr\u00fcstung im Verlauf des Nachmittags nach dem gemeinsamen Essen weiter erkundet. Nach Einbruch der Dunkelheit forderte der zweite \u00dcbungseinsatz, die Beseitigung ausgelaufener Betriebsstoffe, die Bew\u00e4ltigung gleich mehrerer Aufgaben. So wurden Schachtdeckel abgedeckt, \u00d6lbindemittel ausgebracht und wieder aufgenommen sowie die Einsatzstelle zum sicheren Arbeiten vern\u00fcnftig ausgeleuchtet. Der dem Abendessen folgende Filmabend wurde j\u00e4h durch den n\u00e4chsten Einsatz unterbrochen. Im Klosterwald galt eine Person als vermisst, nach Einteilung der Trupps galt es, diese zu finden. Die anstrengende Suche zollte ihren Tribut: Das Ende des nach R\u00fcckkehr fortgesetzten Films erlebten manche der Teilnehmer nur noch schlafend. Sonntags ging es nach dem Fr\u00fchst\u00fcck mit Ger\u00e4tekunde und gemeinschaftsf\u00f6rdernden Spielen weiter, bevor der letzte Einsatz noch einmal die ganze Konzentration erforderte. Unter Aufsicht und Begleitung durch die aktive Wehr durfte ein als Rauchentwicklung gemeldetes Echtfeuer mit dem vorgehaltenen Waldbrandmaterial gel\u00f6scht werden. Nach Abbau des Nachtlager und Nachbesprechung der Veranstaltung bildete ein gemeinsames Mittagessen mit den Eltern der 14 Teilnehmer den gem\u00fctlichen Abschluss. Die gelungene Veranstaltung wird bestimmt eine Fortsetzung finden.<\/p>\n\n<div class=\"ngg-galleryoverview\" id=\"ngg-gallery-517-13370\">\n\n\t<!-- Slideshow link -->\n\t<div class=\"slideshowlink\">\n\t\t<a class=\"slideshowlink\" href=\"https:\/\/feuerwehr-vglambrecht.de\/cms\/2024\/12\/03\/24-stunden-tag-der-jugendfeuerwehr-lambrecht\/nggallery\/slideshow\">\n\t\t\t[Show as slideshow]\t\t<\/a>\n\t<\/div>\n\n\t\n\t<!-- Thumbnails -->\n\t\t\n\t<div id=\"ngg-image-2957\" class=\"ngg-gallery-thumbnail-box\"  >\n\t\t<div class=\"ngg-gallery-thumbnail\" >\n\t\t\t<a href=\"https:\/\/feuerwehr-vglambrecht.de\/cms\/wp-content\/gallery\/24h-tag-jfw-lambrecht\/tempimageq46dqn.jpg\" title=\" \" class=\"shutterset_set_517\" >\n\t\t\t\t\t\t\t\t<img loading=\"lazy\" decoding=\"async\" title=\"tempimageq46dqn\" alt=\"tempimageq46dqn\" src=\"https:\/\/feuerwehr-vglambrecht.de\/cms\/wp-content\/gallery\/24h-tag-jfw-lambrecht\/thumbs\/thumbs_tempimageq46dqn.jpg\" width=\"100\" height=\"75\" \/>\n\t\t\t\t\t\t\t<\/a>\n\t\t<\/div>\n\t<\/div>\n\t\n\t\t\n \t\t\n\t<div id=\"ngg-image-2951\" class=\"ngg-gallery-thumbnail-box\"  >\n\t\t<div class=\"ngg-gallery-thumbnail\" >\n\t\t\t<a href=\"https:\/\/feuerwehr-vglambrecht.de\/cms\/wp-content\/gallery\/24h-tag-jfw-lambrecht\/d5d23c7b-b679-40d9-8332-646e47dec6b5.jpg\" title=\" \" class=\"shutterset_set_517\" >\n\t\t\t\t\t\t\t\t<img loading=\"lazy\" decoding=\"async\" title=\"d5d23c7b-b679-40d9-8332-646e47dec6b5\" alt=\"d5d23c7b-b679-40d9-8332-646e47dec6b5\" src=\"https:\/\/feuerwehr-vglambrecht.de\/cms\/wp-content\/gallery\/24h-tag-jfw-lambrecht\/thumbs\/thumbs_d5d23c7b-b679-40d9-8332-646e47dec6b5.jpg\" width=\"100\" height=\"75\" \/>\n\t\t\t\t\t\t\t<\/a>\n\t\t<\/div>\n\t<\/div>\n\t\n\t\t\n \t\t\n\t<div id=\"ngg-image-2948\" class=\"ngg-gallery-thumbnail-box\"  >\n\t\t<div class=\"ngg-gallery-thumbnail\" >\n\t\t\t<a href=\"https:\/\/feuerwehr-vglambrecht.de\/cms\/wp-content\/gallery\/24h-tag-jfw-lambrecht\/3372334d-f75a-4bc1-888e-17ca03eb0b95.jpg\" title=\" \" class=\"shutterset_set_517\" >\n\t\t\t\t\t\t\t\t<img loading=\"lazy\" decoding=\"async\" title=\"3372334d-f75a-4bc1-888e-17ca03eb0b95\" alt=\"3372334d-f75a-4bc1-888e-17ca03eb0b95\" src=\"https:\/\/feuerwehr-vglambrecht.de\/cms\/wp-content\/gallery\/24h-tag-jfw-lambrecht\/thumbs\/thumbs_3372334d-f75a-4bc1-888e-17ca03eb0b95.jpg\" width=\"100\" height=\"75\" \/>\n\t\t\t\t\t\t\t<\/a>\n\t\t<\/div>\n\t<\/div>\n\t\n\t\t\n \t\t\n\t<div id=\"ngg-image-2947\" class=\"ngg-gallery-thumbnail-box\"  >\n\t\t<div class=\"ngg-gallery-thumbnail\" >\n\t\t\t<a href=\"https:\/\/feuerwehr-vglambrecht.de\/cms\/wp-content\/gallery\/24h-tag-jfw-lambrecht\/30b219da-a321-4dc4-8a00-bfc740bbdafe.jpg\" title=\" \" class=\"shutterset_set_517\" >\n\t\t\t\t\t\t\t\t<img loading=\"lazy\" decoding=\"async\" title=\"30b219da-a321-4dc4-8a00-bfc740bbdafe\" alt=\"30b219da-a321-4dc4-8a00-bfc740bbdafe\" src=\"https:\/\/feuerwehr-vglambrecht.de\/cms\/wp-content\/gallery\/24h-tag-jfw-lambrecht\/thumbs\/thumbs_30b219da-a321-4dc4-8a00-bfc740bbdafe.jpg\" width=\"100\" height=\"75\" \/>\n\t\t\t\t\t\t\t<\/a>\n\t\t<\/div>\n\t<\/div>\n\t\n\t\t\n \t\t\n\t<div id=\"ngg-image-2949\" class=\"ngg-gallery-thumbnail-box\"  >\n\t\t<div class=\"ngg-gallery-thumbnail\" >\n\t\t\t<a href=\"https:\/\/feuerwehr-vglambrecht.de\/cms\/wp-content\/gallery\/24h-tag-jfw-lambrecht\/475bf2fb-98fe-44d9-aad7-faa9c41cdca9.jpg\" title=\" \" class=\"shutterset_set_517\" >\n\t\t\t\t\t\t\t\t<img loading=\"lazy\" decoding=\"async\" title=\"475bf2fb-98fe-44d9-aad7-faa9c41cdca9\" alt=\"475bf2fb-98fe-44d9-aad7-faa9c41cdca9\" src=\"https:\/\/feuerwehr-vglambrecht.de\/cms\/wp-content\/gallery\/24h-tag-jfw-lambrecht\/thumbs\/thumbs_475bf2fb-98fe-44d9-aad7-faa9c41cdca9.jpg\" width=\"100\" height=\"75\" \/>\n\t\t\t\t\t\t\t<\/a>\n\t\t<\/div>\n\t<\/div>\n\t\n\t\t\n \t\t\n\t<div id=\"ngg-image-2950\" class=\"ngg-gallery-thumbnail-box\"  >\n\t\t<div class=\"ngg-gallery-thumbnail\" >\n\t\t\t<a href=\"https:\/\/feuerwehr-vglambrecht.de\/cms\/wp-content\/gallery\/24h-tag-jfw-lambrecht\/7eb77e9e-24a7-489d-9006-7f093a873b70.jpg\" title=\" \" class=\"shutterset_set_517\" >\n\t\t\t\t\t\t\t\t<img loading=\"lazy\" decoding=\"async\" title=\"7eb77e9e-24a7-489d-9006-7f093a873b70\" alt=\"7eb77e9e-24a7-489d-9006-7f093a873b70\" src=\"https:\/\/feuerwehr-vglambrecht.de\/cms\/wp-content\/gallery\/24h-tag-jfw-lambrecht\/thumbs\/thumbs_7eb77e9e-24a7-489d-9006-7f093a873b70.jpg\" width=\"100\" height=\"75\" \/>\n\t\t\t\t\t\t\t<\/a>\n\t\t<\/div>\n\t<\/div>\n\t\n\t\t\n \t\t\n\t<div id=\"ngg-image-2954\" class=\"ngg-gallery-thumbnail-box\"  >\n\t\t<div class=\"ngg-gallery-thumbnail\" >\n\t\t\t<a href=\"https:\/\/feuerwehr-vglambrecht.de\/cms\/wp-content\/gallery\/24h-tag-jfw-lambrecht\/tempimage4jum14.jpg\" title=\" \" class=\"shutterset_set_517\" >\n\t\t\t\t\t\t\t\t<img loading=\"lazy\" decoding=\"async\" title=\"tempimage4jum14\" alt=\"tempimage4jum14\" src=\"https:\/\/feuerwehr-vglambrecht.de\/cms\/wp-content\/gallery\/24h-tag-jfw-lambrecht\/thumbs\/thumbs_tempimage4jum14.jpg\" width=\"100\" height=\"75\" \/>\n\t\t\t\t\t\t\t<\/a>\n\t\t<\/div>\n\t<\/div>\n\t\n\t\t\n \t\t\n\t<div id=\"ngg-image-2952\" class=\"ngg-gallery-thumbnail-box\"  >\n\t\t<div class=\"ngg-gallery-thumbnail\" >\n\t\t\t<a href=\"https:\/\/feuerwehr-vglambrecht.de\/cms\/wp-content\/gallery\/24h-tag-jfw-lambrecht\/tempimage0alwhw.jpg\" title=\" \" class=\"shutterset_set_517\" >\n\t\t\t\t\t\t\t\t<img loading=\"lazy\" decoding=\"async\" title=\"tempimage0alwhw\" alt=\"tempimage0alwhw\" src=\"https:\/\/feuerwehr-vglambrecht.de\/cms\/wp-content\/gallery\/24h-tag-jfw-lambrecht\/thumbs\/thumbs_tempimage0alwhw.jpg\" width=\"100\" height=\"75\" \/>\n\t\t\t\t\t\t\t<\/a>\n\t\t<\/div>\n\t<\/div>\n\t\n\t\t\n \t\t\n\t<div id=\"ngg-image-2958\" class=\"ngg-gallery-thumbnail-box\"  >\n\t\t<div class=\"ngg-gallery-thumbnail\" >\n\t\t\t<a href=\"https:\/\/feuerwehr-vglambrecht.de\/cms\/wp-content\/gallery\/24h-tag-jfw-lambrecht\/tempimageqsn8pl.jpg\" title=\" \" class=\"shutterset_set_517\" >\n\t\t\t\t\t\t\t\t<img loading=\"lazy\" decoding=\"async\" title=\"tempimageqsn8pl\" alt=\"tempimageqsn8pl\" src=\"https:\/\/feuerwehr-vglambrecht.de\/cms\/wp-content\/gallery\/24h-tag-jfw-lambrecht\/thumbs\/thumbs_tempimageqsn8pl.jpg\" width=\"100\" height=\"75\" \/>\n\t\t\t\t\t\t\t<\/a>\n\t\t<\/div>\n\t<\/div>\n\t\n\t\t\n \t\t\n\t<div id=\"ngg-image-2955\" class=\"ngg-gallery-thumbnail-box\"  >\n\t\t<div class=\"ngg-gallery-thumbnail\" >\n\t\t\t<a href=\"https:\/\/feuerwehr-vglambrecht.de\/cms\/wp-content\/gallery\/24h-tag-jfw-lambrecht\/tempimage5ddriw.jpg\" title=\" \" class=\"shutterset_set_517\" >\n\t\t\t\t\t\t\t\t<img loading=\"lazy\" decoding=\"async\" title=\"tempimage5ddriw\" alt=\"tempimage5ddriw\" src=\"https:\/\/feuerwehr-vglambrecht.de\/cms\/wp-content\/gallery\/24h-tag-jfw-lambrecht\/thumbs\/thumbs_tempimage5ddriw.jpg\" width=\"100\" height=\"75\" \/>\n\t\t\t\t\t\t\t<\/a>\n\t\t<\/div>\n\t<\/div>\n\t\n\t\t\n \t\t\n\t<div id=\"ngg-image-2956\" class=\"ngg-gallery-thumbnail-box\"  >\n\t\t<div class=\"ngg-gallery-thumbnail\" >\n\t\t\t<a href=\"https:\/\/feuerwehr-vglambrecht.de\/cms\/wp-content\/gallery\/24h-tag-jfw-lambrecht\/tempimagea1d9io.jpg\" title=\" \" class=\"shutterset_set_517\" >\n\t\t\t\t\t\t\t\t<img loading=\"lazy\" decoding=\"async\" title=\"tempimagea1d9io\" alt=\"tempimagea1d9io\" src=\"https:\/\/feuerwehr-vglambrecht.de\/cms\/wp-content\/gallery\/24h-tag-jfw-lambrecht\/thumbs\/thumbs_tempimagea1d9io.jpg\" width=\"100\" height=\"75\" \/>\n\t\t\t\t\t\t\t<\/a>\n\t\t<\/div>\n\t<\/div>\n\t\n\t\t\n \t\t\n\t<div id=\"ngg-image-2953\" class=\"ngg-gallery-thumbnail-box\"  >\n\t\t<div class=\"ngg-gallery-thumbnail\" >\n\t\t\t<a href=\"https:\/\/feuerwehr-vglambrecht.de\/cms\/wp-content\/gallery\/24h-tag-jfw-lambrecht\/tempimage3w9xkv.jpg\" title=\" \" class=\"shutterset_set_517\" >\n\t\t\t\t\t\t\t\t<img loading=\"lazy\" decoding=\"async\" title=\"tempimage3w9xkv\" alt=\"tempimage3w9xkv\" src=\"https:\/\/feuerwehr-vglambrecht.de\/cms\/wp-content\/gallery\/24h-tag-jfw-lambrecht\/thumbs\/thumbs_tempimage3w9xkv.jpg\" width=\"100\" height=\"75\" \/>\n\t\t\t\t\t\t\t<\/a>\n\t\t<\/div>\n\t<\/div>\n\t\n\t\t\n \t \t\n\t<!-- Pagination -->\n \t<div class='ngg-clear'><\/div>\n \t\n<\/div>\n\n\n","protected":false},"excerpt":{"rendered":"<p>Eine besonders sch\u00f6ne Veranstaltung zum Jahresende hatten die Jugendwarte der Jugendfeuerwehr Lambrecht in den letzten Monaten mit viel M\u00fche vorbereitet: Ein abwechslungsreiches sowie lehrreiches Programm bot sich den Teilnehmern eines 24-Stunden-Tags am ersten Adventswochenende im Ger\u00e4tehaus der Einheit Lambrecht. Nach der Begr\u00fc\u00dfung und Einteilung der ersten Aufgaben durch die Jugendwarte Yannik Munzinger, Simon Lukas Nowotny und Vanessa Wilhelmy galt es zun\u00e4chst, die Unterkunft f\u00fcr die anstehende \u00dcbernachtung und die gemeinsam verbrachte Zeit vorzubereiten. Neben den Schlafgelegenheiten wurde der Schulungsraum kurzerhand zum Bereitschafts- und Verpflegungsraum umfunktioniert, die laut Schichtplan zu besetzenden Fahrzeuge \u00fcberpr\u00fcft und mit einer Inventur das Wissen \u00fcber Art und Anwendung der feuerwehrtechnischen Ausstattung vertieft, wollte doch alles das \u00fcber das anstehende Wochenende im Bedarfsfall gekonnt zum Einsatz gebracht werden. Der Dienstsport im Anschluss fand etwas geteilte Zustimmung, ganz im Gegensatz zum folgenden, ersten Einsatz am fr\u00fchen Nachmittag: Auf dem Parkplatz eines Einkaufsmarktes galt es, eine unter einem Fahrzeug&hellip;<\/p>\n","protected":false},"author":22,"featured_media":13380,"comment_status":"closed","ping_status":"closed","sticky":false,"template":"","format":"standard","meta":{"footnotes":""},"categories":[1,126,123],"tags":[295,586,587,388,182,383,373,308,386,398],"class_list":["post-13370","post","type-post","status-publish","format-standard","has-post-thumbnail","hentry","category-allgemein","category-jf-lambrecht","category-jugendfeuerwehr","tag-fitforfirefighting","tag-jugendarbeit","tag-nachwuchsfoerderung","tag-ehrenamt","tag-feuerwehr","tag-feuerwehrvglambrecht","tag-immerda","tag-jugendfeuerwehr","tag-retterherzen","tag-wirfuereuch"],"better_featured_image":{"id":13380,"alt_text":"","caption":"","description":"","media_type":"image","media_details":{"width":1920,"height":2560,"file":"2024\/12\/IMG_6955-scaled.jpeg","filesize":598829,"sizes":{"medium_large":{"file":"IMG_6955-768x1024.jpeg","width":768,"height":1024,"mime-type":"image\/jpeg","filesize":123526,"source_url":"https:\/\/feuerwehr-vglambrecht.de\/cms\/wp-content\/uploads\/2024\/12\/IMG_6955-768x1024.jpeg"},"1536x1536":{"file":"IMG_6955-1152x1536.jpeg","width":1152,"height":1536,"mime-type":"image\/jpeg","filesize":231941,"source_url":"https:\/\/feuerwehr-vglambrecht.de\/cms\/wp-content\/uploads\/2024\/12\/IMG_6955-1152x1536.jpeg"},"2048x2048":{"file":"IMG_6955-1536x2048.jpeg","width":1536,"height":2048,"mime-type":"image\/jpeg","filesize":389229,"source_url":"https:\/\/feuerwehr-vglambrecht.de\/cms\/wp-content\/uploads\/2024\/12\/IMG_6955-1536x2048.jpeg"},"wptouch-new-thumbnail":{"file":"IMG_6955-144x144.jpeg","width":144,"height":144,"mime-type":"image\/jpeg","filesize":18913,"source_url":"https:\/\/feuerwehr-vglambrecht.de\/cms\/wp-content\/uploads\/2024\/12\/IMG_6955-144x144.jpeg"},"landing_image":{"file":"IMG_6955-1024x460.jpeg","width":1024,"height":460,"mime-type":"image\/jpeg","filesize":89460,"source_url":"https:\/\/feuerwehr-vglambrecht.de\/cms\/wp-content\/uploads\/2024\/12\/IMG_6955-1024x460.jpeg"},"thumbnail":{"file":"IMG_6955-150x150.jpeg","width":150,"height":150,"source_url":"https:\/\/feuerwehr-vglambrecht.de\/cms\/wp-content\/uploads\/2024\/12\/IMG_6955-150x150.jpeg"},"medium":{"file":"IMG_6955-300x225.jpeg","width":300,"height":225,"source_url":"https:\/\/feuerwehr-vglambrecht.de\/cms\/wp-content\/uploads\/2024\/12\/IMG_6955-300x225.jpeg"},"large":{"file":"IMG_6955-1024x768.jpeg","width":1024,"height":768,"source_url":"https:\/\/feuerwehr-vglambrecht.de\/cms\/wp-content\/uploads\/2024\/12\/IMG_6955-1024x768.jpeg"}},"image_meta":{"aperture":"1.6","credit":"","camera":"iPhone 12 Pro","caption":"","created_timestamp":"1732968615","copyright":"","focal_length":"4.2","iso":"125","shutter_speed":"0.014925373134328","title":"","orientation":1,"keywords":[]},"original_image":"IMG_6955.jpeg","image-converter":{"thumbnail":"IME","medium":"IME","large":"IME"}},"post":13370,"source_url":"https:\/\/feuerwehr-vglambrecht.de\/cms\/wp-content\/uploads\/2024\/12\/IMG_6955-scaled.jpeg"},"_links":{"self":[{"href":"https:\/\/feuerwehr-vglambrecht.de\/cms\/wp-json\/wp\/v2\/posts\/13370","targetHints":{"allow":["GET"]}}],"collection":[{"href":"https:\/\/feuerwehr-vglambrecht.de\/cms\/wp-json\/wp\/v2\/posts"}],"about":[{"href":"https:\/\/feuerwehr-vglambrecht.de\/cms\/wp-json\/wp\/v2\/types\/post"}],"author":[{"embeddable":true,"href":"https:\/\/feuerwehr-vglambrecht.de\/cms\/wp-json\/wp\/v2\/users\/22"}],"replies":[{"embeddable":true,"href":"https:\/\/feuerwehr-vglambrecht.de\/cms\/wp-json\/wp\/v2\/comments?post=13370"}],"version-history":[{"count":5,"href":"https:\/\/feuerwehr-vglambrecht.de\/cms\/wp-json\/wp\/v2\/posts\/13370\/revisions"}],"predecessor-version":[{"id":13381,"href":"https:\/\/feuerwehr-vglambrecht.de\/cms\/wp-json\/wp\/v2\/posts\/13370\/revisions\/13381"}],"wp:featuredmedia":[{"embeddable":true,"href":"https:\/\/feuerwehr-vglambrecht.de\/cms\/wp-json\/wp\/v2\/media\/13380"}],"wp:attachment":[{"href":"https:\/\/feuerwehr-vglambrecht.de\/cms\/wp-json\/wp\/v2\/media?parent=13370"}],"wp:term":[{"taxonomy":"category","embeddable":true,"href":"https:\/\/feuerwehr-vglambrecht.de\/cms\/wp-json\/wp\/v2\/categories?post=13370"},{"taxonomy":"post_tag","embeddable":true,"href":"https:\/\/feuerwehr-vglambrecht.de\/cms\/wp-json\/wp\/v2\/tags?post=13370"}],"curies":[{"name":"wp","href":"https:\/\/api.w.org\/{rel}","templated":true}]}}