{"id":13350,"date":"2024-11-23T21:59:07","date_gmt":"2024-11-23T20:59:07","guid":{"rendered":"https:\/\/feuerwehr-vglambrecht.de\/cms\/?p=13350"},"modified":"2024-11-23T21:59:07","modified_gmt":"2024-11-23T20:59:07","slug":"uebergabe-der-erloese-des-grillfestes-bei-kissel-sbk","status":"publish","type":"post","link":"https:\/\/feuerwehr-vglambrecht.de\/cms\/2024\/11\/23\/uebergabe-der-erloese-des-grillfestes-bei-kissel-sbk\/","title":{"rendered":"\u00dcbergabe der Erl\u00f6se des Grillfestes bei Kissel SBK"},"content":{"rendered":"<p>Am Samstag, den 23.11.2024 durften der 1. Vorsitzende des F\u00f6rdervereins der Feuerwehr Lambrecht Christopher Karkosch und der Kassenwart Pascal Jost die Erl\u00f6se aus dem Bratwurstverkauf des diesj\u00e4hrigen Grillfests bei Kissel SBK in Lambrecht in Empfang nehmen. Die \u00dcbergabe erfolgte durch den Marktleiter Hr. Wagner im Markt Lambrecht. F\u00f6rderverein und Feuerwehr sind f\u00fcr die enge, unkomplizierte Zusammenarbeit und immer aufgeschlossene Haltung gegen\u00fcber Anliegen der Feuerwehr sehr dankbar, sei es bei \u00dcbungen und Veranstaltungen oder der M\u00f6glichkeit, sich wie beim Grillfest der \u00d6ffentlichkeit zu pr\u00e4sentieren.<\/p>\n<p>Im Bild von links nach rechts: Pascal Jost, Marktleiter Herr Wagner, Christopher Karkosch<\/p>\n\n<div class=\"ngg-galleryoverview\" id=\"ngg-gallery-516-13350\">\n\n\t<!-- Slideshow link -->\n\t<div class=\"slideshowlink\">\n\t\t<a class=\"slideshowlink\" href=\"https:\/\/feuerwehr-vglambrecht.de\/cms\/2024\/11\/23\/uebergabe-der-erloese-des-grillfestes-bei-kissel-sbk\/nggallery\/slideshow\">\n\t\t\t[Show as slideshow]\t\t<\/a>\n\t<\/div>\n\n\t\n\t<!-- Thumbnails -->\n\t\t\n\t<div id=\"ngg-image-2946\" class=\"ngg-gallery-thumbnail-box\"  >\n\t\t<div class=\"ngg-gallery-thumbnail\" >\n\t\t\t<a href=\"https:\/\/feuerwehr-vglambrecht.de\/cms\/wp-content\/gallery\/sbk-uebergabe-grillfest-24\/c926b777-ef03-46e6-95b1-eba1e3795235.jpg\" title=\" \" class=\"shutterset_set_516\" >\n\t\t\t\t\t\t\t\t<img loading=\"lazy\" decoding=\"async\" title=\"c926b777-ef03-46e6-95b1-eba1e3795235\" alt=\"c926b777-ef03-46e6-95b1-eba1e3795235\" src=\"https:\/\/feuerwehr-vglambrecht.de\/cms\/wp-content\/gallery\/sbk-uebergabe-grillfest-24\/thumbs\/thumbs_c926b777-ef03-46e6-95b1-eba1e3795235.jpg\" width=\"100\" height=\"75\" \/>\n\t\t\t\t\t\t\t<\/a>\n\t\t<\/div>\n\t<\/div>\n\t\n\t\t\n \t \t\n\t<!-- Pagination -->\n \t<div class='ngg-clear'><\/div>\n \t\n<\/div>\n\n\n","protected":false},"excerpt":{"rendered":"<p>Am Samstag, den 23.11.2024 durften der 1. Vorsitzende des F\u00f6rdervereins der Feuerwehr Lambrecht Christopher Karkosch und der Kassenwart Pascal Jost die Erl\u00f6se aus dem Bratwurstverkauf des diesj\u00e4hrigen Grillfests bei Kissel SBK in Lambrecht in Empfang nehmen. Die \u00dcbergabe erfolgte durch den Marktleiter Hr. Wagner im Markt Lambrecht. F\u00f6rderverein und Feuerwehr sind f\u00fcr die enge, unkomplizierte Zusammenarbeit und immer aufgeschlossene Haltung gegen\u00fcber Anliegen der Feuerwehr sehr dankbar, sei es bei \u00dcbungen und Veranstaltungen oder der M\u00f6glichkeit, sich wie beim Grillfest der \u00d6ffentlichkeit zu pr\u00e4sentieren. Im Bild von links nach rechts: Pascal Jost, Marktleiter Herr Wagner, Christopher Karkosch<\/p>\n","protected":false},"author":22,"featured_media":13351,"comment_status":"closed","ping_status":"closed","sticky":false,"template":"","format":"standard","meta":{"footnotes":""},"categories":[1],"tags":[388,383,373,142,386,398],"class_list":["post-13350","post","type-post","status-publish","format-standard","has-post-thumbnail","hentry","category-allgemein","tag-ehrenamt","tag-feuerwehrvglambrecht","tag-immerda","tag-lambrecht","tag-retterherzen","tag-wirfuereuch"],"better_featured_image":{"id":13351,"alt_text":"","caption":"","description":"","media_type":"image","media_details":{"width":1920,"height":2560,"file":"2024\/11\/c926b777-ef03-46e6-95b1-eba1e3795235-scaled.jpg","filesize":443554,"sizes":{"medium_large":{"file":"c926b777-ef03-46e6-95b1-eba1e3795235-768x1024.jpg","width":768,"height":1024,"mime-type":"image\/jpeg","filesize":106642,"source_url":"https:\/\/feuerwehr-vglambrecht.de\/cms\/wp-content\/uploads\/2024\/11\/c926b777-ef03-46e6-95b1-eba1e3795235-768x1024.jpg"},"1536x1536":{"file":"c926b777-ef03-46e6-95b1-eba1e3795235-1152x1536.jpg","width":1152,"height":1536,"mime-type":"image\/jpeg","filesize":206470,"source_url":"https:\/\/feuerwehr-vglambrecht.de\/cms\/wp-content\/uploads\/2024\/11\/c926b777-ef03-46e6-95b1-eba1e3795235-1152x1536.jpg"},"2048x2048":{"file":"c926b777-ef03-46e6-95b1-eba1e3795235-1536x2048.jpg","width":1536,"height":2048,"mime-type":"image\/jpeg","filesize":320028,"source_url":"https:\/\/feuerwehr-vglambrecht.de\/cms\/wp-content\/uploads\/2024\/11\/c926b777-ef03-46e6-95b1-eba1e3795235-1536x2048.jpg"},"wptouch-new-thumbnail":{"file":"c926b777-ef03-46e6-95b1-eba1e3795235-144x144.jpg","width":144,"height":144,"mime-type":"image\/jpeg","filesize":6298,"source_url":"https:\/\/feuerwehr-vglambrecht.de\/cms\/wp-content\/uploads\/2024\/11\/c926b777-ef03-46e6-95b1-eba1e3795235-144x144.jpg"},"landing_image":{"file":"c926b777-ef03-46e6-95b1-eba1e3795235-1024x460.jpg","width":1024,"height":460,"mime-type":"image\/jpeg","filesize":66039,"source_url":"https:\/\/feuerwehr-vglambrecht.de\/cms\/wp-content\/uploads\/2024\/11\/c926b777-ef03-46e6-95b1-eba1e3795235-1024x460.jpg"},"thumbnail":{"file":"c926b777-ef03-46e6-95b1-eba1e3795235-150x150.jpg","width":150,"height":150,"source_url":"https:\/\/feuerwehr-vglambrecht.de\/cms\/wp-content\/uploads\/2024\/11\/c926b777-ef03-46e6-95b1-eba1e3795235-150x150.jpg"},"medium":{"file":"c926b777-ef03-46e6-95b1-eba1e3795235-225x300.jpg","width":225,"height":300,"source_url":"https:\/\/feuerwehr-vglambrecht.de\/cms\/wp-content\/uploads\/2024\/11\/c926b777-ef03-46e6-95b1-eba1e3795235-225x300.jpg"},"large":{"file":"c926b777-ef03-46e6-95b1-eba1e3795235-768x1024.jpg","width":768,"height":1024,"source_url":"https:\/\/feuerwehr-vglambrecht.de\/cms\/wp-content\/uploads\/2024\/11\/c926b777-ef03-46e6-95b1-eba1e3795235-768x1024.jpg"}},"image_meta":{"aperture":"0","credit":"","camera":"","caption":"","created_timestamp":"1732365582","copyright":"","focal_length":"0","iso":"0","shutter_speed":"0","title":"","orientation":"1","keywords":[]},"original_image":"c926b777-ef03-46e6-95b1-eba1e3795235.jpg","image-converter":{"thumbnail":"IME","medium":"IME","large":"IME"}},"post":13350,"source_url":"https:\/\/feuerwehr-vglambrecht.de\/cms\/wp-content\/uploads\/2024\/11\/c926b777-ef03-46e6-95b1-eba1e3795235-scaled.jpg"},"_links":{"self":[{"href":"https:\/\/feuerwehr-vglambrecht.de\/cms\/wp-json\/wp\/v2\/posts\/13350","targetHints":{"allow":["GET"]}}],"collection":[{"href":"https:\/\/feuerwehr-vglambrecht.de\/cms\/wp-json\/wp\/v2\/posts"}],"about":[{"href":"https:\/\/feuerwehr-vglambrecht.de\/cms\/wp-json\/wp\/v2\/types\/post"}],"author":[{"embeddable":true,"href":"https:\/\/feuerwehr-vglambrecht.de\/cms\/wp-json\/wp\/v2\/users\/22"}],"replies":[{"embeddable":true,"href":"https:\/\/feuerwehr-vglambrecht.de\/cms\/wp-json\/wp\/v2\/comments?post=13350"}],"version-history":[{"count":3,"href":"https:\/\/feuerwehr-vglambrecht.de\/cms\/wp-json\/wp\/v2\/posts\/13350\/revisions"}],"predecessor-version":[{"id":13354,"href":"https:\/\/feuerwehr-vglambrecht.de\/cms\/wp-json\/wp\/v2\/posts\/13350\/revisions\/13354"}],"wp:featuredmedia":[{"embeddable":true,"href":"https:\/\/feuerwehr-vglambrecht.de\/cms\/wp-json\/wp\/v2\/media\/13351"}],"wp:attachment":[{"href":"https:\/\/feuerwehr-vglambrecht.de\/cms\/wp-json\/wp\/v2\/media?parent=13350"}],"wp:term":[{"taxonomy":"category","embeddable":true,"href":"https:\/\/feuerwehr-vglambrecht.de\/cms\/wp-json\/wp\/v2\/categories?post=13350"},{"taxonomy":"post_tag","embeddable":true,"href":"https:\/\/feuerwehr-vglambrecht.de\/cms\/wp-json\/wp\/v2\/tags?post=13350"}],"curies":[{"name":"wp","href":"https:\/\/api.w.org\/{rel}","templated":true}]}}