{"id":13108,"date":"2024-10-28T13:52:43","date_gmt":"2024-10-28T12:52:43","guid":{"rendered":"https:\/\/feuerwehr-vglambrecht.de\/cms\/?p=13108"},"modified":"2024-10-28T13:52:43","modified_gmt":"2024-10-28T12:52:43","slug":"truppmann-teil-2-ausbildung-der-vg-erfolgreich-abgeschlossen-2","status":"publish","type":"post","link":"https:\/\/feuerwehr-vglambrecht.de\/cms\/2024\/10\/28\/truppmann-teil-2-ausbildung-der-vg-erfolgreich-abgeschlossen-2\/","title":{"rendered":"Truppmann Teil 2 Ausbildung der VG erfolgreich abgeschlossen"},"content":{"rendered":"<p>Am 14. September 2024 begann der diesj\u00e4hrige Truppmann Teil 2 Abschlusslehrgang der Feuerwehren der VG Lambrecht (Pfalz) und endete am 11. Oktober mit der erfolgreichen Abschlusspr\u00fcfung f\u00fcr die f\u00fcnf Kamerad*innen. <!--more-->Der Abschlusslehrgang erstreckte sich \u00fcber mehrere Themengebiete mit je zwei Theorie- und Praxismodulen von insgesamt ca. 30 Ausbildungsstunden. Beendet haben die Teilnehmer das Zwei-Jahresprogramm erfolgreich mit einer schriftlichen, m\u00fcndlichen sowie praktischen Abschlusspr\u00fcfung. Knoten und Stiche waren ebenfalls Teil der Pr\u00fcfung. Mit dem erfolgreichen Bestehen ist die zweij\u00e4hrige Grundausbildung zum\/zur Feuerwehrmann\/-frau f\u00fcr alle Teilnehmer*innen abgeschlossen und der Weg f\u00fcr weiterf\u00fchrende Lehrg\u00e4nge frei.<\/p>\n<p>Ziel des zentralen Truppmann Teil 2 Abschlusslehrgangs ist die selbstst\u00e4ndige Wahrnehmung der Truppmannfunktion im L\u00f6sch- und Hilfeleistungseinsatz, sowie die Vermittlung standortbezogener Kenntnisse innerhalb der VG Lambrecht (Pfalz).<\/p>\n<p>Auftakt war am 14.09.2024 mit dem <strong>Modul Technische Hilfe (TH)<\/strong>, in welchem Grundkenntnisse der allgemeinen technischen Hilfeleistung erlernt und gefestigt wurden. Bestandteil war u.a. das patientenorientierte Vorgehen bei Verkehrsunf\u00e4llen nach dem Rettungsgrundsatz:<\/p>\n<p><em>Sichern, Erstzugang schaffen, Lebensrettende Sofortma\u00dfnahmen durchf\u00fchren, patientenorientiere Befreiung, \u00dcbergabe an den Rettungsdienst.<\/em><\/p>\n<p>Am Nachmittag wurden des Weiteren verschiedene Szenarien und Einsatzsituationen der technischen Hilfe wie z.B. \u201eFahrradfahrer unter PKW\u201c be\u00fcbt. Die Hebekissen, der Mehrzweckzug und \u201ekleine\u201c Ger\u00e4te zur technischen Hilfeleistung waren ebenfalls Bestandteil der Ausbildung.<\/p>\n<p>Wir m\u00f6chten uns an dieser Stelle ganz herzlich bei der <strong>Firma Annawald<\/strong> aus Weidenthal bedanken, welche uns seit Jahren die M\u00f6glichkeit gibt, realit\u00e4tsnah an Unfallfahrzeugen zu \u00fcben und somit beste Ausbildungsbedingungen f\u00fcr die technische Hilfe herstellt.<\/p>\n<p>Im weiteren Lehrgang erfolgten weitere Module mit folgenden Themengebieten:<\/p>\n<ul>\n<li>Rechtsgrundlagen<\/li>\n<li>Allgemeine und spezielle Brandlehre<\/li>\n<li>Fahrzeugkunde<\/li>\n<li>GAMS (Gefahrstoffe)<\/li>\n<li>FwDv3 &#8211; Die Gruppe im L\u00f6scheinsatz<\/li>\n<li>Halten und R\u00fcckhalten<\/li>\n<li>Knotenkunde<\/li>\n<li>Waldbrandkonzept der VG Lambrecht (Pfalz)<\/li>\n<\/ul>\n<p>Und am Ende die bereits genannte Lehrabschlusspr\u00fcfung. Hier konnten die Teilnehmer in einer Einsatz\u00fcbung unter realistischen Bedingungen ihr in den letzten Monaten gewonnenes Wissen anwenden.<\/p>\n<p>Simuliert wurde u.a. der Brand eines mehrst\u00f6ckigen Geb\u00e4udes sowie die Menschenrettung mittels Steckleiter.<\/p>\n<p>Wir gratulieren allen Absolvent*innen des diesj\u00e4hrigen Lehrgangs zum erfolgreichen Bestehen und w\u00fcnschen ihnen f\u00fcr ihren weiteren aktiven Dienst viel Erfolg. Ein weiterer Dank geht an das Ausbilderteam f\u00fcr die geleistete Arbeit.<\/p>\n\n<div class=\"ngg-galleryoverview\" id=\"ngg-gallery-508-13108\">\n\n\t<!-- Slideshow link -->\n\t<div class=\"slideshowlink\">\n\t\t<a class=\"slideshowlink\" href=\"https:\/\/feuerwehr-vglambrecht.de\/cms\/2024\/10\/28\/truppmann-teil-2-ausbildung-der-vg-erfolgreich-abgeschlossen-2\/nggallery\/slideshow\">\n\t\t\t[Show as slideshow]\t\t<\/a>\n\t<\/div>\n\n\t\n\t<!-- Thumbnails -->\n\t\t\n\t<div id=\"ngg-image-2912\" class=\"ngg-gallery-thumbnail-box\"  >\n\t\t<div class=\"ngg-gallery-thumbnail\" >\n\t\t\t<a href=\"https:\/\/feuerwehr-vglambrecht.de\/cms\/wp-content\/gallery\/tmt2_1\/img_0376.jpg\" title=\" \" class=\"shutterset_set_508\" >\n\t\t\t\t\t\t\t\t<img loading=\"lazy\" decoding=\"async\" title=\"img_0376\" alt=\"img_0376\" src=\"https:\/\/feuerwehr-vglambrecht.de\/cms\/wp-content\/gallery\/tmt2_1\/thumbs\/thumbs_img_0376.jpg\" width=\"100\" height=\"75\" \/>\n\t\t\t\t\t\t\t<\/a>\n\t\t<\/div>\n\t<\/div>\n\t\n\t\t\n \t\t\n\t<div id=\"ngg-image-2913\" class=\"ngg-gallery-thumbnail-box\"  >\n\t\t<div class=\"ngg-gallery-thumbnail\" >\n\t\t\t<a href=\"https:\/\/feuerwehr-vglambrecht.de\/cms\/wp-content\/gallery\/tmt2_1\/img_0377.jpg\" title=\" \" class=\"shutterset_set_508\" >\n\t\t\t\t\t\t\t\t<img loading=\"lazy\" decoding=\"async\" title=\"img_0377\" alt=\"img_0377\" src=\"https:\/\/feuerwehr-vglambrecht.de\/cms\/wp-content\/gallery\/tmt2_1\/thumbs\/thumbs_img_0377.jpg\" width=\"100\" height=\"75\" \/>\n\t\t\t\t\t\t\t<\/a>\n\t\t<\/div>\n\t<\/div>\n\t\n\t\t\n \t\t\n\t<div id=\"ngg-image-2914\" class=\"ngg-gallery-thumbnail-box\"  >\n\t\t<div class=\"ngg-gallery-thumbnail\" >\n\t\t\t<a href=\"https:\/\/feuerwehr-vglambrecht.de\/cms\/wp-content\/gallery\/tmt2_1\/img_0378.jpg\" title=\" \" class=\"shutterset_set_508\" >\n\t\t\t\t\t\t\t\t<img loading=\"lazy\" decoding=\"async\" title=\"img_0378\" alt=\"img_0378\" src=\"https:\/\/feuerwehr-vglambrecht.de\/cms\/wp-content\/gallery\/tmt2_1\/thumbs\/thumbs_img_0378.jpg\" width=\"100\" height=\"75\" \/>\n\t\t\t\t\t\t\t<\/a>\n\t\t<\/div>\n\t<\/div>\n\t\n\t\t\n \t\t\n\t<div id=\"ngg-image-2915\" class=\"ngg-gallery-thumbnail-box\"  >\n\t\t<div class=\"ngg-gallery-thumbnail\" >\n\t\t\t<a href=\"https:\/\/feuerwehr-vglambrecht.de\/cms\/wp-content\/gallery\/tmt2_1\/img_0379.jpg\" title=\" \" class=\"shutterset_set_508\" >\n\t\t\t\t\t\t\t\t<img loading=\"lazy\" decoding=\"async\" title=\"img_0379\" alt=\"img_0379\" src=\"https:\/\/feuerwehr-vglambrecht.de\/cms\/wp-content\/gallery\/tmt2_1\/thumbs\/thumbs_img_0379.jpg\" width=\"100\" height=\"75\" \/>\n\t\t\t\t\t\t\t<\/a>\n\t\t<\/div>\n\t<\/div>\n\t\n\t\t\n \t\t\n\t<div id=\"ngg-image-2916\" class=\"ngg-gallery-thumbnail-box\"  >\n\t\t<div class=\"ngg-gallery-thumbnail\" >\n\t\t\t<a href=\"https:\/\/feuerwehr-vglambrecht.de\/cms\/wp-content\/gallery\/tmt2_1\/img_0458.jpg\" title=\" \" class=\"shutterset_set_508\" >\n\t\t\t\t\t\t\t\t<img loading=\"lazy\" decoding=\"async\" title=\"img_0458\" alt=\"img_0458\" src=\"https:\/\/feuerwehr-vglambrecht.de\/cms\/wp-content\/gallery\/tmt2_1\/thumbs\/thumbs_img_0458.jpg\" width=\"100\" height=\"75\" \/>\n\t\t\t\t\t\t\t<\/a>\n\t\t<\/div>\n\t<\/div>\n\t\n\t\t\n \t\t\n\t<div id=\"ngg-image-2917\" class=\"ngg-gallery-thumbnail-box\"  >\n\t\t<div class=\"ngg-gallery-thumbnail\" >\n\t\t\t<a href=\"https:\/\/feuerwehr-vglambrecht.de\/cms\/wp-content\/gallery\/tmt2_1\/img_0459.jpg\" title=\" \" class=\"shutterset_set_508\" >\n\t\t\t\t\t\t\t\t<img loading=\"lazy\" decoding=\"async\" title=\"img_0459\" alt=\"img_0459\" src=\"https:\/\/feuerwehr-vglambrecht.de\/cms\/wp-content\/gallery\/tmt2_1\/thumbs\/thumbs_img_0459.jpg\" width=\"100\" height=\"75\" \/>\n\t\t\t\t\t\t\t<\/a>\n\t\t<\/div>\n\t<\/div>\n\t\n\t\t\n \t\t\n\t<div id=\"ngg-image-2918\" class=\"ngg-gallery-thumbnail-box\"  >\n\t\t<div class=\"ngg-gallery-thumbnail\" >\n\t\t\t<a href=\"https:\/\/feuerwehr-vglambrecht.de\/cms\/wp-content\/gallery\/tmt2_1\/img_0460.jpg\" title=\" \" class=\"shutterset_set_508\" >\n\t\t\t\t\t\t\t\t<img loading=\"lazy\" decoding=\"async\" title=\"img_0460\" alt=\"img_0460\" src=\"https:\/\/feuerwehr-vglambrecht.de\/cms\/wp-content\/gallery\/tmt2_1\/thumbs\/thumbs_img_0460.jpg\" width=\"100\" height=\"75\" \/>\n\t\t\t\t\t\t\t<\/a>\n\t\t<\/div>\n\t<\/div>\n\t\n\t\t\n \t\t\n\t<div id=\"ngg-image-2919\" class=\"ngg-gallery-thumbnail-box\"  >\n\t\t<div class=\"ngg-gallery-thumbnail\" >\n\t\t\t<a href=\"https:\/\/feuerwehr-vglambrecht.de\/cms\/wp-content\/gallery\/tmt2_1\/img_0461.jpg\" title=\" \" class=\"shutterset_set_508\" >\n\t\t\t\t\t\t\t\t<img loading=\"lazy\" decoding=\"async\" title=\"img_0461\" alt=\"img_0461\" src=\"https:\/\/feuerwehr-vglambrecht.de\/cms\/wp-content\/gallery\/tmt2_1\/thumbs\/thumbs_img_0461.jpg\" width=\"100\" height=\"75\" \/>\n\t\t\t\t\t\t\t<\/a>\n\t\t<\/div>\n\t<\/div>\n\t\n\t\t\n \t \t\n\t<!-- Pagination -->\n \t<div class='ngg-clear'><\/div>\n \t\n<\/div>\n\n\n","protected":false},"excerpt":{"rendered":"<p>Am 14. September 2024 begann der diesj\u00e4hrige Truppmann Teil 2 Abschlusslehrgang der Feuerwehren der VG Lambrecht (Pfalz) und endete am 11. Oktober mit der erfolgreichen Abschlusspr\u00fcfung f\u00fcr die f\u00fcnf Kamerad*innen.<\/p>\n","protected":false},"author":17,"featured_media":13109,"comment_status":"closed","ping_status":"closed","sticky":false,"template":"","format":"standard","meta":{"footnotes":""},"categories":[1],"tags":[301,383,373],"class_list":["post-13108","post","type-post","status-publish","format-standard","has-post-thumbnail","hentry","category-allgemein","tag-teamwork","tag-feuerwehrvglambrecht","tag-immerda"],"better_featured_image":{"id":13109,"alt_text":"","caption":"","description":"","media_type":"image","media_details":{"width":1600,"height":1200,"file":"2024\/10\/TmT2-1.jpg","filesize":391338,"sizes":{"medium_large":{"file":"TmT2-1-768x576.jpg","width":768,"height":576,"mime-type":"image\/jpeg","filesize":115785,"source_url":"https:\/\/feuerwehr-vglambrecht.de\/cms\/wp-content\/uploads\/2024\/10\/TmT2-1-768x576.jpg"},"1536x1536":{"file":"TmT2-1-1536x1152.jpg","width":1536,"height":1152,"mime-type":"image\/jpeg","filesize":402233,"source_url":"https:\/\/feuerwehr-vglambrecht.de\/cms\/wp-content\/uploads\/2024\/10\/TmT2-1-1536x1152.jpg"},"wptouch-new-thumbnail":{"file":"TmT2-1-144x144.jpg","width":144,"height":144,"mime-type":"image\/jpeg","filesize":7443,"source_url":"https:\/\/feuerwehr-vglambrecht.de\/cms\/wp-content\/uploads\/2024\/10\/TmT2-1-144x144.jpg"},"landing_image":{"file":"TmT2-1-1024x460.jpg","width":1024,"height":460,"mime-type":"image\/jpeg","filesize":121073,"source_url":"https:\/\/feuerwehr-vglambrecht.de\/cms\/wp-content\/uploads\/2024\/10\/TmT2-1-1024x460.jpg"},"thumbnail":{"file":"TmT2-1-150x150.jpg","width":150,"height":150,"source_url":"https:\/\/feuerwehr-vglambrecht.de\/cms\/wp-content\/uploads\/2024\/10\/TmT2-1-150x150.jpg"},"medium":{"file":"TmT2-1-300x225.jpg","width":300,"height":225,"source_url":"https:\/\/feuerwehr-vglambrecht.de\/cms\/wp-content\/uploads\/2024\/10\/TmT2-1-300x225.jpg"},"large":{"file":"TmT2-1-1024x768.jpg","width":1024,"height":768,"source_url":"https:\/\/feuerwehr-vglambrecht.de\/cms\/wp-content\/uploads\/2024\/10\/TmT2-1-1024x768.jpg"}},"image_meta":{"aperture":"0","credit":"","camera":"","caption":"","created_timestamp":"0","copyright":"","focal_length":"0","iso":"0","shutter_speed":"0","title":"","orientation":"0","keywords":[]},"image-converter":{"thumbnail":"IME","medium":"IME","large":"IME"}},"post":13108,"source_url":"https:\/\/feuerwehr-vglambrecht.de\/cms\/wp-content\/uploads\/2024\/10\/TmT2-1.jpg"},"_links":{"self":[{"href":"https:\/\/feuerwehr-vglambrecht.de\/cms\/wp-json\/wp\/v2\/posts\/13108","targetHints":{"allow":["GET"]}}],"collection":[{"href":"https:\/\/feuerwehr-vglambrecht.de\/cms\/wp-json\/wp\/v2\/posts"}],"about":[{"href":"https:\/\/feuerwehr-vglambrecht.de\/cms\/wp-json\/wp\/v2\/types\/post"}],"author":[{"embeddable":true,"href":"https:\/\/feuerwehr-vglambrecht.de\/cms\/wp-json\/wp\/v2\/users\/17"}],"replies":[{"embeddable":true,"href":"https:\/\/feuerwehr-vglambrecht.de\/cms\/wp-json\/wp\/v2\/comments?post=13108"}],"version-history":[{"count":2,"href":"https:\/\/feuerwehr-vglambrecht.de\/cms\/wp-json\/wp\/v2\/posts\/13108\/revisions"}],"predecessor-version":[{"id":13111,"href":"https:\/\/feuerwehr-vglambrecht.de\/cms\/wp-json\/wp\/v2\/posts\/13108\/revisions\/13111"}],"wp:featuredmedia":[{"embeddable":true,"href":"https:\/\/feuerwehr-vglambrecht.de\/cms\/wp-json\/wp\/v2\/media\/13109"}],"wp:attachment":[{"href":"https:\/\/feuerwehr-vglambrecht.de\/cms\/wp-json\/wp\/v2\/media?parent=13108"}],"wp:term":[{"taxonomy":"category","embeddable":true,"href":"https:\/\/feuerwehr-vglambrecht.de\/cms\/wp-json\/wp\/v2\/categories?post=13108"},{"taxonomy":"post_tag","embeddable":true,"href":"https:\/\/feuerwehr-vglambrecht.de\/cms\/wp-json\/wp\/v2\/tags?post=13108"}],"curies":[{"name":"wp","href":"https:\/\/api.w.org\/{rel}","templated":true}]}}