{"id":13094,"date":"2024-10-21T18:17:19","date_gmt":"2024-10-21T16:17:19","guid":{"rendered":"https:\/\/feuerwehr-vglambrecht.de\/cms\/?p=13094"},"modified":"2024-10-21T18:35:56","modified_gmt":"2024-10-21T16:35:56","slug":"erfolgreiche-teilnahme-der-feuerwehr-vg-lambrecht-am-2-oberstdorfer-schanzenlauf","status":"publish","type":"post","link":"https:\/\/feuerwehr-vglambrecht.de\/cms\/2024\/10\/21\/erfolgreiche-teilnahme-der-feuerwehr-vg-lambrecht-am-2-oberstdorfer-schanzenlauf\/","title":{"rendered":"Erfolgreiche Teilnahme der Feuerwehr VG Lambrecht am 2. Oberstdorfer Schanzenlauf"},"content":{"rendered":"<p>Fast etwas sprachlos haben uns die hervorragenden Leistungen unserer Teilnehmer am 2. Oberstdorfer Schanzenlauf am Samstag, den 19.10.2024 auf der Heini-Klopfer-Skiflugschanze gemacht: Mit einer Top-10 Platzierung, drei von vier Teams unter den ersten 35 in der Kategorie ohne angeschlossenen Pressluftatmer und einer immer noch sehr starken Platzierung im Mittelfeld der K\u00f6nigsdisziplin (mit angeschlossenem Pressluftatmer) hatten wir, bei einem Starterfeld von rund 600 Teilnehmern aus ganz Deutschland, nicht gerechnet.<!--more--><\/p>\n<p>F\u00fcr Sascha K\u00f6ppler und Dominik L\u00f6sch, einem seit Jahren gemeinsam bei solchen Events startenden Team, hatte es schon etwas von nach Hause kommen: Die beiden Kameraden stellten sich der Herausforderung der \u00fcber 1000 Stufen mit 162 H\u00f6henmetern Unterschied auf einer Strecke von gerade mal 412 Metern L\u00e4nge nicht zum ersten Mal und mit angeschlossenem Atemschutzger\u00e4t. Das aus dem Lambrechter K\u00f6ppler und Neustadter L\u00f6sch bestehende &#8222;Team Pfalz&#8220; erreichte in der Gesamtwertung Rang 138, in ihrer Altersklasse sogar den &#8211; aufgrund der Nummer &#8211; passenden 112. Platz. Die Newcomer des Events, die beiden Elmsteiner Kameraden Dominik Riedel und Moritz M\u00e9mier &#8211; beide mit Mut zur L\u00fccke in der Vorbereitung, umso beeindruckender ihre Platzierung &#8211; kamen in ihrer Altersklasse &#8222;Burschen&#8220;auf Platz 31, im Gesamtklassement belegten sie Rang 53. Mit vieren, die loszogen, um am Ende in den Top 20 der Gesamtrangliste zu landen, ging es weiter: Julian Schlutt und Lucas Schuster bliesen in der Kategorie &#8222;ohne Pressluftatmer&#8220;, bei der die rund 25kg schwere Atemschutzausr\u00fcstung zwar nicht &#8222;angeschnauft&#8220; wird, aber immer noch die extrem steile Strecke mit zunehmenden Stufenma\u00dfen hinauf getragen werden muss, mit ihrem Platz 11 bei den Burschen zum Angriff auf die Spitze. Mit einer Zeit von 16:33,7 Minuten sicherten sie sich sogar Rang 16 im Team &#8222;Wildsaukopf&#8220; (eine Hommage an den verhassten Trainigsaufstieg zur sch\u00f6nen Aussicht \u00fcber Lambrecht) unter allen Startern. Was Schlutts ebenfalls an dem Tag startender, j\u00fcngerer Bruder Florian und unser erfahrener Ausdauersportler Daniel Zimmermann mit dem Team &#8222;Die Wanderer&#8220; ablieferten, l\u00e4sst sich nur als absolute Spitzenklasse bezeichnen. Mit gerade mal 1:22 Minuten R\u00fcckstand auf Platz eins erklommen die Zwei ganz im Gegensatz zu ihrem gem\u00fctlich anmutenden Teamnamen Platz 8 in der Gesamtwertung, in ihrer Altersklasse der &#8222;Burschen&#8220; reichte es sogar f\u00fcr Platz 6 ohne Pressluftatmer! Unsere Teilnehmer waren sich einig, dieses tolle Event nicht zum letzten Mal besucht zu haben und freuen sich bereits auf die n\u00e4chste Saison der Feuerwehrsport-Veranstaltungen.<\/p>\n<p>Wir begl\u00fcckw\u00fcnschen alle unsere Starter der Feuerwehr VG Lambrecht f\u00fcr ihre super Ergebnisse und freuen uns auf weitere, tolle Neuigkeiten von euch!<\/p>\n\n<div class=\"ngg-galleryoverview\" id=\"ngg-gallery-507-13094\">\n\n\t<!-- Slideshow link -->\n\t<div class=\"slideshowlink\">\n\t\t<a class=\"slideshowlink\" href=\"https:\/\/feuerwehr-vglambrecht.de\/cms\/2024\/10\/21\/erfolgreiche-teilnahme-der-feuerwehr-vg-lambrecht-am-2-oberstdorfer-schanzenlauf\/nggallery\/slideshow\">\n\t\t\t[Show as slideshow]\t\t<\/a>\n\t<\/div>\n\n\t\n\t<!-- Thumbnails -->\n\t\t\n\t<div id=\"ngg-image-2892\" class=\"ngg-gallery-thumbnail-box\"  >\n\t\t<div class=\"ngg-gallery-thumbnail\" >\n\t\t\t<a href=\"https:\/\/feuerwehr-vglambrecht.de\/cms\/wp-content\/gallery\/oberstdorfer-schanzenlauf-2024\/325g5p3-schanzenlauf-2024.jpg\" title=\"Mother of all Belastungstests\" class=\"shutterset_set_507\" >\n\t\t\t\t\t\t\t\t<img loading=\"lazy\" decoding=\"async\" title=\"Heini-Klopfer-Skiflugschanze\" alt=\"Heini-Klopfer-Skiflugschanze\" src=\"https:\/\/feuerwehr-vglambrecht.de\/cms\/wp-content\/gallery\/oberstdorfer-schanzenlauf-2024\/thumbs\/thumbs_325g5p3-schanzenlauf-2024.jpg\" width=\"100\" height=\"75\" \/>\n\t\t\t\t\t\t\t<\/a>\n\t\t<\/div>\n\t<\/div>\n\t\n\t\t\n \t\t\n\t<div id=\"ngg-image-2893\" class=\"ngg-gallery-thumbnail-box\"  >\n\t\t<div class=\"ngg-gallery-thumbnail\" >\n\t\t\t<a href=\"https:\/\/feuerwehr-vglambrecht.de\/cms\/wp-content\/gallery\/oberstdorfer-schanzenlauf-2024\/whatsapp-image-2024-10-19-at-16-40-34.jpg\" title=\"Was? DA RAUF?\" class=\"shutterset_set_507\" >\n\t\t\t\t\t\t\t\t<img loading=\"lazy\" decoding=\"async\" title=\"Start-Ziel-Ansicht unten\" alt=\"Start-Ziel-Ansicht unten\" src=\"https:\/\/feuerwehr-vglambrecht.de\/cms\/wp-content\/gallery\/oberstdorfer-schanzenlauf-2024\/thumbs\/thumbs_whatsapp-image-2024-10-19-at-16-40-34.jpg\" width=\"100\" height=\"75\" \/>\n\t\t\t\t\t\t\t<\/a>\n\t\t<\/div>\n\t<\/div>\n\t\n\t\t\n \t\t\n\t<div id=\"ngg-image-2894\" class=\"ngg-gallery-thumbnail-box\"  >\n\t\t<div class=\"ngg-gallery-thumbnail\" >\n\t\t\t<a href=\"https:\/\/feuerwehr-vglambrecht.de\/cms\/wp-content\/gallery\/oberstdorfer-schanzenlauf-2024\/whatsapp-image-2024-10-19-at-17-14-06.jpg\" title=\"Startklar vor dem &quot;Anschnaufen&quot;, L\u00f6sch\/K\u00f6ppler\" class=\"shutterset_set_507\" >\n\t\t\t\t\t\t\t\t<img loading=\"lazy\" decoding=\"async\" title=\"L\u00f6sch\/K\u00f6ppler\" alt=\"L\u00f6sch\/K\u00f6ppler\" src=\"https:\/\/feuerwehr-vglambrecht.de\/cms\/wp-content\/gallery\/oberstdorfer-schanzenlauf-2024\/thumbs\/thumbs_whatsapp-image-2024-10-19-at-17-14-06.jpg\" width=\"100\" height=\"75\" \/>\n\t\t\t\t\t\t\t<\/a>\n\t\t<\/div>\n\t<\/div>\n\t\n\t\t\n \t\t\n\t<div id=\"ngg-image-2896\" class=\"ngg-gallery-thumbnail-box\"  >\n\t\t<div class=\"ngg-gallery-thumbnail\" >\n\t\t\t<a href=\"https:\/\/feuerwehr-vglambrecht.de\/cms\/wp-content\/gallery\/oberstdorfer-schanzenlauf-2024\/whatsapp-image-2024-10-21-at-08-56-27-3.jpg\" title=\"Die Wanderer, Schlutt F. (v)\/Zimmermann\" class=\"shutterset_set_507\" >\n\t\t\t\t\t\t\t\t<img loading=\"lazy\" decoding=\"async\" title=\"Schlutt(v)\/Zimmermann(h)\" alt=\"Schlutt(v)\/Zimmermann(h)\" src=\"https:\/\/feuerwehr-vglambrecht.de\/cms\/wp-content\/gallery\/oberstdorfer-schanzenlauf-2024\/thumbs\/thumbs_whatsapp-image-2024-10-21-at-08-56-27-3.jpg\" width=\"100\" height=\"75\" \/>\n\t\t\t\t\t\t\t<\/a>\n\t\t<\/div>\n\t<\/div>\n\t\n\t\t\n \t\t\n\t<div id=\"ngg-image-2898\" class=\"ngg-gallery-thumbnail-box\"  >\n\t\t<div class=\"ngg-gallery-thumbnail\" >\n\t\t\t<a href=\"https:\/\/feuerwehr-vglambrecht.de\/cms\/wp-content\/gallery\/oberstdorfer-schanzenlauf-2024\/whatsapp-image-2024-10-21-at-09-57-02-9.jpg\" title=\"&quot;Ich bin dein Vater&quot; *hierschnaufger\u00e4uscheinf\u00fcgen*\" class=\"shutterset_set_507\" >\n\t\t\t\t\t\t\t\t<img loading=\"lazy\" decoding=\"async\" title=\"K\u00f6ppler\/L\u00f6sch\" alt=\"K\u00f6ppler\/L\u00f6sch\" src=\"https:\/\/feuerwehr-vglambrecht.de\/cms\/wp-content\/gallery\/oberstdorfer-schanzenlauf-2024\/thumbs\/thumbs_whatsapp-image-2024-10-21-at-09-57-02-9.jpg\" width=\"100\" height=\"75\" \/>\n\t\t\t\t\t\t\t<\/a>\n\t\t<\/div>\n\t<\/div>\n\t\n\t\t\n \t\t\n\t<div id=\"ngg-image-2895\" class=\"ngg-gallery-thumbnail-box\"  >\n\t\t<div class=\"ngg-gallery-thumbnail\" >\n\t\t\t<a href=\"https:\/\/feuerwehr-vglambrecht.de\/cms\/wp-content\/gallery\/oberstdorfer-schanzenlauf-2024\/whatsapp-image-2024-10-21-at-08-56-26.jpg\" title=\"Schlutt F., Zimmermann, Schlutt J., Schuster\" class=\"shutterset_set_507\" >\n\t\t\t\t\t\t\t\t<img loading=\"lazy\" decoding=\"async\" title=\"Schlutt F., Zimmermann, Schlutt J., Schuster\" alt=\"Schlutt F., Zimmermann, Schlutt J., Schuster\" src=\"https:\/\/feuerwehr-vglambrecht.de\/cms\/wp-content\/gallery\/oberstdorfer-schanzenlauf-2024\/thumbs\/thumbs_whatsapp-image-2024-10-21-at-08-56-26.jpg\" width=\"100\" height=\"75\" \/>\n\t\t\t\t\t\t\t<\/a>\n\t\t<\/div>\n\t<\/div>\n\t\n\t\t\n \t\t\n\t<div id=\"ngg-image-2900\" class=\"ngg-gallery-thumbnail-box\"  >\n\t\t<div class=\"ngg-gallery-thumbnail\" >\n\t\t\t<a href=\"https:\/\/feuerwehr-vglambrecht.de\/cms\/wp-content\/gallery\/oberstdorfer-schanzenlauf-2024\/whatsapp-image-2024-10-21-at-18-29-10.jpg\" title=\"M\u00e9mier\/Riedel\" class=\"shutterset_set_507\" >\n\t\t\t\t\t\t\t\t<img loading=\"lazy\" decoding=\"async\" title=\"M\u00e9mier\/Riedel\" alt=\"M\u00e9mier\/Riedel\" src=\"https:\/\/feuerwehr-vglambrecht.de\/cms\/wp-content\/gallery\/oberstdorfer-schanzenlauf-2024\/thumbs\/thumbs_whatsapp-image-2024-10-21-at-18-29-10.jpg\" width=\"100\" height=\"75\" \/>\n\t\t\t\t\t\t\t<\/a>\n\t\t<\/div>\n\t<\/div>\n\t\n\t\t\n \t\t\n\t<div id=\"ngg-image-2897\" class=\"ngg-gallery-thumbnail-box\"  >\n\t\t<div class=\"ngg-gallery-thumbnail\" >\n\t\t\t<a href=\"https:\/\/feuerwehr-vglambrecht.de\/cms\/wp-content\/gallery\/oberstdorfer-schanzenlauf-2024\/whatsapp-image-2024-10-21-at-08-56-27.jpg\" title=\"L\u00f6sch\/K\u00f6ppler\" class=\"shutterset_set_507\" >\n\t\t\t\t\t\t\t\t<img loading=\"lazy\" decoding=\"async\" title=\"L\u00f6sch\/K\u00f6ppler\" alt=\"L\u00f6sch\/K\u00f6ppler\" src=\"https:\/\/feuerwehr-vglambrecht.de\/cms\/wp-content\/gallery\/oberstdorfer-schanzenlauf-2024\/thumbs\/thumbs_whatsapp-image-2024-10-21-at-08-56-27.jpg\" width=\"100\" height=\"75\" \/>\n\t\t\t\t\t\t\t<\/a>\n\t\t<\/div>\n\t<\/div>\n\t\n\t\t\n \t \t\n\t<!-- Pagination -->\n \t<div class='ngg-clear'><\/div>\n \t\n<\/div>\n\n\n<p>&nbsp;<\/p>\n","protected":false},"excerpt":{"rendered":"<p>Fast etwas sprachlos haben uns die hervorragenden Leistungen unserer Teilnehmer am 2. Oberstdorfer Schanzenlauf am Samstag, den 19.10.2024 auf der Heini-Klopfer-Skiflugschanze gemacht: Mit einer Top-10 Platzierung, drei von vier Teams unter den ersten 35 in der Kategorie ohne angeschlossenen Pressluftatmer und einer immer noch sehr starken Platzierung im Mittelfeld der K\u00f6nigsdisziplin (mit angeschlossenem Pressluftatmer) hatten wir, bei einem Starterfeld von rund 600 Teilnehmern aus ganz Deutschland, nicht gerechnet.<\/p>\n","protected":false},"author":22,"featured_media":13097,"comment_status":"closed","ping_status":"closed","sticky":false,"template":"","format":"standard","meta":{"footnotes":""},"categories":[1,241],"tags":[295,388,383,373,386,398],"class_list":["post-13094","post","type-post","status-publish","format-standard","has-post-thumbnail","hentry","category-allgemein","category-feuerwehrsportgruppe","tag-fitforfirefighting","tag-ehrenamt","tag-feuerwehrvglambrecht","tag-immerda","tag-retterherzen","tag-wirfuereuch"],"better_featured_image":{"id":13097,"alt_text":"","caption":"","description":"","media_type":"image","media_details":{"width":1400,"height":788,"file":"2024\/10\/325g5p3.schanzenlauf-2024.jpg","filesize":298345,"sizes":{"medium_large":{"file":"325g5p3.schanzenlauf-2024-768x432.jpg","width":768,"height":432,"mime-type":"image\/jpeg","filesize":67412,"source_url":"https:\/\/feuerwehr-vglambrecht.de\/cms\/wp-content\/uploads\/2024\/10\/325g5p3.schanzenlauf-2024-768x432.jpg"},"wptouch-new-thumbnail":{"file":"325g5p3.schanzenlauf-2024-144x144.jpg","width":144,"height":144,"mime-type":"image\/jpeg","filesize":6584,"source_url":"https:\/\/feuerwehr-vglambrecht.de\/cms\/wp-content\/uploads\/2024\/10\/325g5p3.schanzenlauf-2024-144x144.jpg"},"landing_image":{"file":"325g5p3.schanzenlauf-2024-1024x460.jpg","width":1024,"height":460,"mime-type":"image\/jpeg","filesize":91369,"source_url":"https:\/\/feuerwehr-vglambrecht.de\/cms\/wp-content\/uploads\/2024\/10\/325g5p3.schanzenlauf-2024-1024x460.jpg"},"thumbnail":{"file":"325g5p3.schanzenlauf-2024-150x150.jpg","width":150,"height":150,"source_url":"https:\/\/feuerwehr-vglambrecht.de\/cms\/wp-content\/uploads\/2024\/10\/325g5p3.schanzenlauf-2024-150x150.jpg"},"medium":{"file":"325g5p3.schanzenlauf-2024-300x169.jpg","width":300,"height":169,"source_url":"https:\/\/feuerwehr-vglambrecht.de\/cms\/wp-content\/uploads\/2024\/10\/325g5p3.schanzenlauf-2024-300x169.jpg"},"large":{"file":"325g5p3.schanzenlauf-2024-1024x576.jpg","width":1024,"height":576,"source_url":"https:\/\/feuerwehr-vglambrecht.de\/cms\/wp-content\/uploads\/2024\/10\/325g5p3.schanzenlauf-2024-1024x576.jpg"}},"image_meta":{"aperture":"0","credit":"","camera":"","caption":"","created_timestamp":"0","copyright":"","focal_length":"0","iso":"0","shutter_speed":"0","title":"","orientation":"0","keywords":[]},"image-converter":{"thumbnail":"IME","medium":"IME","large":"IME"}},"post":13094,"source_url":"https:\/\/feuerwehr-vglambrecht.de\/cms\/wp-content\/uploads\/2024\/10\/325g5p3.schanzenlauf-2024.jpg"},"_links":{"self":[{"href":"https:\/\/feuerwehr-vglambrecht.de\/cms\/wp-json\/wp\/v2\/posts\/13094","targetHints":{"allow":["GET"]}}],"collection":[{"href":"https:\/\/feuerwehr-vglambrecht.de\/cms\/wp-json\/wp\/v2\/posts"}],"about":[{"href":"https:\/\/feuerwehr-vglambrecht.de\/cms\/wp-json\/wp\/v2\/types\/post"}],"author":[{"embeddable":true,"href":"https:\/\/feuerwehr-vglambrecht.de\/cms\/wp-json\/wp\/v2\/users\/22"}],"replies":[{"embeddable":true,"href":"https:\/\/feuerwehr-vglambrecht.de\/cms\/wp-json\/wp\/v2\/comments?post=13094"}],"version-history":[{"count":5,"href":"https:\/\/feuerwehr-vglambrecht.de\/cms\/wp-json\/wp\/v2\/posts\/13094\/revisions"}],"predecessor-version":[{"id":13099,"href":"https:\/\/feuerwehr-vglambrecht.de\/cms\/wp-json\/wp\/v2\/posts\/13094\/revisions\/13099"}],"wp:featuredmedia":[{"embeddable":true,"href":"https:\/\/feuerwehr-vglambrecht.de\/cms\/wp-json\/wp\/v2\/media\/13097"}],"wp:attachment":[{"href":"https:\/\/feuerwehr-vglambrecht.de\/cms\/wp-json\/wp\/v2\/media?parent=13094"}],"wp:term":[{"taxonomy":"category","embeddable":true,"href":"https:\/\/feuerwehr-vglambrecht.de\/cms\/wp-json\/wp\/v2\/categories?post=13094"},{"taxonomy":"post_tag","embeddable":true,"href":"https:\/\/feuerwehr-vglambrecht.de\/cms\/wp-json\/wp\/v2\/tags?post=13094"}],"curies":[{"name":"wp","href":"https:\/\/api.w.org\/{rel}","templated":true}]}}