{"id":13031,"date":"2024-09-30T14:37:04","date_gmt":"2024-09-30T12:37:04","guid":{"rendered":"https:\/\/feuerwehr-vglambrecht.de\/cms\/?p=13031"},"modified":"2024-10-09T19:48:55","modified_gmt":"2024-10-09T17:48:55","slug":"golive-der-first-responder-einheit-esthal","status":"publish","type":"post","link":"https:\/\/feuerwehr-vglambrecht.de\/cms\/2024\/09\/30\/golive-der-first-responder-einheit-esthal\/","title":{"rendered":"GoLive der First Responder Einheit Esthal"},"content":{"rendered":"<div class=\"html-div xdj266r x11i5rnm xat24cr x1mh8g0r xexx8yu x4uap5 x18d9i69 xkhd6sd\" dir=\"auto\">\n<div id=\":rl:\" class=\"x1l90r2v x1pi30zi x1swvt13 x1iorvi4\" data-ad-comet-preview=\"message\" data-ad-preview=\"message\">\n<div class=\"x78zum5 xdt5ytf xz62fqu x16ldp7u\">\n<div class=\"xu06os2 x1ok221b\">\n<div class=\"xdj266r x11i5rnm xat24cr x1mh8g0r x1vvkbs x126k92a\">\n<div dir=\"auto\">Am 1. Oktober 2024 wird die First Responder Einheit Esthal offiziell ins Leben gerufen und meldet somit der Integrierten Leitststelle Ludwigshafen, den Status &#8222;2 &#8211; einsatzbereit&#8220;.<\/div>\n<div dir=\"auto\"><\/div>\n<\/div>\n<div class=\"x11i5rnm xat24cr x1mh8g0r x1vvkbs xtlvy1s x126k92a\">\n<div dir=\"auto\">Diese Initiative stellt einen bedeutenden Fortschritt in der Notfallversorgung dar, indem sie qualifizierte Ersthelfer mobilisiert, die im Notfall schnell reagieren k\u00f6nnen. First Responder sind ehrenamtliche Helfer der Feuerwehreinheit Esthal, die eine spezielle Ausbildung durchlaufen haben, um lebensrettende Ma\u00dfnahmen zu ergreifen und somit die Zeit bis zum Eintreffen professioneller Rettungskr\u00e4fte zu \u00fcberbr\u00fccken.<\/div>\n<div dir=\"auto\"><\/div>\n<p><!--more--><\/p>\n<\/div>\n<div class=\"x11i5rnm xat24cr x1mh8g0r x1vvkbs xtlvy1s x126k92a\">\n<div dir=\"auto\">Die Rolle der First Responder ist besonders wichtig, da sie in der kritischen Phase zwischen dem Auftreten eines medizinischen Notfalls und der Ankunft des Rettungsdienstes eingreifen k\u00f6nnen. Dieser Zeitraum, auch als therapiefreies Intervall bezeichnet, kann entscheidend f\u00fcr die \u00dcberlebensrate der Betroffenen sein.<\/div>\n<div dir=\"auto\"><\/div>\n<\/div>\n<div class=\"x11i5rnm xat24cr x1mh8g0r x1vvkbs xtlvy1s x126k92a\">\n<div dir=\"auto\">Die Mitglieder der Einheit werden regelm\u00e4\u00dfig geschult und weitergebildet. Die First Responder Einheit Esthal wird somit zur Sicherheit und dem Wohlbefinden der B\u00fcrger beitragen.<\/div>\n<\/div>\n<div class=\"x11i5rnm xat24cr x1mh8g0r x1vvkbs xtlvy1s x126k92a\">\n<div dir=\"auto\">Die Bev\u00f6lkerung wird ermutigt, sich \u00fcber die Arbeit der First Responder zu informieren und sie zu unterst\u00fctzen, sei es durch ehrenamtliches Engagement, Spenden oder durch die Teilnahme an Informationsveranstaltungen.<\/div>\n<div dir=\"auto\"><\/div>\n<div dir=\"auto\">Spenden k\u00f6nnen Sie an DE05 5479 0000 0000 6051 90 (F\u00f6rderverein der Freiwilligen Feuerwehr Esthal, Kennwort: First Responder)<\/div>\n<div dir=\"auto\"><\/div>\n<\/div>\n<div dir=\"auto\">\n<div class=\"ngg-galleryoverview\" id=\"ngg-gallery-503-13031\">\n\n\t<!-- Slideshow link -->\n\t<div class=\"slideshowlink\">\n\t\t<a class=\"slideshowlink\" href=\"https:\/\/feuerwehr-vglambrecht.de\/cms\/2024\/09\/30\/golive-der-first-responder-einheit-esthal\/nggallery\/slideshow\">\n\t\t\t[Show as slideshow]\t\t<\/a>\n\t<\/div>\n\n\t\n\t<!-- Thumbnails -->\n\t\t\n\t<div id=\"ngg-image-2880\" class=\"ngg-gallery-thumbnail-box\"  >\n\t\t<div class=\"ngg-gallery-thumbnail\" >\n\t\t\t<a href=\"https:\/\/feuerwehr-vglambrecht.de\/cms\/wp-content\/gallery\/firstresponder_2\/imgp7828.jpg\" title=\" \" class=\"shutterset_set_503\" >\n\t\t\t\t\t\t\t\t<img loading=\"lazy\" decoding=\"async\" title=\"imgp7828\" alt=\"imgp7828\" src=\"https:\/\/feuerwehr-vglambrecht.de\/cms\/wp-content\/gallery\/firstresponder_2\/thumbs\/thumbs_imgp7828.jpg\" width=\"100\" height=\"75\" \/>\n\t\t\t\t\t\t\t<\/a>\n\t\t<\/div>\n\t<\/div>\n\t\n\t\t\n \t \t\n\t<!-- Pagination -->\n \t<div class='ngg-clear'><\/div>\n \t\n<\/div>\n\n<\/div>\n<\/div>\n<\/div>\n<\/div>\n<\/div>\n","protected":false},"excerpt":{"rendered":"<p>Am 1. Oktober 2024 wird die First Responder Einheit Esthal offiziell ins Leben gerufen und meldet somit der Integrierten Leitststelle Ludwigshafen, den Status &#8222;2 &#8211; einsatzbereit&#8220;. Diese Initiative stellt einen bedeutenden Fortschritt in der Notfallversorgung dar, indem sie qualifizierte Ersthelfer mobilisiert, die im Notfall schnell reagieren k\u00f6nnen. First Responder sind ehrenamtliche Helfer der Feuerwehreinheit Esthal, die eine spezielle Ausbildung durchlaufen haben, um lebensrettende Ma\u00dfnahmen zu ergreifen und somit die Zeit bis zum Eintreffen professioneller Rettungskr\u00e4fte zu \u00fcberbr\u00fccken.<\/p>\n","protected":false},"author":17,"featured_media":13032,"comment_status":"closed","ping_status":"closed","sticky":false,"template":"","format":"standard","meta":{"footnotes":""},"categories":[1],"tags":[383,578,579,580,398],"class_list":["post-13031","post","type-post","status-publish","format-standard","has-post-thumbnail","hentry","category-allgemein","tag-feuerwehrvglambrecht","tag-firstresponder","tag-notfallrettung","tag-teamworkmakesthedreamwork","tag-wirfuereuch"],"better_featured_image":{"id":13032,"alt_text":"","caption":"","description":"","media_type":"image","media_details":{"width":1707,"height":2560,"file":"2024\/09\/IMGP7828-scaled.jpg","filesize":449446,"sizes":{"medium_large":{"file":"IMGP7828-768x1152.jpg","width":768,"height":1152,"mime-type":"image\/jpeg","filesize":166364,"source_url":"https:\/\/feuerwehr-vglambrecht.de\/cms\/wp-content\/uploads\/2024\/09\/IMGP7828-768x1152.jpg"},"1536x1536":{"file":"IMGP7828-1024x1536.jpg","width":1024,"height":1536,"mime-type":"image\/jpeg","filesize":231047,"source_url":"https:\/\/feuerwehr-vglambrecht.de\/cms\/wp-content\/uploads\/2024\/09\/IMGP7828-1024x1536.jpg"},"2048x2048":{"file":"IMGP7828-1365x2048.jpg","width":1365,"height":2048,"mime-type":"image\/jpeg","filesize":331843,"source_url":"https:\/\/feuerwehr-vglambrecht.de\/cms\/wp-content\/uploads\/2024\/09\/IMGP7828-1365x2048.jpg"},"wptouch-new-thumbnail":{"file":"IMGP7828-144x144.jpg","width":144,"height":144,"mime-type":"image\/jpeg","filesize":47333,"source_url":"https:\/\/feuerwehr-vglambrecht.de\/cms\/wp-content\/uploads\/2024\/09\/IMGP7828-144x144.jpg"},"landing_image":{"file":"IMGP7828-1024x460.jpg","width":1024,"height":460,"mime-type":"image\/jpeg","filesize":123033,"source_url":"https:\/\/feuerwehr-vglambrecht.de\/cms\/wp-content\/uploads\/2024\/09\/IMGP7828-1024x460.jpg"},"thumbnail":{"file":"IMGP7828-150x150.jpg","width":150,"height":150,"source_url":"https:\/\/feuerwehr-vglambrecht.de\/cms\/wp-content\/uploads\/2024\/09\/IMGP7828-150x150.jpg"},"medium":{"file":"IMGP7828-300x200.jpg","width":300,"height":200,"source_url":"https:\/\/feuerwehr-vglambrecht.de\/cms\/wp-content\/uploads\/2024\/09\/IMGP7828-300x200.jpg"},"large":{"file":"IMGP7828-1024x683.jpg","width":1024,"height":683,"source_url":"https:\/\/feuerwehr-vglambrecht.de\/cms\/wp-content\/uploads\/2024\/09\/IMGP7828-1024x683.jpg"}},"image_meta":{"aperture":"6.3","credit":"","camera":"PENTAX K-70","caption":"","created_timestamp":"1714904734","copyright":"","focal_length":"210","iso":"400","shutter_speed":"0.004","title":"","orientation":1,"keywords":[]},"original_image":"IMGP7828.jpg","image-converter":{"thumbnail":"IME","medium":"IME","large":"IME"}},"post":13031,"source_url":"https:\/\/feuerwehr-vglambrecht.de\/cms\/wp-content\/uploads\/2024\/09\/IMGP7828-scaled.jpg"},"_links":{"self":[{"href":"https:\/\/feuerwehr-vglambrecht.de\/cms\/wp-json\/wp\/v2\/posts\/13031","targetHints":{"allow":["GET"]}}],"collection":[{"href":"https:\/\/feuerwehr-vglambrecht.de\/cms\/wp-json\/wp\/v2\/posts"}],"about":[{"href":"https:\/\/feuerwehr-vglambrecht.de\/cms\/wp-json\/wp\/v2\/types\/post"}],"author":[{"embeddable":true,"href":"https:\/\/feuerwehr-vglambrecht.de\/cms\/wp-json\/wp\/v2\/users\/17"}],"replies":[{"embeddable":true,"href":"https:\/\/feuerwehr-vglambrecht.de\/cms\/wp-json\/wp\/v2\/comments?post=13031"}],"version-history":[{"count":4,"href":"https:\/\/feuerwehr-vglambrecht.de\/cms\/wp-json\/wp\/v2\/posts\/13031\/revisions"}],"predecessor-version":[{"id":13064,"href":"https:\/\/feuerwehr-vglambrecht.de\/cms\/wp-json\/wp\/v2\/posts\/13031\/revisions\/13064"}],"wp:featuredmedia":[{"embeddable":true,"href":"https:\/\/feuerwehr-vglambrecht.de\/cms\/wp-json\/wp\/v2\/media\/13032"}],"wp:attachment":[{"href":"https:\/\/feuerwehr-vglambrecht.de\/cms\/wp-json\/wp\/v2\/media?parent=13031"}],"wp:term":[{"taxonomy":"category","embeddable":true,"href":"https:\/\/feuerwehr-vglambrecht.de\/cms\/wp-json\/wp\/v2\/categories?post=13031"},{"taxonomy":"post_tag","embeddable":true,"href":"https:\/\/feuerwehr-vglambrecht.de\/cms\/wp-json\/wp\/v2\/tags?post=13031"}],"curies":[{"name":"wp","href":"https:\/\/api.w.org\/{rel}","templated":true}]}}