{"id":12769,"date":"2024-07-12T14:19:04","date_gmt":"2024-07-12T12:19:04","guid":{"rendered":"https:\/\/feuerwehr-vglambrecht.de\/cms\/?p=12769"},"modified":"2024-07-12T14:19:04","modified_gmt":"2024-07-12T12:19:04","slug":"erfolgreiche-uebung-des-ausrueckebereichs-ost-und-waldbrandzuges","status":"publish","type":"post","link":"https:\/\/feuerwehr-vglambrecht.de\/cms\/2024\/07\/12\/erfolgreiche-uebung-des-ausrueckebereichs-ost-und-waldbrandzuges\/","title":{"rendered":"Erfolgreiche \u00dcbung des Ausr\u00fcckebereichs Ost und Waldbrandzuges"},"content":{"rendered":"<p>Am Samstag, den 29.06.2024 fand zwischen 10 und 14 Uhr eine gemeinsame \u00dcbung des Ausr\u00fcckebereichs Ost, bestehend aus den Einheiten Lambrecht und Lindenberg, sowie den weiteren Kr\u00e4ften des Waldbrandzugs, zu dem neben Lambrecht die Einheiten Elmstein, Iggelbach und Weidenthal geh\u00f6ren, im Bereich des Kaisergartens bei Lambrecht statt.<!--more--><\/p>\n<p>Als zu bew\u00e4ltigende Aufgabe wurde ein Vegetationsbrand mit anf\u00e4nglich gut 800 Quadratmetern Fl\u00e4che angenommen, welcher sich rund 120m vom n\u00e4chsten befahrbaren Forstweg befand. Nach kurzer Erkundung durch die erstanr\u00fcckenden Kr\u00e4fte wurde unmittelbar mit der Brandbek\u00e4mpfung begonnen. Bei dieser mussten verschiedene Faktoren, wie z.B. schlechte Zug\u00e4nglichkeit einer Flanke oder Auswahl m\u00f6glicher direkter bzw. indirekter Taktiken im Verlauf ber\u00fccksichtigt und entsprechend abgearbeitet werden. Als gro\u00dfer Vorteil stellte sich dabei das seit Jahren in der VG Lambrecht etablierte Waldbrandkonzept heraus, wodurch nahezu alle Schritte f\u00fcr die eingesetzte Mannschaft im Vorfeld definiert und innerhalb k\u00fcrzester Zeit umsetzbar waren. Somit begrenzte sich die Chaosphase des \u00dcbungseinsatzes auf ein erfreuliches Minimum, die Schl\u00fcsselstellen Wasserentnahme, Pendelverkehr mit wasserf\u00fchrenden Tankl\u00f6schfahrzeugen und Wasser\u00fcbergabestelle im Wald waren nahezu unmittelbar eingerichtet und gingen fr\u00fchzeitig in Betrieb, wodurch eine unterbrechungsfreie, aber vor allem sichere Brandbek\u00e4mpfung gew\u00e4hrleistet werden konnte. Der weitere Einstieg nachr\u00fcckender Kr\u00e4fte zeigte sich reibungslos, wenn auch aufgrund der an dem Tag herrschenden Temperaturen und der geographischen Lage nicht weniger schwei\u00dftreibend.<\/p>\n<p>Nach einer \u00dcbungsdauer von etwa drei Stunden sammelten sich die f\u00fcnf beteiligten Einheiten im Ger\u00e4tehaus Lambrecht, wo die aus der \u00dcbung gewonnenen Erkenntnisse mit den eingesetzten F\u00fchrungskr\u00e4ften nachgearbeitet wurden, w\u00e4hrend die restlichen der insgesamt knapp 50 Teilnehmer bei gem\u00fctlichem Beisammensein ihre fast ausschlie\u00dflich positiven Erfahrungen austauschen konnten.<\/p>\n<p>Ein gro\u00dfer Dank geht an den zust\u00e4ndigen Forstbeamten, Herrn Grub, der uns durch sein aufgeschlossenes Auftreten der Sache gegen\u00fcber diese einsatznahe \u00dcberpr\u00fcfung der in den letzten Jahren weiter entwickelten Massnahmen erm\u00f6glichte.<\/p>\n\n<div class=\"ngg-galleryoverview\" id=\"ngg-gallery-490-12769\">\n\n\t<!-- Slideshow link -->\n\t<div class=\"slideshowlink\">\n\t\t<a class=\"slideshowlink\" href=\"https:\/\/feuerwehr-vglambrecht.de\/cms\/2024\/07\/12\/erfolgreiche-uebung-des-ausrueckebereichs-ost-und-waldbrandzuges\/nggallery\/slideshow\">\n\t\t\t[Show as slideshow]\t\t<\/a>\n\t<\/div>\n\n\t\n\t<!-- Thumbnails -->\n\t\t\n\t<div id=\"ngg-image-2814\" class=\"ngg-gallery-thumbnail-box\"  >\n\t\t<div class=\"ngg-gallery-thumbnail\" >\n\t\t\t<a href=\"https:\/\/feuerwehr-vglambrecht.de\/cms\/wp-content\/gallery\/waldbranduebung-06-24\/dsc02200.jpg\" title=\"Aufbau Erstangriff TSF-W und TLF 4000\" class=\"shutterset_set_490\" >\n\t\t\t\t\t\t\t\t<img loading=\"lazy\" decoding=\"async\" title=\"dsc02200\" alt=\"dsc02200\" src=\"https:\/\/feuerwehr-vglambrecht.de\/cms\/wp-content\/gallery\/waldbranduebung-06-24\/thumbs\/thumbs_dsc02200.jpg\" width=\"100\" height=\"75\" \/>\n\t\t\t\t\t\t\t<\/a>\n\t\t<\/div>\n\t<\/div>\n\t\n\t\t\n \t\t\n\t<div id=\"ngg-image-2819\" class=\"ngg-gallery-thumbnail-box\"  >\n\t\t<div class=\"ngg-gallery-thumbnail\" >\n\t\t\t<a href=\"https:\/\/feuerwehr-vglambrecht.de\/cms\/wp-content\/gallery\/waldbranduebung-06-24\/dsc02327.jpg\" title=\"Brandbek\u00e4mpfung mittels D-Rohr\" class=\"shutterset_set_490\" >\n\t\t\t\t\t\t\t\t<img loading=\"lazy\" decoding=\"async\" title=\"dsc02327\" alt=\"dsc02327\" src=\"https:\/\/feuerwehr-vglambrecht.de\/cms\/wp-content\/gallery\/waldbranduebung-06-24\/thumbs\/thumbs_dsc02327.jpg\" width=\"100\" height=\"75\" \/>\n\t\t\t\t\t\t\t<\/a>\n\t\t<\/div>\n\t<\/div>\n\t\n\t\t\n \t\t\n\t<div id=\"ngg-image-2818\" class=\"ngg-gallery-thumbnail-box\"  >\n\t\t<div class=\"ngg-gallery-thumbnail\" >\n\t\t\t<a href=\"https:\/\/feuerwehr-vglambrecht.de\/cms\/wp-content\/gallery\/waldbranduebung-06-24\/dsc02323.jpg\" title=\"Verteilerleitung zu Einsatzstelle\" class=\"shutterset_set_490\" >\n\t\t\t\t\t\t\t\t<img loading=\"lazy\" decoding=\"async\" title=\"dsc02323\" alt=\"dsc02323\" src=\"https:\/\/feuerwehr-vglambrecht.de\/cms\/wp-content\/gallery\/waldbranduebung-06-24\/thumbs\/thumbs_dsc02323.jpg\" width=\"100\" height=\"75\" \/>\n\t\t\t\t\t\t\t<\/a>\n\t\t<\/div>\n\t<\/div>\n\t\n\t\t\n \t\t\n\t<div id=\"ngg-image-2815\" class=\"ngg-gallery-thumbnail-box\"  >\n\t\t<div class=\"ngg-gallery-thumbnail\" >\n\t\t\t<a href=\"https:\/\/feuerwehr-vglambrecht.de\/cms\/wp-content\/gallery\/waldbranduebung-06-24\/dsc02205.jpg\" title=\"eingerichtete Wasser\u00fcbergabestelle Wald mit 5000l Wasserblase\" class=\"shutterset_set_490\" >\n\t\t\t\t\t\t\t\t<img loading=\"lazy\" decoding=\"async\" title=\"dsc02205\" alt=\"dsc02205\" src=\"https:\/\/feuerwehr-vglambrecht.de\/cms\/wp-content\/gallery\/waldbranduebung-06-24\/thumbs\/thumbs_dsc02205.jpg\" width=\"100\" height=\"75\" \/>\n\t\t\t\t\t\t\t<\/a>\n\t\t<\/div>\n\t<\/div>\n\t\n\t\t\n \t\t\n\t<div id=\"ngg-image-2817\" class=\"ngg-gallery-thumbnail-box\"  >\n\t\t<div class=\"ngg-gallery-thumbnail\" >\n\t\t\t<a href=\"https:\/\/feuerwehr-vglambrecht.de\/cms\/wp-content\/gallery\/waldbranduebung-06-24\/dsc02225.jpg\" title=\"ELW zur Koordination und Einweisung Standort &quot;Freier Platz&quot;\" class=\"shutterset_set_490\" >\n\t\t\t\t\t\t\t\t<img loading=\"lazy\" decoding=\"async\" title=\"dsc02225\" alt=\"dsc02225\" src=\"https:\/\/feuerwehr-vglambrecht.de\/cms\/wp-content\/gallery\/waldbranduebung-06-24\/thumbs\/thumbs_dsc02225.jpg\" width=\"100\" height=\"75\" \/>\n\t\t\t\t\t\t\t<\/a>\n\t\t<\/div>\n\t<\/div>\n\t\n\t\t\n \t\t\n\t<div id=\"ngg-image-2822\" class=\"ngg-gallery-thumbnail-box\"  >\n\t\t<div class=\"ngg-gallery-thumbnail\" >\n\t\t\t<a href=\"https:\/\/feuerwehr-vglambrecht.de\/cms\/wp-content\/gallery\/waldbranduebung-06-24\/dsc02357.jpg\" title=\"TLF 3000-Wald RLP im Pendelverkehr\" class=\"shutterset_set_490\" >\n\t\t\t\t\t\t\t\t<img loading=\"lazy\" decoding=\"async\" title=\"dsc02357\" alt=\"dsc02357\" src=\"https:\/\/feuerwehr-vglambrecht.de\/cms\/wp-content\/gallery\/waldbranduebung-06-24\/thumbs\/thumbs_dsc02357.jpg\" width=\"100\" height=\"75\" \/>\n\t\t\t\t\t\t\t<\/a>\n\t\t<\/div>\n\t<\/div>\n\t\n\t\t\n \t\t\n\t<div id=\"ngg-image-2816\" class=\"ngg-gallery-thumbnail-box\"  >\n\t\t<div class=\"ngg-gallery-thumbnail\" >\n\t\t\t<a href=\"https:\/\/feuerwehr-vglambrecht.de\/cms\/wp-content\/gallery\/waldbranduebung-06-24\/dsc02221.jpg\" title=\"Koordination\/Einweisung nachr\u00fcckender Kr\u00e4fte \" class=\"shutterset_set_490\" >\n\t\t\t\t\t\t\t\t<img loading=\"lazy\" decoding=\"async\" title=\"dsc02221\" alt=\"dsc02221\" src=\"https:\/\/feuerwehr-vglambrecht.de\/cms\/wp-content\/gallery\/waldbranduebung-06-24\/thumbs\/thumbs_dsc02221.jpg\" width=\"100\" height=\"75\" \/>\n\t\t\t\t\t\t\t<\/a>\n\t\t<\/div>\n\t<\/div>\n\t\n\t\t\n \t \t\n\t<!-- Pagination -->\n \t<div class='ngg-clear'><\/div>\n \t\n<\/div>\n\n\n","protected":false},"excerpt":{"rendered":"<p>Am Samstag, den 29.06.2024 fand zwischen 10 und 14 Uhr eine gemeinsame \u00dcbung des Ausr\u00fcckebereichs Ost, bestehend aus den Einheiten Lambrecht und Lindenberg, sowie den weiteren Kr\u00e4ften des Waldbrandzugs, zu dem neben Lambrecht die Einheiten Elmstein, Iggelbach und Weidenthal geh\u00f6ren, im Bereich des Kaisergartens bei Lambrecht statt.<\/p>\n","protected":false},"author":22,"featured_media":12813,"comment_status":"closed","ping_status":"closed","sticky":false,"template":"","format":"standard","meta":{"footnotes":""},"categories":[1],"tags":[180,383,373,226],"class_list":["post-12769","post","type-post","status-publish","format-standard","has-post-thumbnail","hentry","category-allgemein","tag-brand","tag-feuerwehrvglambrecht","tag-immerda","tag-waldbrand"],"better_featured_image":{"id":12813,"alt_text":"","caption":"","description":"","media_type":"image","media_details":{"width":2560,"height":1707,"file":"2024\/07\/DSC02398-1-scaled.jpg","filesize":886234,"sizes":{"medium_large":{"file":"DSC02398-1-768x512.jpg","width":768,"height":512,"mime-type":"image\/jpeg","filesize":112288,"source_url":"https:\/\/feuerwehr-vglambrecht.de\/cms\/wp-content\/uploads\/2024\/07\/DSC02398-1-768x512.jpg"},"1536x1536":{"file":"DSC02398-1-1536x1024.jpg","width":1536,"height":1024,"mime-type":"image\/jpeg","filesize":377734,"source_url":"https:\/\/feuerwehr-vglambrecht.de\/cms\/wp-content\/uploads\/2024\/07\/DSC02398-1-1536x1024.jpg"},"2048x2048":{"file":"DSC02398-1-2048x1365.jpg","width":2048,"height":1365,"mime-type":"image\/jpeg","filesize":613557,"source_url":"https:\/\/feuerwehr-vglambrecht.de\/cms\/wp-content\/uploads\/2024\/07\/DSC02398-1-2048x1365.jpg"},"wptouch-new-thumbnail":{"file":"DSC02398-1-144x144.jpg","width":144,"height":144,"mime-type":"image\/jpeg","filesize":9188,"source_url":"https:\/\/feuerwehr-vglambrecht.de\/cms\/wp-content\/uploads\/2024\/07\/DSC02398-1-144x144.jpg"},"landing_image":{"file":"DSC02398-1-1024x460.jpg","width":1024,"height":460,"mime-type":"image\/jpeg","filesize":132701,"source_url":"https:\/\/feuerwehr-vglambrecht.de\/cms\/wp-content\/uploads\/2024\/07\/DSC02398-1-1024x460.jpg"},"thumbnail":{"file":"DSC02398-1-150x150.jpg","width":150,"height":150,"source_url":"https:\/\/feuerwehr-vglambrecht.de\/cms\/wp-content\/uploads\/2024\/07\/DSC02398-1-150x150.jpg"},"medium":{"file":"DSC02398-1-300x200.jpg","width":300,"height":200,"source_url":"https:\/\/feuerwehr-vglambrecht.de\/cms\/wp-content\/uploads\/2024\/07\/DSC02398-1-300x200.jpg"},"large":{"file":"DSC02398-1-1024x683.jpg","width":1024,"height":683,"source_url":"https:\/\/feuerwehr-vglambrecht.de\/cms\/wp-content\/uploads\/2024\/07\/DSC02398-1-1024x683.jpg"}},"image_meta":{"aperture":"5.6","credit":"","camera":"ILCE-6600","caption":"","created_timestamp":"1719658333","copyright":"","focal_length":"70","iso":"125","shutter_speed":"0.008","title":"","orientation":"1","keywords":[]},"original_image":"DSC02398-1.jpg","image-converter":{"thumbnail":"IME","medium":"IME","large":"IME"}},"post":12769,"source_url":"https:\/\/feuerwehr-vglambrecht.de\/cms\/wp-content\/uploads\/2024\/07\/DSC02398-1-scaled.jpg"},"_links":{"self":[{"href":"https:\/\/feuerwehr-vglambrecht.de\/cms\/wp-json\/wp\/v2\/posts\/12769","targetHints":{"allow":["GET"]}}],"collection":[{"href":"https:\/\/feuerwehr-vglambrecht.de\/cms\/wp-json\/wp\/v2\/posts"}],"about":[{"href":"https:\/\/feuerwehr-vglambrecht.de\/cms\/wp-json\/wp\/v2\/types\/post"}],"author":[{"embeddable":true,"href":"https:\/\/feuerwehr-vglambrecht.de\/cms\/wp-json\/wp\/v2\/users\/22"}],"replies":[{"embeddable":true,"href":"https:\/\/feuerwehr-vglambrecht.de\/cms\/wp-json\/wp\/v2\/comments?post=12769"}],"version-history":[{"count":3,"href":"https:\/\/feuerwehr-vglambrecht.de\/cms\/wp-json\/wp\/v2\/posts\/12769\/revisions"}],"predecessor-version":[{"id":12811,"href":"https:\/\/feuerwehr-vglambrecht.de\/cms\/wp-json\/wp\/v2\/posts\/12769\/revisions\/12811"}],"wp:featuredmedia":[{"embeddable":true,"href":"https:\/\/feuerwehr-vglambrecht.de\/cms\/wp-json\/wp\/v2\/media\/12813"}],"wp:attachment":[{"href":"https:\/\/feuerwehr-vglambrecht.de\/cms\/wp-json\/wp\/v2\/media?parent=12769"}],"wp:term":[{"taxonomy":"category","embeddable":true,"href":"https:\/\/feuerwehr-vglambrecht.de\/cms\/wp-json\/wp\/v2\/categories?post=12769"},{"taxonomy":"post_tag","embeddable":true,"href":"https:\/\/feuerwehr-vglambrecht.de\/cms\/wp-json\/wp\/v2\/tags?post=12769"}],"curies":[{"name":"wp","href":"https:\/\/api.w.org\/{rel}","templated":true}]}}