{"id":12666,"date":"2024-05-23T16:14:56","date_gmt":"2024-05-23T14:14:56","guid":{"rendered":"https:\/\/feuerwehr-vglambrecht.de\/cms\/?p=12666"},"modified":"2024-05-23T16:32:41","modified_gmt":"2024-05-23T14:32:41","slug":"minister-ebling-uebergibt-fahrzeuge-fuer-die-wald-und-vegetationsbrandbekaempfung","status":"publish","type":"post","link":"https:\/\/feuerwehr-vglambrecht.de\/cms\/2024\/05\/23\/minister-ebling-uebergibt-fahrzeuge-fuer-die-wald-und-vegetationsbrandbekaempfung\/","title":{"rendered":"Minister Ebling \u00fcbergibt Fahrzeuge f\u00fcr die Wald- und Vegetationsbrandbek\u00e4mpfung"},"content":{"rendered":"<p style=\"text-align: left;\">Innenminister Michael Ebling hat die acht neuen Tankl\u00f6schfahrzeuge (TLF 3000) an sieben Verbandsgemeinden und die Stadt Pirmasens \u00fcbergeben. Die insgesamt rund 3,5 Millionen Euro teuren Fahrzeuge werden in den acht rheinland-pf\u00e4lzischen Leitstellenbereichen stationiert und damit von Landesseite den kommunalen Aufgabentr\u00e4gern unterst\u00fctzend zur Verf\u00fcgung gestellt. Die\u00a0 gel\u00e4ndeg\u00e4ngigen und watf\u00e4higen Fahrzeuge sind durch ihre spezielle Zusatzausstattung gerade f\u00fcr die Waldbrandbek\u00e4mpfung besonders geeignet.<\/p>\n<p style=\"text-align: left;\"><!--more-->\u201eDie neuen TLF 3000 bieten eine Wasserkapazit\u00e4t von 3000 Litern und sind mit modernster Technik ausgestattet, um auch in unwegsamem Gel\u00e4nde effektiv Hilfe leisten zu k\u00f6nnen. Neben der Wasserversorgung verf\u00fcgen die Fahrzeuge \u00fcber umfassende feuerwehrtechnische Ausr\u00fcstung, die den Einsatzkr\u00e4ften gerade bei Wald- und Fl\u00e4chenbr\u00e4nden wertvolle Dienste leisten kann\u201c, sagte Ebling. So sei es m\u00f6glich, Br\u00e4nde aus dem fahrenden Fahrzeug heraus zu bek\u00e4mpfen und das Fahrzeug selbst mit einem \u201eWasservorhang\u201c vor Flammen zu sch\u00fctzen. Die erh\u00f6hte<br \/>\nWasserdurchfahrtsf\u00e4higkeit eignet sich bei Eins\u00e4tzen mit \u00dcberschwemmungen.<\/p>\n<p style=\"text-align: left;\">Die Fahrzeuge werden nach der \u00dcbergabe durch den Minister bei den Freiwilligen Feuerwehren in Pirmasens (Leitstellenbereich Landau), G\u00f6llheim (Leitstellenbereich Kaiserslautern), Hoppst\u00e4dten-Weiersbach (Leitstellenbereich Bad Kreuznach), Daun (Leitstellenbereich Trier), Kaisersesch (Leitstellenbereich Koblenz), Bad H\u00f6nningen (Leitstellenbereich Montabaur), Eich (Leitstellenbereich Mainz) und Lambrecht (Leitstellenbereich Ludwigshafen) stationiert.<\/p>\n<p style=\"text-align: left;\">Gerade in den vergangenen Tagen hat sich die enge Zusammenarbeit zwischen Land und kommunalen Aufgabentr\u00e4gern bei den Landkreisen und kreisfreien St\u00e4dten bew\u00e4hrt. Die Landes-Fahrzeuge f\u00fcr die Kommunen bekr\u00e4ftigen dies f\u00fcr die Zukunft.<\/p>\n<p>Quelle: Innenministerium RLP\/Stephan Dinges<\/p>\n\n<div class=\"ngg-galleryoverview\" id=\"ngg-gallery-484-12666\">\n\n\t<!-- Slideshow link -->\n\t<div class=\"slideshowlink\">\n\t\t<a class=\"slideshowlink\" href=\"https:\/\/feuerwehr-vglambrecht.de\/cms\/2024\/05\/23\/minister-ebling-uebergibt-fahrzeuge-fuer-die-wald-und-vegetationsbrandbekaempfung\/nggallery\/slideshow\">\n\t\t\t[Show as slideshow]\t\t<\/a>\n\t<\/div>\n\n\t\n\t<!-- Thumbnails -->\n\t\t\n\t<div id=\"ngg-image-2786\" class=\"ngg-gallery-thumbnail-box\"  >\n\t\t<div class=\"ngg-gallery-thumbnail\" >\n\t\t\t<a href=\"https:\/\/feuerwehr-vglambrecht.de\/cms\/wp-content\/gallery\/waldbrand-tlf-uebergabe\/240523-10.jpg\" title=\" \" class=\"shutterset_set_484\" >\n\t\t\t\t\t\t\t\t<img loading=\"lazy\" decoding=\"async\" title=\"240523-10\" alt=\"240523-10\" src=\"https:\/\/feuerwehr-vglambrecht.de\/cms\/wp-content\/gallery\/waldbrand-tlf-uebergabe\/thumbs\/thumbs_240523-10.jpg\" width=\"100\" height=\"75\" \/>\n\t\t\t\t\t\t\t<\/a>\n\t\t<\/div>\n\t<\/div>\n\t\n\t\t\n \t\t\n\t<div id=\"ngg-image-2787\" class=\"ngg-gallery-thumbnail-box\"  >\n\t\t<div class=\"ngg-gallery-thumbnail\" >\n\t\t\t<a href=\"https:\/\/feuerwehr-vglambrecht.de\/cms\/wp-content\/gallery\/waldbrand-tlf-uebergabe\/240523-180.jpg\" title=\" \" class=\"shutterset_set_484\" >\n\t\t\t\t\t\t\t\t<img loading=\"lazy\" decoding=\"async\" title=\"240523-180\" alt=\"240523-180\" src=\"https:\/\/feuerwehr-vglambrecht.de\/cms\/wp-content\/gallery\/waldbrand-tlf-uebergabe\/thumbs\/thumbs_240523-180.jpg\" width=\"100\" height=\"75\" \/>\n\t\t\t\t\t\t\t<\/a>\n\t\t<\/div>\n\t<\/div>\n\t\n\t\t\n \t\t\n\t<div id=\"ngg-image-2788\" class=\"ngg-gallery-thumbnail-box\"  >\n\t\t<div class=\"ngg-gallery-thumbnail\" >\n\t\t\t<a href=\"https:\/\/feuerwehr-vglambrecht.de\/cms\/wp-content\/gallery\/waldbrand-tlf-uebergabe\/240523-24.jpg\" title=\" \" class=\"shutterset_set_484\" >\n\t\t\t\t\t\t\t\t<img loading=\"lazy\" decoding=\"async\" title=\"240523-24\" alt=\"240523-24\" src=\"https:\/\/feuerwehr-vglambrecht.de\/cms\/wp-content\/gallery\/waldbrand-tlf-uebergabe\/thumbs\/thumbs_240523-24.jpg\" width=\"100\" height=\"75\" \/>\n\t\t\t\t\t\t\t<\/a>\n\t\t<\/div>\n\t<\/div>\n\t\n\t\t\n \t\t\n\t<div id=\"ngg-image-2789\" class=\"ngg-gallery-thumbnail-box\"  >\n\t\t<div class=\"ngg-gallery-thumbnail\" >\n\t\t\t<a href=\"https:\/\/feuerwehr-vglambrecht.de\/cms\/wp-content\/gallery\/waldbrand-tlf-uebergabe\/240523-37.jpg\" title=\" \" class=\"shutterset_set_484\" >\n\t\t\t\t\t\t\t\t<img loading=\"lazy\" decoding=\"async\" title=\"240523-37\" alt=\"240523-37\" src=\"https:\/\/feuerwehr-vglambrecht.de\/cms\/wp-content\/gallery\/waldbrand-tlf-uebergabe\/thumbs\/thumbs_240523-37.jpg\" width=\"100\" height=\"75\" \/>\n\t\t\t\t\t\t\t<\/a>\n\t\t<\/div>\n\t<\/div>\n\t\n\t\t\n \t\t\n\t<div id=\"ngg-image-2790\" class=\"ngg-gallery-thumbnail-box\"  >\n\t\t<div class=\"ngg-gallery-thumbnail\" >\n\t\t\t<a href=\"https:\/\/feuerwehr-vglambrecht.de\/cms\/wp-content\/gallery\/waldbrand-tlf-uebergabe\/240523-414.jpg\" title=\" \" class=\"shutterset_set_484\" >\n\t\t\t\t\t\t\t\t<img loading=\"lazy\" decoding=\"async\" title=\"240523-414\" alt=\"240523-414\" src=\"https:\/\/feuerwehr-vglambrecht.de\/cms\/wp-content\/gallery\/waldbrand-tlf-uebergabe\/thumbs\/thumbs_240523-414.jpg\" width=\"100\" height=\"75\" \/>\n\t\t\t\t\t\t\t<\/a>\n\t\t<\/div>\n\t<\/div>\n\t\n\t\t\n \t \t\n\t<!-- Pagination -->\n \t<div class='ngg-clear'><\/div>\n \t\n<\/div>\n\n\n","protected":false},"excerpt":{"rendered":"<p>Innenminister Michael Ebling hat die acht neuen Tankl\u00f6schfahrzeuge (TLF 3000) an sieben Verbandsgemeinden und die Stadt Pirmasens \u00fcbergeben. Die insgesamt rund 3,5 Millionen Euro teuren Fahrzeuge werden in den acht rheinland-pf\u00e4lzischen Leitstellenbereichen stationiert und damit von Landesseite den kommunalen Aufgabentr\u00e4gern unterst\u00fctzend zur Verf\u00fcgung gestellt. Die\u00a0 gel\u00e4ndeg\u00e4ngigen und watf\u00e4higen Fahrzeuge sind durch ihre spezielle Zusatzausstattung gerade f\u00fcr die Waldbrandbek\u00e4mpfung besonders geeignet.<\/p>\n","protected":false},"author":17,"featured_media":12669,"comment_status":"closed","ping_status":"closed","sticky":false,"template":"","format":"standard","meta":{"footnotes":""},"categories":[523],"tags":[139,138,383,141,143,558,142,137,135,487,488,136],"class_list":["post-12666","post","type-post","status-publish","format-standard","has-post-thumbnail","hentry","category-vegetationsbradnbekaempfung","tag-elmstein","tag-esthal","tag-feuerwehrvglambrecht","tag-frankeneck","tag-iggelbach","tag-katastrophenschutz","tag-lambrecht","tag-lindenberg","tag-neidenfels","tag-waldbrandbekaempfung","tag-waldbrandzug","tag-weidenthal"],"better_featured_image":{"id":12669,"alt_text":"","caption":"","description":"","media_type":"image","media_details":{"width":2560,"height":1706,"file":"2024\/05\/240523-414-scaled.jpg","filesize":907597,"sizes":{"medium_large":{"file":"240523-414-768x512.jpg","width":768,"height":512,"mime-type":"image\/jpeg","filesize":155611,"source_url":"https:\/\/feuerwehr-vglambrecht.de\/cms\/wp-content\/uploads\/2024\/05\/240523-414-768x512.jpg"},"1536x1536":{"file":"240523-414-1536x1024.jpg","width":1536,"height":1024,"mime-type":"image\/jpeg","filesize":417754,"source_url":"https:\/\/feuerwehr-vglambrecht.de\/cms\/wp-content\/uploads\/2024\/05\/240523-414-1536x1024.jpg"},"2048x2048":{"file":"240523-414-2048x1365.jpg","width":2048,"height":1365,"mime-type":"image\/jpeg","filesize":645769,"source_url":"https:\/\/feuerwehr-vglambrecht.de\/cms\/wp-content\/uploads\/2024\/05\/240523-414-2048x1365.jpg"},"wptouch-new-thumbnail":{"file":"240523-414-144x144.jpg","width":144,"height":144,"mime-type":"image\/jpeg","filesize":45815,"source_url":"https:\/\/feuerwehr-vglambrecht.de\/cms\/wp-content\/uploads\/2024\/05\/240523-414-144x144.jpg"},"landing_image":{"file":"240523-414-1024x460.jpg","width":1024,"height":460,"mime-type":"image\/jpeg","filesize":167109,"source_url":"https:\/\/feuerwehr-vglambrecht.de\/cms\/wp-content\/uploads\/2024\/05\/240523-414-1024x460.jpg"},"thumbnail":{"file":"240523-414-150x150.jpg","width":150,"height":150,"source_url":"https:\/\/feuerwehr-vglambrecht.de\/cms\/wp-content\/uploads\/2024\/05\/240523-414-150x150.jpg"},"medium":{"file":"240523-414-300x200.jpg","width":300,"height":200,"source_url":"https:\/\/feuerwehr-vglambrecht.de\/cms\/wp-content\/uploads\/2024\/05\/240523-414-300x200.jpg"},"large":{"file":"240523-414-1024x683.jpg","width":1024,"height":683,"source_url":"https:\/\/feuerwehr-vglambrecht.de\/cms\/wp-content\/uploads\/2024\/05\/240523-414-1024x683.jpg"}},"image_meta":{"aperture":"4","credit":"stephan dinges","camera":"ILCE-7RM4A","caption":"","created_timestamp":"1716454971","copyright":"Stephan F. F. Dinges","focal_length":"35","iso":"64","shutter_speed":"0.00625","title":"","orientation":"0","keywords":[]},"original_image":"240523-414.jpg","image-converter":{"thumbnail":"IME","medium":"IME","large":"IME"}},"post":12666,"source_url":"https:\/\/feuerwehr-vglambrecht.de\/cms\/wp-content\/uploads\/2024\/05\/240523-414-scaled.jpg"},"_links":{"self":[{"href":"https:\/\/feuerwehr-vglambrecht.de\/cms\/wp-json\/wp\/v2\/posts\/12666","targetHints":{"allow":["GET"]}}],"collection":[{"href":"https:\/\/feuerwehr-vglambrecht.de\/cms\/wp-json\/wp\/v2\/posts"}],"about":[{"href":"https:\/\/feuerwehr-vglambrecht.de\/cms\/wp-json\/wp\/v2\/types\/post"}],"author":[{"embeddable":true,"href":"https:\/\/feuerwehr-vglambrecht.de\/cms\/wp-json\/wp\/v2\/users\/17"}],"replies":[{"embeddable":true,"href":"https:\/\/feuerwehr-vglambrecht.de\/cms\/wp-json\/wp\/v2\/comments?post=12666"}],"version-history":[{"count":5,"href":"https:\/\/feuerwehr-vglambrecht.de\/cms\/wp-json\/wp\/v2\/posts\/12666\/revisions"}],"predecessor-version":[{"id":12672,"href":"https:\/\/feuerwehr-vglambrecht.de\/cms\/wp-json\/wp\/v2\/posts\/12666\/revisions\/12672"}],"wp:featuredmedia":[{"embeddable":true,"href":"https:\/\/feuerwehr-vglambrecht.de\/cms\/wp-json\/wp\/v2\/media\/12669"}],"wp:attachment":[{"href":"https:\/\/feuerwehr-vglambrecht.de\/cms\/wp-json\/wp\/v2\/media?parent=12666"}],"wp:term":[{"taxonomy":"category","embeddable":true,"href":"https:\/\/feuerwehr-vglambrecht.de\/cms\/wp-json\/wp\/v2\/categories?post=12666"},{"taxonomy":"post_tag","embeddable":true,"href":"https:\/\/feuerwehr-vglambrecht.de\/cms\/wp-json\/wp\/v2\/tags?post=12666"}],"curies":[{"name":"wp","href":"https:\/\/api.w.org\/{rel}","templated":true}]}}