{"id":12499,"date":"2024-03-21T14:13:16","date_gmt":"2024-03-21T13:13:16","guid":{"rendered":"https:\/\/feuerwehr-vglambrecht.de\/cms\/?p=12499"},"modified":"2024-03-21T14:13:16","modified_gmt":"2024-03-21T13:13:16","slug":"uebung-der-feuerwehr-lindenberg-hoehen-und-absturzsicherungseinheit-der-vg-2","status":"publish","type":"post","link":"https:\/\/feuerwehr-vglambrecht.de\/cms\/2024\/03\/21\/uebung-der-feuerwehr-lindenberg-hoehen-und-absturzsicherungseinheit-der-vg-2\/","title":{"rendered":"\u00dcbung der Feuerwehr Lindenberg (H\u00f6hen- und Absturzsicherungseinheit der VG)"},"content":{"rendered":"<p>&#8222;Person in Notlage, abgest\u00fcrztes Kind am Kapellenberg. Lage des abgest\u00fcrzten Kindes sowie Gesundheitszustand derzeit nicht bekannt.&#8220; So lautete die Alarmmeldung zu einer \u00dcbung der H\u00f6hen- und Absturzsicherungseinheit der Feuerwehr VG Lambrecht am 13.03.2024.<!--more--><\/p>\n<p>Am Kapellenberg angekommen wurde die Feuerwehr bereits vom fiktiven Gro\u00dfvater des verunfallten Kindes empfangen, der dem Einsatzleiter erste Informationen mitteilen konnte. Daraufhin lie\u00df der Einsatzleiter den Angriffs- und Wassertrupp, ausger\u00fcstet mit Handlampen und Erste-Hilfe Rucksack, das Gel\u00e4nde rund um den Kapellenberg absuchen. Bei der Suche fand der Angrifstrupp neben der Kapelle im Geb\u00fcsch ein Kuscheltier, welches den Einsatzkr\u00e4ften den Hinweis gab, in welche Richtung das Kind gelaufen sein k\u00f6nnte. Kurz darauf fanden Sie das verunfallte Kind, welches \u00fcber Kopfschmerzen und ein Taubheitsgef\u00fchl in den Beinen klagte. Seitens des Angriffsrupps wurden sofort Erstehilfema\u00dfnahmen eingeleitet und das Kind beruhigt. Bei der Lagemeldung an den Einsatzleiter, teilte der Angriffstruppf\u00fchrer mit, dass das Kind aufgrund seiner Verletzungen, nur mittels H\u00f6hen- und Absturzsicherungsmaterial gerettet werden k\u00f6nne. Daraufhin r\u00fcstet sich der Angrifstrupp entsprechend aus. Zur Rettung des Kindes wurde der Angrifstrupp vom Wassertrupp unterst\u00fctzt, welcher zuerst das ganze H\u00f6hen- und Absturzsicherungsmaterial zur Einsatzstelle getragen hatte, da der Weg f\u00fcr die Feuerwehrfahrzeuge unbefahrbar war. Der Wassertrupp half das Kind schonend in die Schleifkorbtrage zu legen, und sicherte diese bei der\u00a0 Patientengerechten Rettung des Kindes. Der Angriffstrupp sicherte die Leine die an der Schleifkorbtrage befestigt wurde.<\/p>\n<p>W\u00e4hrend der Rettung wurden die aufgel\u00f6sten Gro\u00dfeltern durch die Einsatkr\u00e4fte betreut.<\/p>\n<p>Nach kurzer Zeit war das Kind aus seiner Zwangslage befreit und konnte zur weiteren Untersuchung dem mitaralmierten Rettungsdienst \u00fcbergen werden.<\/p>\n\n<div class=\"ngg-galleryoverview\" id=\"ngg-gallery-478-12499\">\n\n\t<!-- Slideshow link -->\n\t<div class=\"slideshowlink\">\n\t\t<a class=\"slideshowlink\" href=\"https:\/\/feuerwehr-vglambrecht.de\/cms\/2024\/03\/21\/uebung-der-feuerwehr-lindenberg-hoehen-und-absturzsicherungseinheit-der-vg-2\/nggallery\/slideshow\">\n\t\t\t[Show as slideshow]\t\t<\/a>\n\t<\/div>\n\n\t\n\t<!-- Thumbnails -->\n\t\t\n\t<div id=\"ngg-image-2753\" class=\"ngg-gallery-thumbnail-box\"  >\n\t\t<div class=\"ngg-gallery-thumbnail\" >\n\t\t\t<a href=\"https:\/\/feuerwehr-vglambrecht.de\/cms\/wp-content\/gallery\/uebung-lindenberg_1\/img-20240314-wa0021.jpg\" title=\" \" class=\"shutterset_set_478\" >\n\t\t\t\t\t\t\t\t<img loading=\"lazy\" decoding=\"async\" title=\"img-20240314-wa0021\" alt=\"img-20240314-wa0021\" src=\"https:\/\/feuerwehr-vglambrecht.de\/cms\/wp-content\/gallery\/uebung-lindenberg_1\/thumbs\/thumbs_img-20240314-wa0021.jpg\" width=\"100\" height=\"75\" \/>\n\t\t\t\t\t\t\t<\/a>\n\t\t<\/div>\n\t<\/div>\n\t\n\t\t\n \t\t\n\t<div id=\"ngg-image-2754\" class=\"ngg-gallery-thumbnail-box\"  >\n\t\t<div class=\"ngg-gallery-thumbnail\" >\n\t\t\t<a href=\"https:\/\/feuerwehr-vglambrecht.de\/cms\/wp-content\/gallery\/uebung-lindenberg_1\/img-20240314-wa0023.jpg\" title=\" \" class=\"shutterset_set_478\" >\n\t\t\t\t\t\t\t\t<img loading=\"lazy\" decoding=\"async\" title=\"img-20240314-wa0023\" alt=\"img-20240314-wa0023\" src=\"https:\/\/feuerwehr-vglambrecht.de\/cms\/wp-content\/gallery\/uebung-lindenberg_1\/thumbs\/thumbs_img-20240314-wa0023.jpg\" width=\"100\" height=\"75\" \/>\n\t\t\t\t\t\t\t<\/a>\n\t\t<\/div>\n\t<\/div>\n\t\n\t\t\n \t\t\n\t<div id=\"ngg-image-2755\" class=\"ngg-gallery-thumbnail-box\"  >\n\t\t<div class=\"ngg-gallery-thumbnail\" >\n\t\t\t<a href=\"https:\/\/feuerwehr-vglambrecht.de\/cms\/wp-content\/gallery\/uebung-lindenberg_1\/img-20240314-wa0027.jpg\" title=\" \" class=\"shutterset_set_478\" >\n\t\t\t\t\t\t\t\t<img loading=\"lazy\" decoding=\"async\" title=\"img-20240314-wa0027\" alt=\"img-20240314-wa0027\" src=\"https:\/\/feuerwehr-vglambrecht.de\/cms\/wp-content\/gallery\/uebung-lindenberg_1\/thumbs\/thumbs_img-20240314-wa0027.jpg\" width=\"100\" height=\"75\" \/>\n\t\t\t\t\t\t\t<\/a>\n\t\t<\/div>\n\t<\/div>\n\t\n\t\t\n \t\t\n\t<div id=\"ngg-image-2756\" class=\"ngg-gallery-thumbnail-box\"  >\n\t\t<div class=\"ngg-gallery-thumbnail\" >\n\t\t\t<a href=\"https:\/\/feuerwehr-vglambrecht.de\/cms\/wp-content\/gallery\/uebung-lindenberg_1\/img-20240314-wa0029.jpg\" title=\" \" class=\"shutterset_set_478\" >\n\t\t\t\t\t\t\t\t<img loading=\"lazy\" decoding=\"async\" title=\"img-20240314-wa0029\" alt=\"img-20240314-wa0029\" src=\"https:\/\/feuerwehr-vglambrecht.de\/cms\/wp-content\/gallery\/uebung-lindenberg_1\/thumbs\/thumbs_img-20240314-wa0029.jpg\" width=\"100\" height=\"75\" \/>\n\t\t\t\t\t\t\t<\/a>\n\t\t<\/div>\n\t<\/div>\n\t\n\t\t\n \t \t\n\t<!-- Pagination -->\n \t<div class='ngg-clear'><\/div>\n \t\n<\/div>\n\n\n","protected":false},"excerpt":{"rendered":"<p>&#8222;Person in Notlage, abgest\u00fcrztes Kind am Kapellenberg. Lage des abgest\u00fcrzten Kindes sowie Gesundheitszustand derzeit nicht bekannt.&#8220; So lautete die Alarmmeldung zu einer \u00dcbung der H\u00f6hen- und Absturzsicherungseinheit der Feuerwehr VG Lambrecht am 13.03.2024.<\/p>\n","protected":false},"author":23,"featured_media":12502,"comment_status":"closed","ping_status":"closed","sticky":false,"template":"","format":"standard","meta":{"footnotes":""},"categories":[1,77,74],"tags":[371,373,552,246],"class_list":["post-12499","post","type-post","status-publish","format-standard","has-post-thumbnail","hentry","category-allgemein","category-fwhoe","category-fw_lindenberg","tag-feuerwehr-lindenberg","tag-immerda","tag-kapellenberg","tag-personenrettung"],"better_featured_image":{"id":12502,"alt_text":"","caption":"","description":"","media_type":"image","media_details":{"width":2560,"height":1920,"file":"2024\/03\/IMG-20240314-WA0025-scaled.jpg","filesize":433887,"sizes":{"medium_large":{"file":"IMG-20240314-WA0025-768x576.jpg","width":768,"height":576,"mime-type":"image\/jpeg","filesize":65332,"source_url":"https:\/\/feuerwehr-vglambrecht.de\/cms\/wp-content\/uploads\/2024\/03\/IMG-20240314-WA0025-768x576.jpg"},"1536x1536":{"file":"IMG-20240314-WA0025-1536x1152.jpg","width":1536,"height":1152,"mime-type":"image\/jpeg","filesize":195211,"source_url":"https:\/\/feuerwehr-vglambrecht.de\/cms\/wp-content\/uploads\/2024\/03\/IMG-20240314-WA0025-1536x1152.jpg"},"2048x2048":{"file":"IMG-20240314-WA0025-2048x1536.jpg","width":2048,"height":1536,"mime-type":"image\/jpeg","filesize":306354,"source_url":"https:\/\/feuerwehr-vglambrecht.de\/cms\/wp-content\/uploads\/2024\/03\/IMG-20240314-WA0025-2048x1536.jpg"},"wptouch-new-thumbnail":{"file":"IMG-20240314-WA0025-144x144.jpg","width":144,"height":144,"mime-type":"image\/jpeg","filesize":5078,"source_url":"https:\/\/feuerwehr-vglambrecht.de\/cms\/wp-content\/uploads\/2024\/03\/IMG-20240314-WA0025-144x144.jpg"},"landing_image":{"file":"IMG-20240314-WA0025-1024x460.jpg","width":1024,"height":460,"mime-type":"image\/jpeg","filesize":66032,"source_url":"https:\/\/feuerwehr-vglambrecht.de\/cms\/wp-content\/uploads\/2024\/03\/IMG-20240314-WA0025-1024x460.jpg"},"thumbnail":{"file":"IMG-20240314-WA0025-150x150.jpg","width":150,"height":150,"source_url":"https:\/\/feuerwehr-vglambrecht.de\/cms\/wp-content\/uploads\/2024\/03\/IMG-20240314-WA0025-150x150.jpg"},"medium":{"file":"IMG-20240314-WA0025-300x225.jpg","width":300,"height":225,"source_url":"https:\/\/feuerwehr-vglambrecht.de\/cms\/wp-content\/uploads\/2024\/03\/IMG-20240314-WA0025-300x225.jpg"},"large":{"file":"IMG-20240314-WA0025-1024x768.jpg","width":1024,"height":768,"source_url":"https:\/\/feuerwehr-vglambrecht.de\/cms\/wp-content\/uploads\/2024\/03\/IMG-20240314-WA0025-1024x768.jpg"}},"image_meta":{"aperture":"0","credit":"","camera":"","caption":"","created_timestamp":"0","copyright":"","focal_length":"0","iso":"0","shutter_speed":"0","title":"","orientation":"0","keywords":[]},"original_image":"IMG-20240314-WA0025.jpg","image-converter":{"thumbnail":"IME","medium":"IME","large":"IME"}},"post":null,"source_url":"https:\/\/feuerwehr-vglambrecht.de\/cms\/wp-content\/uploads\/2024\/03\/IMG-20240314-WA0025-scaled.jpg"},"_links":{"self":[{"href":"https:\/\/feuerwehr-vglambrecht.de\/cms\/wp-json\/wp\/v2\/posts\/12499","targetHints":{"allow":["GET"]}}],"collection":[{"href":"https:\/\/feuerwehr-vglambrecht.de\/cms\/wp-json\/wp\/v2\/posts"}],"about":[{"href":"https:\/\/feuerwehr-vglambrecht.de\/cms\/wp-json\/wp\/v2\/types\/post"}],"author":[{"embeddable":true,"href":"https:\/\/feuerwehr-vglambrecht.de\/cms\/wp-json\/wp\/v2\/users\/23"}],"replies":[{"embeddable":true,"href":"https:\/\/feuerwehr-vglambrecht.de\/cms\/wp-json\/wp\/v2\/comments?post=12499"}],"version-history":[{"count":6,"href":"https:\/\/feuerwehr-vglambrecht.de\/cms\/wp-json\/wp\/v2\/posts\/12499\/revisions"}],"predecessor-version":[{"id":12508,"href":"https:\/\/feuerwehr-vglambrecht.de\/cms\/wp-json\/wp\/v2\/posts\/12499\/revisions\/12508"}],"wp:featuredmedia":[{"embeddable":true,"href":"https:\/\/feuerwehr-vglambrecht.de\/cms\/wp-json\/wp\/v2\/media\/12502"}],"wp:attachment":[{"href":"https:\/\/feuerwehr-vglambrecht.de\/cms\/wp-json\/wp\/v2\/media?parent=12499"}],"wp:term":[{"taxonomy":"category","embeddable":true,"href":"https:\/\/feuerwehr-vglambrecht.de\/cms\/wp-json\/wp\/v2\/categories?post=12499"},{"taxonomy":"post_tag","embeddable":true,"href":"https:\/\/feuerwehr-vglambrecht.de\/cms\/wp-json\/wp\/v2\/tags?post=12499"}],"curies":[{"name":"wp","href":"https:\/\/api.w.org\/{rel}","templated":true}]}}