{"id":12393,"date":"2024-02-15T10:54:43","date_gmt":"2024-02-15T09:54:43","guid":{"rendered":"https:\/\/feuerwehr-vglambrecht.de\/cms\/?p=12393"},"modified":"2024-02-17T11:46:01","modified_gmt":"2024-02-17T10:46:01","slug":"uebungsdienste-bei-der-einheit-lambrecht","status":"publish","type":"post","link":"https:\/\/feuerwehr-vglambrecht.de\/cms\/2024\/02\/15\/uebungsdienste-bei-der-einheit-lambrecht\/","title":{"rendered":"\u00dcbungsdienste bei der Einheit Lambrecht"},"content":{"rendered":"<p>Mit spannenden Szenarien, Unterweisungen und Anwendungs\u00fcbungen startete die Einheit Lambrecht in das Jahr 2024.<\/p>\n<p><!--more--><\/p>\n<p>Da das Wetter im Januar die Verbandsgemeinde noch stark im Griff hatte, wurde das erlangte Wissen aus der praktischen Unterweisung \u00fcber den Einsatz von Fahrzeugketten schon eine Woche sp\u00e4ter dringend ben\u00f6tigt: Der R\u00fcstwagen wurde zur sicheren Fortbewegung bei den erwarteten und eingetretenen Schneef\u00e4llen mit Gleitschutzketten aufger\u00fcstet. In den Folgetagen erwies sich diese Entscheidung als notwendig, da mehrere Verbindungsstra\u00dfen innerhalb der VG bis zum Anstieg der Temperaturen nicht ger\u00e4umt bzw. gesperrt worden waren.<\/p>\n<p>Auch das angepasste Verhalten mit Wasser wollte bei diesen Temperaturen in Erinnerung gerufen und ge\u00fcbt werden: Fr\u00fchzeitige Massnahmen, vom W\u00e4rmeerhalt bei Einsatzkr\u00e4ften \u00fcber gewollten Durchfluss an ungenutzten Strahlrohren gegen Vereisung, bis hin zum Schutz vor entstehenden Eisfl\u00e4chen im Einsatz \u00a0bei Temperaturen unter dem Gefrierpunkt um Sch\u00e4den an Menschen und Material zu verhindern, fanden ihren Platz bei den \u00dcbungen.<\/p>\n<p>Den Start in die j\u00e4hrlich erforderlichen Unterweisungsthemen machte das Thema &#8222;Mehrgasmessger\u00e4t&#8220;. Dieses wertvolle Instrument gibt in potentiell kritischen Bereichen lebenswichtige Informationen, die es richtig zu bewerten und zu beachten gilt. Damit dies m\u00f6glich ist, nimmt sich Christopher Karkosch dankenswerter Weise seit Jahren die Zeit, die entsprechenden Kenntnisse zu vermitteln.<\/p>\n<p>Die Art sowie Anwendung von Strahlrohren und das Vorgehen bei der T\u00fcr\u00f6ffung eines Brandraums in Theorie und Praxis erfordern aufgrund sinkender Einsatzzahlen bei Brandereignissen regelm\u00e4\u00dfige \u00dcbung, nicht nur bei den Atemschutzger\u00e4tetr\u00e4gern. Das Zusammenspiel im angreifenden Trupp und die Unterst\u00fctzung durch andere Trupps sind Schl\u00fcsselelemente f\u00fcr einen erfolgreichen Einsatz im Innenangriff. Die Verwendung von Rauchvorh\u00e4ngen und verschiedensten Varianten von z. B. K\u00fchlung, Entrauchung oder Schlauchf\u00fchrung sind fester Bestandteil solcher \u00dcbungen.<\/p>\n<p>Dieser kurze Bericht zeigt die nicht unwesentliche Menge an bereits geleisteten Stunden und pers\u00f6nlichem Engagement im erst wenige Wochen alten Jahr. Trotzdem stellt alles hier Erw\u00e4hnte nur ein kleines Segment der j\u00e4hrlichen Aufgaben dar.<\/p>\n<p>Feuerwehr bedeutet so viel mehr als nur Arbeit, ein rotes Auto und Wasser.<\/p>\n<p>Kameradschaft, soziales und ehrenamtliches \u00a0Engagement oder Werte, die in unserer Zeit als nicht mehr allt\u00e4glich gelten, bieten jedem von uns die M\u00f6glichkeit, sich ganz individuell, entsprechend seiner pers\u00f6nlichen St\u00e4rken, zu bet\u00e4tigen. Von klassischer Brandbek\u00e4mpfung und Technischer Hilfeleistung \u00fcber F\u00fchrungsunterst\u00fctzung, hoch spezialisierten Einheiten zur H\u00f6hensicherung, Vegetationsbrandbek\u00e4mpfung oder Notf\u00e4llen unter Atemschutz, bis hin zur wertvollen Kinder- und Jugendarbeit: Bei uns findet jeder sein Pl\u00e4tzchen.<\/p>\n<p>Interesse geweckt? Dann melde dich! Gerne hier, per Telefon, Facebook oder Instagram. Du magst mehr die pers\u00f6nliche Note? Schau bei uns vorbei! Die Termine zum Reinschauen bei einer Einheit teilen wir dir gern auf Anfrage mit. Wir freuen uns auf dich!<\/p>\n\n<div class=\"ngg-galleryoverview\" id=\"ngg-gallery-473-12393\">\n\n\t<!-- Slideshow link -->\n\t<div class=\"slideshowlink\">\n\t\t<a class=\"slideshowlink\" href=\"https:\/\/feuerwehr-vglambrecht.de\/cms\/2024\/02\/15\/uebungsdienste-bei-der-einheit-lambrecht\/nggallery\/slideshow\">\n\t\t\t[Show as slideshow]\t\t<\/a>\n\t<\/div>\n\n\t\n\t<!-- Thumbnails -->\n\t\t\n\t<div id=\"ngg-image-2723\" class=\"ngg-gallery-thumbnail-box\"  >\n\t\t<div class=\"ngg-gallery-thumbnail\" >\n\t\t\t<a href=\"https:\/\/feuerwehr-vglambrecht.de\/cms\/wp-content\/gallery\/uebung-lambrecht-neu\/0e01a3fc-07e3-4125-b60c-cae8897bdb74.jpg\" title=\" \" class=\"shutterset_set_473\" >\n\t\t\t\t\t\t\t\t<img loading=\"lazy\" decoding=\"async\" title=\"0e01a3fc-07e3-4125-b60c-cae8897bdb74\" alt=\"0e01a3fc-07e3-4125-b60c-cae8897bdb74\" src=\"https:\/\/feuerwehr-vglambrecht.de\/cms\/wp-content\/gallery\/uebung-lambrecht-neu\/thumbs\/thumbs_0e01a3fc-07e3-4125-b60c-cae8897bdb74.jpg\" width=\"100\" height=\"75\" \/>\n\t\t\t\t\t\t\t<\/a>\n\t\t<\/div>\n\t<\/div>\n\t\n\t\t\n \t\t\n\t<div id=\"ngg-image-2724\" class=\"ngg-gallery-thumbnail-box\"  >\n\t\t<div class=\"ngg-gallery-thumbnail\" >\n\t\t\t<a href=\"https:\/\/feuerwehr-vglambrecht.de\/cms\/wp-content\/gallery\/uebung-lambrecht-neu\/img_4605.jpg\" title=\" \" class=\"shutterset_set_473\" >\n\t\t\t\t\t\t\t\t<img loading=\"lazy\" decoding=\"async\" title=\"img_4605\" alt=\"img_4605\" src=\"https:\/\/feuerwehr-vglambrecht.de\/cms\/wp-content\/gallery\/uebung-lambrecht-neu\/thumbs\/thumbs_img_4605.jpg\" width=\"100\" height=\"75\" \/>\n\t\t\t\t\t\t\t<\/a>\n\t\t<\/div>\n\t<\/div>\n\t\n\t\t\n \t\t\n\t<div id=\"ngg-image-2725\" class=\"ngg-gallery-thumbnail-box\"  >\n\t\t<div class=\"ngg-gallery-thumbnail\" >\n\t\t\t<a href=\"https:\/\/feuerwehr-vglambrecht.de\/cms\/wp-content\/gallery\/uebung-lambrecht-neu\/img_4607.jpg\" title=\" \" class=\"shutterset_set_473\" >\n\t\t\t\t\t\t\t\t<img loading=\"lazy\" decoding=\"async\" title=\"img_4607\" alt=\"img_4607\" src=\"https:\/\/feuerwehr-vglambrecht.de\/cms\/wp-content\/gallery\/uebung-lambrecht-neu\/thumbs\/thumbs_img_4607.jpg\" width=\"100\" height=\"75\" \/>\n\t\t\t\t\t\t\t<\/a>\n\t\t<\/div>\n\t<\/div>\n\t\n\t\t\n \t\t\n\t<div id=\"ngg-image-2726\" class=\"ngg-gallery-thumbnail-box\"  >\n\t\t<div class=\"ngg-gallery-thumbnail\" >\n\t\t\t<a href=\"https:\/\/feuerwehr-vglambrecht.de\/cms\/wp-content\/gallery\/uebung-lambrecht-neu\/img_4839.jpg\" title=\" \" class=\"shutterset_set_473\" >\n\t\t\t\t\t\t\t\t<img loading=\"lazy\" decoding=\"async\" title=\"img_4839\" alt=\"img_4839\" src=\"https:\/\/feuerwehr-vglambrecht.de\/cms\/wp-content\/gallery\/uebung-lambrecht-neu\/thumbs\/thumbs_img_4839.jpg\" width=\"100\" height=\"75\" \/>\n\t\t\t\t\t\t\t<\/a>\n\t\t<\/div>\n\t<\/div>\n\t\n\t\t\n \t\t\n\t<div id=\"ngg-image-2727\" class=\"ngg-gallery-thumbnail-box\"  >\n\t\t<div class=\"ngg-gallery-thumbnail\" >\n\t\t\t<a href=\"https:\/\/feuerwehr-vglambrecht.de\/cms\/wp-content\/gallery\/uebung-lambrecht-neu\/img_4892.jpg\" title=\" \" class=\"shutterset_set_473\" >\n\t\t\t\t\t\t\t\t<img loading=\"lazy\" decoding=\"async\" title=\"img_4892\" alt=\"img_4892\" src=\"https:\/\/feuerwehr-vglambrecht.de\/cms\/wp-content\/gallery\/uebung-lambrecht-neu\/thumbs\/thumbs_img_4892.jpg\" width=\"100\" height=\"75\" \/>\n\t\t\t\t\t\t\t<\/a>\n\t\t<\/div>\n\t<\/div>\n\t\n\t\t\n \t\t\n\t<div id=\"ngg-image-2728\" class=\"ngg-gallery-thumbnail-box\"  >\n\t\t<div class=\"ngg-gallery-thumbnail\" >\n\t\t\t<a href=\"https:\/\/feuerwehr-vglambrecht.de\/cms\/wp-content\/gallery\/uebung-lambrecht-neu\/img_4896.jpg\" title=\" \" class=\"shutterset_set_473\" >\n\t\t\t\t\t\t\t\t<img loading=\"lazy\" decoding=\"async\" title=\"img_4896\" alt=\"img_4896\" src=\"https:\/\/feuerwehr-vglambrecht.de\/cms\/wp-content\/gallery\/uebung-lambrecht-neu\/thumbs\/thumbs_img_4896.jpg\" width=\"100\" height=\"75\" \/>\n\t\t\t\t\t\t\t<\/a>\n\t\t<\/div>\n\t<\/div>\n\t\n\t\t\n \t\t\n\t<div id=\"ngg-image-2729\" class=\"ngg-gallery-thumbnail-box\"  >\n\t\t<div class=\"ngg-gallery-thumbnail\" >\n\t\t\t<a href=\"https:\/\/feuerwehr-vglambrecht.de\/cms\/wp-content\/gallery\/uebung-lambrecht-neu\/img_4898.jpg\" title=\" \" class=\"shutterset_set_473\" >\n\t\t\t\t\t\t\t\t<img loading=\"lazy\" decoding=\"async\" title=\"img_4898\" alt=\"img_4898\" src=\"https:\/\/feuerwehr-vglambrecht.de\/cms\/wp-content\/gallery\/uebung-lambrecht-neu\/thumbs\/thumbs_img_4898.jpg\" width=\"100\" height=\"75\" \/>\n\t\t\t\t\t\t\t<\/a>\n\t\t<\/div>\n\t<\/div>\n\t\n\t\t\n \t\t\n\t<div id=\"ngg-image-2730\" class=\"ngg-gallery-thumbnail-box\"  >\n\t\t<div class=\"ngg-gallery-thumbnail\" >\n\t\t\t<a href=\"https:\/\/feuerwehr-vglambrecht.de\/cms\/wp-content\/gallery\/uebung-lambrecht-neu\/img_4902.jpg\" title=\" \" class=\"shutterset_set_473\" >\n\t\t\t\t\t\t\t\t<img loading=\"lazy\" decoding=\"async\" title=\"img_4902\" alt=\"img_4902\" src=\"https:\/\/feuerwehr-vglambrecht.de\/cms\/wp-content\/gallery\/uebung-lambrecht-neu\/thumbs\/thumbs_img_4902.jpg\" width=\"100\" height=\"75\" \/>\n\t\t\t\t\t\t\t<\/a>\n\t\t<\/div>\n\t<\/div>\n\t\n\t\t\n \t\t\n\t<div id=\"ngg-image-2731\" class=\"ngg-gallery-thumbnail-box\"  >\n\t\t<div class=\"ngg-gallery-thumbnail\" >\n\t\t\t<a href=\"https:\/\/feuerwehr-vglambrecht.de\/cms\/wp-content\/gallery\/uebung-lambrecht-neu\/img_4905.jpg\" title=\" \" class=\"shutterset_set_473\" >\n\t\t\t\t\t\t\t\t<img loading=\"lazy\" decoding=\"async\" title=\"img_4905\" alt=\"img_4905\" src=\"https:\/\/feuerwehr-vglambrecht.de\/cms\/wp-content\/gallery\/uebung-lambrecht-neu\/thumbs\/thumbs_img_4905.jpg\" width=\"100\" height=\"75\" \/>\n\t\t\t\t\t\t\t<\/a>\n\t\t<\/div>\n\t<\/div>\n\t\n\t\t\n \t\t\n\t<div id=\"ngg-image-2732\" class=\"ngg-gallery-thumbnail-box\"  >\n\t\t<div class=\"ngg-gallery-thumbnail\" >\n\t\t\t<a href=\"https:\/\/feuerwehr-vglambrecht.de\/cms\/wp-content\/gallery\/uebung-lambrecht-neu\/img_4908.jpg\" title=\" \" class=\"shutterset_set_473\" >\n\t\t\t\t\t\t\t\t<img loading=\"lazy\" decoding=\"async\" title=\"img_4908\" alt=\"img_4908\" src=\"https:\/\/feuerwehr-vglambrecht.de\/cms\/wp-content\/gallery\/uebung-lambrecht-neu\/thumbs\/thumbs_img_4908.jpg\" width=\"100\" height=\"75\" \/>\n\t\t\t\t\t\t\t<\/a>\n\t\t<\/div>\n\t<\/div>\n\t\n\t\t\n \t\t\n\t<div id=\"ngg-image-2733\" class=\"ngg-gallery-thumbnail-box\"  >\n\t\t<div class=\"ngg-gallery-thumbnail\" >\n\t\t\t<a href=\"https:\/\/feuerwehr-vglambrecht.de\/cms\/wp-content\/gallery\/uebung-lambrecht-neu\/signal-2023-11-22-150051_003.jpg\" title=\" \" class=\"shutterset_set_473\" >\n\t\t\t\t\t\t\t\t<img loading=\"lazy\" decoding=\"async\" title=\"signal-2023-11-22-150051_003\" alt=\"signal-2023-11-22-150051_003\" src=\"https:\/\/feuerwehr-vglambrecht.de\/cms\/wp-content\/gallery\/uebung-lambrecht-neu\/thumbs\/thumbs_signal-2023-11-22-150051_003.jpg\" width=\"100\" height=\"75\" \/>\n\t\t\t\t\t\t\t<\/a>\n\t\t<\/div>\n\t<\/div>\n\t\n\t\t\n \t \t\n\t<!-- Pagination -->\n \t<div class='ngg-clear'><\/div>\n \t\n<\/div>\n\n\n","protected":false},"excerpt":{"rendered":"<p>Mit spannenden Szenarien, Unterweisungen und Anwendungs\u00fcbungen startete die Einheit Lambrecht in das Jahr 2024.<\/p>\n","protected":false},"author":22,"featured_media":12412,"comment_status":"closed","ping_status":"closed","sticky":false,"template":"","format":"standard","meta":{"footnotes":""},"categories":[1,4,71],"tags":[395,388,383,373,168,398],"class_list":["post-12393","post","type-post","status-publish","format-standard","has-post-thumbnail","hentry","category-allgemein","category-einheiten","category-fw_lambrecht","tag-blaulicht","tag-ehrenamt","tag-feuerwehrvglambrecht","tag-immerda","tag-uebung","tag-wirfuereuch"],"better_featured_image":{"id":12412,"alt_text":"","caption":"","description":"","media_type":"image","media_details":{"width":1024,"height":460,"file":"2024\/02\/IMG_4905-1024x460-1.jpeg","filesize":63645,"sizes":{"medium_large":{"file":"IMG_4905-1024x460-1-768x345.jpeg","width":768,"height":345,"mime-type":"image\/jpeg","filesize":41556,"source_url":"https:\/\/feuerwehr-vglambrecht.de\/cms\/wp-content\/uploads\/2024\/02\/IMG_4905-1024x460-1-768x345.jpeg"},"wptouch-new-thumbnail":{"file":"IMG_4905-1024x460-1-144x144.jpeg","width":144,"height":144,"mime-type":"image\/jpeg","filesize":14298,"source_url":"https:\/\/feuerwehr-vglambrecht.de\/cms\/wp-content\/uploads\/2024\/02\/IMG_4905-1024x460-1-144x144.jpeg"},"thumbnail":{"file":"IMG_4905-1024x460-1-150x150.jpeg","width":150,"height":150,"source_url":"https:\/\/feuerwehr-vglambrecht.de\/cms\/wp-content\/uploads\/2024\/02\/IMG_4905-1024x460-1-150x150.jpeg"},"medium":{"file":"IMG_4905-1024x460-1-300x135.jpeg","width":300,"height":135,"source_url":"https:\/\/feuerwehr-vglambrecht.de\/cms\/wp-content\/uploads\/2024\/02\/IMG_4905-1024x460-1-300x135.jpeg"}},"image_meta":{"aperture":"1.8","credit":"","camera":"iPhone 8","caption":"","created_timestamp":"1707853540","copyright":"","focal_length":"3.99","iso":"100","shutter_speed":"0.058823529411765","title":"","orientation":"1","keywords":[]},"image-converter":{"thumbnail":"IME","medium":"IME"}},"post":12393,"source_url":"https:\/\/feuerwehr-vglambrecht.de\/cms\/wp-content\/uploads\/2024\/02\/IMG_4905-1024x460-1.jpeg"},"_links":{"self":[{"href":"https:\/\/feuerwehr-vglambrecht.de\/cms\/wp-json\/wp\/v2\/posts\/12393","targetHints":{"allow":["GET"]}}],"collection":[{"href":"https:\/\/feuerwehr-vglambrecht.de\/cms\/wp-json\/wp\/v2\/posts"}],"about":[{"href":"https:\/\/feuerwehr-vglambrecht.de\/cms\/wp-json\/wp\/v2\/types\/post"}],"author":[{"embeddable":true,"href":"https:\/\/feuerwehr-vglambrecht.de\/cms\/wp-json\/wp\/v2\/users\/22"}],"replies":[{"embeddable":true,"href":"https:\/\/feuerwehr-vglambrecht.de\/cms\/wp-json\/wp\/v2\/comments?post=12393"}],"version-history":[{"count":16,"href":"https:\/\/feuerwehr-vglambrecht.de\/cms\/wp-json\/wp\/v2\/posts\/12393\/revisions"}],"predecessor-version":[{"id":12411,"href":"https:\/\/feuerwehr-vglambrecht.de\/cms\/wp-json\/wp\/v2\/posts\/12393\/revisions\/12411"}],"wp:featuredmedia":[{"embeddable":true,"href":"https:\/\/feuerwehr-vglambrecht.de\/cms\/wp-json\/wp\/v2\/media\/12412"}],"wp:attachment":[{"href":"https:\/\/feuerwehr-vglambrecht.de\/cms\/wp-json\/wp\/v2\/media?parent=12393"}],"wp:term":[{"taxonomy":"category","embeddable":true,"href":"https:\/\/feuerwehr-vglambrecht.de\/cms\/wp-json\/wp\/v2\/categories?post=12393"},{"taxonomy":"post_tag","embeddable":true,"href":"https:\/\/feuerwehr-vglambrecht.de\/cms\/wp-json\/wp\/v2\/tags?post=12393"}],"curies":[{"name":"wp","href":"https:\/\/api.w.org\/{rel}","templated":true}]}}