{"id":11822,"date":"2023-07-27T13:03:08","date_gmt":"2023-07-27T11:03:08","guid":{"rendered":"https:\/\/feuerwehr-vglambrecht.de\/cms\/?p=11822"},"modified":"2023-07-27T13:03:08","modified_gmt":"2023-07-27T11:03:08","slug":"1-verbandsgemeinde-zeltlager-der-jugendfeuerwehren-vg-lambrecht-pfalz","status":"publish","type":"post","link":"https:\/\/feuerwehr-vglambrecht.de\/cms\/2023\/07\/27\/1-verbandsgemeinde-zeltlager-der-jugendfeuerwehren-vg-lambrecht-pfalz\/","title":{"rendered":"1. Verbandsgemeinde Zeltlager der Jugendfeuerwehren VG Lambrecht (Pfalz)"},"content":{"rendered":"<p style=\"font-weight: 400;\">Die Jugendfeuerwehren der VG Lambrecht (Pfalz) veranstalteten vom 22.07.-23.07.2023 ein Zeltlager in Weidenthal. Die Jugendfeuerwehren aus Lambrecht, Weidenthal, Iggelbach, Elmstein und die Kinderfeuerwehr aus Iggelbach, nahmen mit gro\u00dfer Freude und insgesamt 37 Kinder- und Jugendlichen und 15 Betreuern am Zeltlager teil.<!--more--><\/p>\n<p style=\"font-weight: 400;\">Am ersten Tag trafen sich alle zur Er\u00f6ffnung durch den VG-Jugendfeuerwehrwart im Erdbeertal in Weidenthal. Danach wurden gemeinsam die Zelte aufgebaut. Der Tag bestand aus einem vielf\u00e4ltigen Spieleprogramm, aber auch viel Freizeit in dieser sich die Kinder- und Jugendlichen aus den verschiedenen Einheiten kennenlernen und gemeinsam den Tag verbringen konnten. Zus\u00e4tzlich wurde die Abnahme der Jugendflamme 1 f\u00fcr die Jugendfeuerwehren aus Elmstein und Iggelbach durchgef\u00fchrt. Alle angetretenen Jugendlichen absolvierten die Abnahme der Jugendflamme 1 erfolgreich. Abends wurde gemeinsam gegrillt und zum Abschluss des Tages eine Nachtwanderung durchgef\u00fchrt.<\/p>\n<p style=\"font-weight: 400;\">Der zweite Tag begann mit einem ausgiebigen Fr\u00fchst\u00fcck, bevor im Anschluss die Zelte gemeinsam abgebaut wurden. Bis zum Mittag traten die Jugendlichen in unterschiedlichen Freizeitspielen gegen ihre Betreuer an.<\/p>\n<p style=\"font-weight: 400;\">Durch den VG-Jugendfeuerwehrwart Yannik Munzinger und den VG-B\u00fcrgermeister Gernot Kuhn, wurde das Zeltlager mit der \u00dcbergabe von Medaillen und Pokale beendet.<\/p>\n<p style=\"font-weight: 400;\">Dank gilt den Jugendfeuerwehrwarten und Jugendfeuerwehrwartinnen der VG f\u00fcr die Betreuung und Unterst\u00fctzung bei der Planung und Durchf\u00fchrung des Zeltlagers. Ein besonderer Dank gilt der Einheit Weidenthal, die sich als diesj\u00e4hriger Ausrichter um das leibliche Wohl k\u00fcmmerte. Ebenfalls zu danken ist unserem B\u00fcrgermeister Gernot Kuhn und allen Vertretern der Wehrf\u00fchrer, die ihre Jugendfeuerwehren im Tal unterst\u00fctzten.<\/p>\n<p style=\"font-weight: 400;\">Ein weiterer Dank geht an die Firma Hellenbrand Maschinenbau GmbH aus Lambrecht, welche als Sponsor die Kosten f\u00fcr das Essen und die Getr\u00e4nke \u00fcbernahm.<\/p>\n<p style=\"font-weight: 400;\">Wir freuen uns auf das n\u00e4chste VG-Zeltlager der Jugendfeuerwehren VG Lambrecht (Pfalz).<\/p>\n<p style=\"font-weight: 400;\"><strong>\u00a0<\/strong><\/p>\n<p style=\"font-weight: 400;\"><strong>Wenn ihr Kind Interesse an der Kinder- und Jugendfeuerwehr hat, sprechen Sie uns gerne an.<\/strong><\/p>\n<p style=\"font-weight: 400;\"><strong>Sie finden uns aktuell als Kinderfeuerwehr (6-10 Jahren) in Iggelbach und Lambrecht und als Jugendfeuerwehr (10-16 Jahren) in Elmstein, Lambrecht, Iggelbach und Weidenthal.<\/strong><\/p>\n\n<div class=\"ngg-galleryoverview\" id=\"ngg-gallery-442-11822\">\n\n\t<!-- Slideshow link -->\n\t<div class=\"slideshowlink\">\n\t\t<a class=\"slideshowlink\" href=\"https:\/\/feuerwehr-vglambrecht.de\/cms\/2023\/07\/27\/1-verbandsgemeinde-zeltlager-der-jugendfeuerwehren-vg-lambrecht-pfalz\/nggallery\/slideshow\">\n\t\t\t[Show as slideshow]\t\t<\/a>\n\t<\/div>\n\n\t\n\t<!-- Thumbnails -->\n\t\t\n\t<div id=\"ngg-image-2527\" class=\"ngg-gallery-thumbnail-box\"  >\n\t\t<div class=\"ngg-gallery-thumbnail\" >\n\t\t\t<a href=\"https:\/\/feuerwehr-vglambrecht.de\/cms\/wp-content\/gallery\/jfw-zeltlager-vg\/img_7753.jpg\" title=\" \" class=\"shutterset_set_442\" >\n\t\t\t\t\t\t\t\t<img loading=\"lazy\" decoding=\"async\" title=\"img_7753\" alt=\"img_7753\" src=\"https:\/\/feuerwehr-vglambrecht.de\/cms\/wp-content\/gallery\/jfw-zeltlager-vg\/thumbs\/thumbs_img_7753.jpg\" width=\"100\" height=\"75\" \/>\n\t\t\t\t\t\t\t<\/a>\n\t\t<\/div>\n\t<\/div>\n\t\n\t\t\n \t\t\n\t<div id=\"ngg-image-2528\" class=\"ngg-gallery-thumbnail-box\"  >\n\t\t<div class=\"ngg-gallery-thumbnail\" >\n\t\t\t<a href=\"https:\/\/feuerwehr-vglambrecht.de\/cms\/wp-content\/gallery\/jfw-zeltlager-vg\/img_7760.jpg\" title=\" \" class=\"shutterset_set_442\" >\n\t\t\t\t\t\t\t\t<img loading=\"lazy\" decoding=\"async\" title=\"img_7760\" alt=\"img_7760\" src=\"https:\/\/feuerwehr-vglambrecht.de\/cms\/wp-content\/gallery\/jfw-zeltlager-vg\/thumbs\/thumbs_img_7760.jpg\" width=\"100\" height=\"75\" \/>\n\t\t\t\t\t\t\t<\/a>\n\t\t<\/div>\n\t<\/div>\n\t\n\t\t\n \t\t\n\t<div id=\"ngg-image-2529\" class=\"ngg-gallery-thumbnail-box\"  >\n\t\t<div class=\"ngg-gallery-thumbnail\" >\n\t\t\t<a href=\"https:\/\/feuerwehr-vglambrecht.de\/cms\/wp-content\/gallery\/jfw-zeltlager-vg\/img_7762.jpg\" title=\" \" class=\"shutterset_set_442\" >\n\t\t\t\t\t\t\t\t<img loading=\"lazy\" decoding=\"async\" title=\"img_7762\" alt=\"img_7762\" src=\"https:\/\/feuerwehr-vglambrecht.de\/cms\/wp-content\/gallery\/jfw-zeltlager-vg\/thumbs\/thumbs_img_7762.jpg\" width=\"100\" height=\"75\" \/>\n\t\t\t\t\t\t\t<\/a>\n\t\t<\/div>\n\t<\/div>\n\t\n\t\t\n \t\t\n\t<div id=\"ngg-image-2530\" class=\"ngg-gallery-thumbnail-box\"  >\n\t\t<div class=\"ngg-gallery-thumbnail\" >\n\t\t\t<a href=\"https:\/\/feuerwehr-vglambrecht.de\/cms\/wp-content\/gallery\/jfw-zeltlager-vg\/img_7764.jpg\" title=\" \" class=\"shutterset_set_442\" >\n\t\t\t\t\t\t\t\t<img loading=\"lazy\" decoding=\"async\" title=\"img_7764\" alt=\"img_7764\" src=\"https:\/\/feuerwehr-vglambrecht.de\/cms\/wp-content\/gallery\/jfw-zeltlager-vg\/thumbs\/thumbs_img_7764.jpg\" width=\"100\" height=\"75\" \/>\n\t\t\t\t\t\t\t<\/a>\n\t\t<\/div>\n\t<\/div>\n\t\n\t\t\n \t\t\n\t<div id=\"ngg-image-2531\" class=\"ngg-gallery-thumbnail-box\"  >\n\t\t<div class=\"ngg-gallery-thumbnail\" >\n\t\t\t<a href=\"https:\/\/feuerwehr-vglambrecht.de\/cms\/wp-content\/gallery\/jfw-zeltlager-vg\/img_7783.jpg\" title=\" \" class=\"shutterset_set_442\" >\n\t\t\t\t\t\t\t\t<img loading=\"lazy\" decoding=\"async\" title=\"img_7783\" alt=\"img_7783\" src=\"https:\/\/feuerwehr-vglambrecht.de\/cms\/wp-content\/gallery\/jfw-zeltlager-vg\/thumbs\/thumbs_img_7783.jpg\" width=\"100\" height=\"75\" \/>\n\t\t\t\t\t\t\t<\/a>\n\t\t<\/div>\n\t<\/div>\n\t\n\t\t\n \t\t\n\t<div id=\"ngg-image-2532\" class=\"ngg-gallery-thumbnail-box\"  >\n\t\t<div class=\"ngg-gallery-thumbnail\" >\n\t\t\t<a href=\"https:\/\/feuerwehr-vglambrecht.de\/cms\/wp-content\/gallery\/jfw-zeltlager-vg\/img_7796.jpg\" title=\" \" class=\"shutterset_set_442\" >\n\t\t\t\t\t\t\t\t<img loading=\"lazy\" decoding=\"async\" title=\"img_7796\" alt=\"img_7796\" src=\"https:\/\/feuerwehr-vglambrecht.de\/cms\/wp-content\/gallery\/jfw-zeltlager-vg\/thumbs\/thumbs_img_7796.jpg\" width=\"100\" height=\"75\" \/>\n\t\t\t\t\t\t\t<\/a>\n\t\t<\/div>\n\t<\/div>\n\t\n\t\t\n \t\t\n\t<div id=\"ngg-image-2533\" class=\"ngg-gallery-thumbnail-box\"  >\n\t\t<div class=\"ngg-gallery-thumbnail\" >\n\t\t\t<a href=\"https:\/\/feuerwehr-vglambrecht.de\/cms\/wp-content\/gallery\/jfw-zeltlager-vg\/img_7801.jpg\" title=\" \" class=\"shutterset_set_442\" >\n\t\t\t\t\t\t\t\t<img loading=\"lazy\" decoding=\"async\" title=\"img_7801\" alt=\"img_7801\" src=\"https:\/\/feuerwehr-vglambrecht.de\/cms\/wp-content\/gallery\/jfw-zeltlager-vg\/thumbs\/thumbs_img_7801.jpg\" width=\"100\" height=\"75\" \/>\n\t\t\t\t\t\t\t<\/a>\n\t\t<\/div>\n\t<\/div>\n\t\n\t\t\n \t\t\n\t<div id=\"ngg-image-2534\" class=\"ngg-gallery-thumbnail-box\"  >\n\t\t<div class=\"ngg-gallery-thumbnail\" >\n\t\t\t<a href=\"https:\/\/feuerwehr-vglambrecht.de\/cms\/wp-content\/gallery\/jfw-zeltlager-vg\/img_7811.jpg\" title=\" \" class=\"shutterset_set_442\" >\n\t\t\t\t\t\t\t\t<img loading=\"lazy\" decoding=\"async\" title=\"img_7811\" alt=\"img_7811\" src=\"https:\/\/feuerwehr-vglambrecht.de\/cms\/wp-content\/gallery\/jfw-zeltlager-vg\/thumbs\/thumbs_img_7811.jpg\" width=\"100\" height=\"75\" \/>\n\t\t\t\t\t\t\t<\/a>\n\t\t<\/div>\n\t<\/div>\n\t\n\t\t\n \t\t\n\t<div id=\"ngg-image-2535\" class=\"ngg-gallery-thumbnail-box\"  >\n\t\t<div class=\"ngg-gallery-thumbnail\" >\n\t\t\t<a href=\"https:\/\/feuerwehr-vglambrecht.de\/cms\/wp-content\/gallery\/jfw-zeltlager-vg\/img_7812.jpg\" title=\" \" class=\"shutterset_set_442\" >\n\t\t\t\t\t\t\t\t<img loading=\"lazy\" decoding=\"async\" title=\"img_7812\" alt=\"img_7812\" src=\"https:\/\/feuerwehr-vglambrecht.de\/cms\/wp-content\/gallery\/jfw-zeltlager-vg\/thumbs\/thumbs_img_7812.jpg\" width=\"100\" height=\"75\" \/>\n\t\t\t\t\t\t\t<\/a>\n\t\t<\/div>\n\t<\/div>\n\t\n\t\t\n \t\t\n\t<div id=\"ngg-image-2536\" class=\"ngg-gallery-thumbnail-box\"  >\n\t\t<div class=\"ngg-gallery-thumbnail\" >\n\t\t\t<a href=\"https:\/\/feuerwehr-vglambrecht.de\/cms\/wp-content\/gallery\/jfw-zeltlager-vg\/img_7813.jpg\" title=\" \" class=\"shutterset_set_442\" >\n\t\t\t\t\t\t\t\t<img loading=\"lazy\" decoding=\"async\" title=\"img_7813\" alt=\"img_7813\" src=\"https:\/\/feuerwehr-vglambrecht.de\/cms\/wp-content\/gallery\/jfw-zeltlager-vg\/thumbs\/thumbs_img_7813.jpg\" width=\"100\" height=\"75\" \/>\n\t\t\t\t\t\t\t<\/a>\n\t\t<\/div>\n\t<\/div>\n\t\n\t\t\n \t \t\n\t<!-- Pagination -->\n \t<div class='ngg-clear'><\/div>\n \t\n<\/div>\n\n\n","protected":false},"excerpt":{"rendered":"<p>Die Jugendfeuerwehren der VG Lambrecht (Pfalz) veranstalteten vom 22.07.-23.07.2023 ein Zeltlager in Weidenthal. Die Jugendfeuerwehren aus Lambrecht, Weidenthal, Iggelbach, Elmstein und die Kinderfeuerwehr aus Iggelbach, nahmen mit gro\u00dfer Freude und insgesamt 37 Kinder- und Jugendlichen und 15 Betreuern am Zeltlager teil.<\/p>\n","protected":false},"author":17,"featured_media":11826,"comment_status":"closed","ping_status":"closed","sticky":false,"template":"","format":"standard","meta":{"footnotes":""},"categories":[1,124,127,126,128,129,123],"tags":[],"class_list":["post-11822","post","type-post","status-publish","format-standard","has-post-thumbnail","hentry","category-allgemein","category-jf-elmstein","category-jf-iggelbach","category-jf-lambrecht","category-jf-neidenfels","category-jf-weidenthal","category-jugendfeuerwehr"],"better_featured_image":{"id":11826,"alt_text":"","caption":"","description":"","media_type":"image","media_details":{"width":2560,"height":1920,"file":"2023\/07\/IMG_7796-scaled.jpeg","filesize":1348561,"sizes":{"medium_large":{"file":"IMG_7796-768x576.jpeg","width":768,"height":576,"mime-type":"image\/jpeg","filesize":154261,"source_url":"https:\/\/feuerwehr-vglambrecht.de\/cms\/wp-content\/uploads\/2023\/07\/IMG_7796-768x576.jpeg"},"1536x1536":{"file":"IMG_7796-1536x1152.jpeg","width":1536,"height":1152,"mime-type":"image\/jpeg","filesize":556598,"source_url":"https:\/\/feuerwehr-vglambrecht.de\/cms\/wp-content\/uploads\/2023\/07\/IMG_7796-1536x1152.jpeg"},"2048x2048":{"file":"IMG_7796-2048x1536.jpeg","width":2048,"height":1536,"mime-type":"image\/jpeg","filesize":932347,"source_url":"https:\/\/feuerwehr-vglambrecht.de\/cms\/wp-content\/uploads\/2023\/07\/IMG_7796-2048x1536.jpeg"},"wptouch-new-thumbnail":{"file":"IMG_7796-144x144.jpeg","width":144,"height":144,"mime-type":"image\/jpeg","filesize":8218,"source_url":"https:\/\/feuerwehr-vglambrecht.de\/cms\/wp-content\/uploads\/2023\/07\/IMG_7796-144x144.jpeg"},"landing_image":{"file":"IMG_7796-1024x460.jpeg","width":1024,"height":460,"mime-type":"image\/jpeg","filesize":155443,"source_url":"https:\/\/feuerwehr-vglambrecht.de\/cms\/wp-content\/uploads\/2023\/07\/IMG_7796-1024x460.jpeg"},"thumbnail":{"file":"IMG_7796-150x150.jpeg","width":150,"height":150,"source_url":"https:\/\/feuerwehr-vglambrecht.de\/cms\/wp-content\/uploads\/2023\/07\/IMG_7796-150x150.jpeg"},"medium":{"file":"IMG_7796-300x225.jpeg","width":300,"height":225,"source_url":"https:\/\/feuerwehr-vglambrecht.de\/cms\/wp-content\/uploads\/2023\/07\/IMG_7796-300x225.jpeg"},"large":{"file":"IMG_7796-1024x768.jpeg","width":1024,"height":768,"source_url":"https:\/\/feuerwehr-vglambrecht.de\/cms\/wp-content\/uploads\/2023\/07\/IMG_7796-1024x768.jpeg"}},"image_meta":{"aperture":"0","credit":"","camera":"","caption":"","created_timestamp":"0","copyright":"","focal_length":"0","iso":"0","shutter_speed":"0","title":"","orientation":"1","keywords":[]},"original_image":"IMG_7796.jpeg","image-converter":{"thumbnail":"IME","medium":"IME","large":"IME"}},"post":11822,"source_url":"https:\/\/feuerwehr-vglambrecht.de\/cms\/wp-content\/uploads\/2023\/07\/IMG_7796-scaled.jpeg"},"_links":{"self":[{"href":"https:\/\/feuerwehr-vglambrecht.de\/cms\/wp-json\/wp\/v2\/posts\/11822","targetHints":{"allow":["GET"]}}],"collection":[{"href":"https:\/\/feuerwehr-vglambrecht.de\/cms\/wp-json\/wp\/v2\/posts"}],"about":[{"href":"https:\/\/feuerwehr-vglambrecht.de\/cms\/wp-json\/wp\/v2\/types\/post"}],"author":[{"embeddable":true,"href":"https:\/\/feuerwehr-vglambrecht.de\/cms\/wp-json\/wp\/v2\/users\/17"}],"replies":[{"embeddable":true,"href":"https:\/\/feuerwehr-vglambrecht.de\/cms\/wp-json\/wp\/v2\/comments?post=11822"}],"version-history":[{"count":3,"href":"https:\/\/feuerwehr-vglambrecht.de\/cms\/wp-json\/wp\/v2\/posts\/11822\/revisions"}],"predecessor-version":[{"id":11825,"href":"https:\/\/feuerwehr-vglambrecht.de\/cms\/wp-json\/wp\/v2\/posts\/11822\/revisions\/11825"}],"wp:featuredmedia":[{"embeddable":true,"href":"https:\/\/feuerwehr-vglambrecht.de\/cms\/wp-json\/wp\/v2\/media\/11826"}],"wp:attachment":[{"href":"https:\/\/feuerwehr-vglambrecht.de\/cms\/wp-json\/wp\/v2\/media?parent=11822"}],"wp:term":[{"taxonomy":"category","embeddable":true,"href":"https:\/\/feuerwehr-vglambrecht.de\/cms\/wp-json\/wp\/v2\/categories?post=11822"},{"taxonomy":"post_tag","embeddable":true,"href":"https:\/\/feuerwehr-vglambrecht.de\/cms\/wp-json\/wp\/v2\/tags?post=11822"}],"curies":[{"name":"wp","href":"https:\/\/api.w.org\/{rel}","templated":true}]}}