{"id":11471,"date":"2023-04-01T19:02:03","date_gmt":"2023-04-01T17:02:03","guid":{"rendered":"https:\/\/feuerwehr-vglambrecht.de\/cms\/?p=11471"},"modified":"2023-04-01T19:02:03","modified_gmt":"2023-04-01T17:02:03","slug":"uebung","status":"publish","type":"post","link":"https:\/\/feuerwehr-vglambrecht.de\/cms\/2023\/04\/01\/uebung\/","title":{"rendered":"\u00dcbung Ausr\u00fcckebereich West FW Esthal und FW Frankeneck"},"content":{"rendered":"<p><strong>Geb\u00e4udebrand mit Menschenrettung<\/strong><br \/>\n(Gemeinschafts\u00fcbung Ausr\u00fcckebereichs West FW Esthal, Frankeneck)<\/p>\n<p>Am 28. M\u00e4rz 2023 fand in Esthal eine Gemeinschafts\u00fcbung der Feuerwehren Esthal und Frankeneck (Ausr\u00fcckebereich West) statt.<!--more--> Angenommen war ein Geb\u00e4udebrand mit Menschenrettung, verursacht durch eine Verpuffung im Kellerbereich bei Bauarbeiten. Insgesamt mussten drei Personen aus verschiedenen Stockwerken des Geb\u00e4udes gerettet werden. Erschwert durch starke Rauchentwicklung im Keller und im Treppenhaus wurden zwei Personen unter schwerem Atemschutz \u00fcber den baulichen Rettungsweg gerettet. Eine Person musste \u00fcber tragbare Leitern aus dem 1. Obergeschoss in Sicherheit gebracht werden. Im Anschluss wurde die Brandbek\u00e4mpfung eingeleitet.<\/p>\n<p>Ziel der \u00dcbung war:<\/p>\n<p>&#8211; Korrektes einsatztaktische Vorgehen<br \/>\n&#8211; Priorit\u00e4ten richtig setzen<br \/>\n&#8211; Einsatz unter Atemschutz mit erschwerten Bedingungen<br \/>\n&#8211; Eigensicherung der Kr\u00e4fte im Geb\u00e4ude<br \/>\n&#8211; Taktische Ventilation<br \/>\n&#8211; Zusammenarbeit der Feuerwehreinheiten verbessern<\/p>\n<p>Bei der Nachbesprechung der \u00dcbung wurden im gro\u00dfen und kleinem Kreis Kritikpunkte angesprochen und Verbesserungen gesehen.<\/p>\n<p>Ein Dank an Marcel Schlage, der uns das \u00dcbungsobjekt zur Verf\u00fcgung gestellt hatte.<\/p>\n\n<div class=\"ngg-galleryoverview\" id=\"ngg-gallery-421-11471\">\n\n\t<!-- Slideshow link -->\n\t<div class=\"slideshowlink\">\n\t\t<a class=\"slideshowlink\" href=\"https:\/\/feuerwehr-vglambrecht.de\/cms\/2023\/04\/01\/uebung\/nggallery\/slideshow\">\n\t\t\t[Show as slideshow]\t\t<\/a>\n\t<\/div>\n\n\t\n\t<!-- Thumbnails -->\n\t\t\n\t<div id=\"ngg-image-2403\" class=\"ngg-gallery-thumbnail-box\"  >\n\t\t<div class=\"ngg-gallery-thumbnail\" >\n\t\t\t<a href=\"https:\/\/feuerwehr-vglambrecht.de\/cms\/wp-content\/gallery\/uebung-fw-esthal-und-frankeneck-28-3-2023\/ispm9417_0.jpg\" title=\" \" class=\"shutterset_set_421\" >\n\t\t\t\t\t\t\t\t<img loading=\"lazy\" decoding=\"async\" title=\"ispm9417_0\" alt=\"ispm9417_0\" src=\"https:\/\/feuerwehr-vglambrecht.de\/cms\/wp-content\/gallery\/uebung-fw-esthal-und-frankeneck-28-3-2023\/thumbs\/thumbs_ispm9417_0.jpg\" width=\"100\" height=\"75\" \/>\n\t\t\t\t\t\t\t<\/a>\n\t\t<\/div>\n\t<\/div>\n\t\n\t\t\n \t\t\n\t<div id=\"ngg-image-2404\" class=\"ngg-gallery-thumbnail-box\"  >\n\t\t<div class=\"ngg-gallery-thumbnail\" >\n\t\t\t<a href=\"https:\/\/feuerwehr-vglambrecht.de\/cms\/wp-content\/gallery\/uebung-fw-esthal-und-frankeneck-28-3-2023\/moof7769.jpg\" title=\" \" class=\"shutterset_set_421\" >\n\t\t\t\t\t\t\t\t<img loading=\"lazy\" decoding=\"async\" title=\"moof7769\" alt=\"moof7769\" src=\"https:\/\/feuerwehr-vglambrecht.de\/cms\/wp-content\/gallery\/uebung-fw-esthal-und-frankeneck-28-3-2023\/thumbs\/thumbs_moof7769.jpg\" width=\"100\" height=\"75\" \/>\n\t\t\t\t\t\t\t<\/a>\n\t\t<\/div>\n\t<\/div>\n\t\n\t\t\n \t\t\n\t<div id=\"ngg-image-2405\" class=\"ngg-gallery-thumbnail-box\"  >\n\t\t<div class=\"ngg-gallery-thumbnail\" >\n\t\t\t<a href=\"https:\/\/feuerwehr-vglambrecht.de\/cms\/wp-content\/gallery\/uebung-fw-esthal-und-frankeneck-28-3-2023\/psdj2940.jpg\" title=\" \" class=\"shutterset_set_421\" >\n\t\t\t\t\t\t\t\t<img loading=\"lazy\" decoding=\"async\" title=\"psdj2940\" alt=\"psdj2940\" src=\"https:\/\/feuerwehr-vglambrecht.de\/cms\/wp-content\/gallery\/uebung-fw-esthal-und-frankeneck-28-3-2023\/thumbs\/thumbs_psdj2940.jpg\" width=\"100\" height=\"75\" \/>\n\t\t\t\t\t\t\t<\/a>\n\t\t<\/div>\n\t<\/div>\n\t\n\t\t\n \t\t\n\t<div id=\"ngg-image-2406\" class=\"ngg-gallery-thumbnail-box\"  >\n\t\t<div class=\"ngg-gallery-thumbnail\" >\n\t\t\t<a href=\"https:\/\/feuerwehr-vglambrecht.de\/cms\/wp-content\/gallery\/uebung-fw-esthal-und-frankeneck-28-3-2023\/romk5726.jpg\" title=\" \" class=\"shutterset_set_421\" >\n\t\t\t\t\t\t\t\t<img loading=\"lazy\" decoding=\"async\" title=\"romk5726\" alt=\"romk5726\" src=\"https:\/\/feuerwehr-vglambrecht.de\/cms\/wp-content\/gallery\/uebung-fw-esthal-und-frankeneck-28-3-2023\/thumbs\/thumbs_romk5726.jpg\" width=\"100\" height=\"75\" \/>\n\t\t\t\t\t\t\t<\/a>\n\t\t<\/div>\n\t<\/div>\n\t\n\t\t\n \t\t\n\t<div id=\"ngg-image-2407\" class=\"ngg-gallery-thumbnail-box\"  >\n\t\t<div class=\"ngg-gallery-thumbnail\" >\n\t\t\t<a href=\"https:\/\/feuerwehr-vglambrecht.de\/cms\/wp-content\/gallery\/uebung-fw-esthal-und-frankeneck-28-3-2023\/txhg3513.jpg\" title=\" \" class=\"shutterset_set_421\" >\n\t\t\t\t\t\t\t\t<img loading=\"lazy\" decoding=\"async\" title=\"txhg3513\" alt=\"txhg3513\" src=\"https:\/\/feuerwehr-vglambrecht.de\/cms\/wp-content\/gallery\/uebung-fw-esthal-und-frankeneck-28-3-2023\/thumbs\/thumbs_txhg3513.jpg\" width=\"100\" height=\"75\" \/>\n\t\t\t\t\t\t\t<\/a>\n\t\t<\/div>\n\t<\/div>\n\t\n\t\t\n \t \t\n\t<!-- Pagination -->\n \t<div class='ngg-clear'><\/div>\n \t\n<\/div>\n\n\n","protected":false},"excerpt":{"rendered":"<p>Geb\u00e4udebrand mit Menschenrettung (Gemeinschafts\u00fcbung Ausr\u00fcckebereichs West FW Esthal, Frankeneck) Am 28. M\u00e4rz 2023 fand in Esthal eine Gemeinschafts\u00fcbung der Feuerwehren Esthal und Frankeneck (Ausr\u00fcckebereich West) statt.<\/p>\n","protected":false},"author":5,"featured_media":11475,"comment_status":"closed","ping_status":"closed","sticky":false,"template":"","format":"standard","meta":{"footnotes":""},"categories":[1],"tags":[138,383,141,373,168],"class_list":["post-11471","post","type-post","status-publish","format-standard","has-post-thumbnail","hentry","category-allgemein","tag-esthal","tag-feuerwehrvglambrecht","tag-frankeneck","tag-immerda","tag-uebung"],"better_featured_image":{"id":11475,"alt_text":"","caption":"","description":"","media_type":"image","media_details":{"width":2048,"height":1536,"file":"2023\/04\/ISPM9417.jpg","filesize":266296,"sizes":{"medium_large":{"file":"ISPM9417-768x576.jpg","width":768,"height":576,"mime-type":"image\/jpeg","filesize":54732,"source_url":"https:\/\/feuerwehr-vglambrecht.de\/cms\/wp-content\/uploads\/2023\/04\/ISPM9417-768x576.jpg"},"1536x1536":{"file":"ISPM9417-1536x1152.jpg","width":1536,"height":1152,"mime-type":"image\/jpeg","filesize":167611,"source_url":"https:\/\/feuerwehr-vglambrecht.de\/cms\/wp-content\/uploads\/2023\/04\/ISPM9417-1536x1152.jpg"},"wptouch-new-thumbnail":{"file":"ISPM9417-144x144.jpg","width":144,"height":144,"mime-type":"image\/jpeg","filesize":4561,"source_url":"https:\/\/feuerwehr-vglambrecht.de\/cms\/wp-content\/uploads\/2023\/04\/ISPM9417-144x144.jpg"},"landing_image":{"file":"ISPM9417-1024x460.jpg","width":1024,"height":460,"mime-type":"image\/jpeg","filesize":51369,"source_url":"https:\/\/feuerwehr-vglambrecht.de\/cms\/wp-content\/uploads\/2023\/04\/ISPM9417-1024x460.jpg"},"thumbnail":{"file":"ISPM9417-150x150.jpg","width":150,"height":150,"source_url":"https:\/\/feuerwehr-vglambrecht.de\/cms\/wp-content\/uploads\/2023\/04\/ISPM9417-150x150.jpg"},"medium":{"file":"ISPM9417-300x225.jpg","width":300,"height":225,"source_url":"https:\/\/feuerwehr-vglambrecht.de\/cms\/wp-content\/uploads\/2023\/04\/ISPM9417-300x225.jpg"},"large":{"file":"ISPM9417-1024x768.jpg","width":1024,"height":768,"source_url":"https:\/\/feuerwehr-vglambrecht.de\/cms\/wp-content\/uploads\/2023\/04\/ISPM9417-1024x768.jpg"}},"image_meta":{"aperture":"0","credit":"","camera":"","caption":"","created_timestamp":"0","copyright":"","focal_length":"0","iso":"0","shutter_speed":"0","title":"","orientation":"0","keywords":[]},"image-converter":{"thumbnail":"IME","medium":"IME","large":"IME"}},"post":11471,"source_url":"https:\/\/feuerwehr-vglambrecht.de\/cms\/wp-content\/uploads\/2023\/04\/ISPM9417.jpg"},"_links":{"self":[{"href":"https:\/\/feuerwehr-vglambrecht.de\/cms\/wp-json\/wp\/v2\/posts\/11471","targetHints":{"allow":["GET"]}}],"collection":[{"href":"https:\/\/feuerwehr-vglambrecht.de\/cms\/wp-json\/wp\/v2\/posts"}],"about":[{"href":"https:\/\/feuerwehr-vglambrecht.de\/cms\/wp-json\/wp\/v2\/types\/post"}],"author":[{"embeddable":true,"href":"https:\/\/feuerwehr-vglambrecht.de\/cms\/wp-json\/wp\/v2\/users\/5"}],"replies":[{"embeddable":true,"href":"https:\/\/feuerwehr-vglambrecht.de\/cms\/wp-json\/wp\/v2\/comments?post=11471"}],"version-history":[{"count":3,"href":"https:\/\/feuerwehr-vglambrecht.de\/cms\/wp-json\/wp\/v2\/posts\/11471\/revisions"}],"predecessor-version":[{"id":11474,"href":"https:\/\/feuerwehr-vglambrecht.de\/cms\/wp-json\/wp\/v2\/posts\/11471\/revisions\/11474"}],"wp:featuredmedia":[{"embeddable":true,"href":"https:\/\/feuerwehr-vglambrecht.de\/cms\/wp-json\/wp\/v2\/media\/11475"}],"wp:attachment":[{"href":"https:\/\/feuerwehr-vglambrecht.de\/cms\/wp-json\/wp\/v2\/media?parent=11471"}],"wp:term":[{"taxonomy":"category","embeddable":true,"href":"https:\/\/feuerwehr-vglambrecht.de\/cms\/wp-json\/wp\/v2\/categories?post=11471"},{"taxonomy":"post_tag","embeddable":true,"href":"https:\/\/feuerwehr-vglambrecht.de\/cms\/wp-json\/wp\/v2\/tags?post=11471"}],"curies":[{"name":"wp","href":"https:\/\/api.w.org\/{rel}","templated":true}]}}