{"id":11188,"date":"2023-01-09T13:11:31","date_gmt":"2023-01-09T12:11:31","guid":{"rendered":"https:\/\/feuerwehr-vglambrecht.de\/cms\/?p=11188"},"modified":"2023-01-09T13:11:31","modified_gmt":"2023-01-09T12:11:31","slug":"die-first-responder-sagen-danke","status":"publish","type":"post","link":"https:\/\/feuerwehr-vglambrecht.de\/cms\/2023\/01\/09\/die-first-responder-sagen-danke\/","title":{"rendered":"Die First Responder sagen Danke"},"content":{"rendered":"<p>Zum Jahreswechsel k\u00f6nnen die First Responder der Feuerwehr VG Lambrecht auf ein ereignisreiches Jahr 2022 zur\u00fcckblicken. Es wurde eine Vielzahl von Eins\u00e4tzen zusammen mit dem Regelrettungsdienst und der Feuerwehr abgearbeitet.<\/p>\n<p>Ein Start in ein neues Jahr bietet immer Gelegenheit, um Danke zu sagen. Im Zuge dessen wollen sich die Verantwortlichen bei allen Mitgliedern bedanken, die in Ihrer Freizeit den Dienst an der Bev\u00f6lkerung leisten.<\/p>\n<p>Dank gilt auch allen Mitarbeitenden der DRK Rettungsdienst Vorderpfalz und Westpfalz GmbH, den Not\u00e4rzten und den Kameraden der Feuerwehr f\u00fcr die gute und vertrauensvolle Zusammenarbeit.<\/p>\n<p>Ein weiteres Danke richtet sich an alle Spender und Sponsoren, welche die Arbeit der First Responder unterst\u00fctzt haben.<\/p>\n<p>F\u00fcr das Jahr 2023 w\u00fcnschen wir allen viel Gesundheit.<\/p>\n<p>Ihre First Responder der Feuerwehr VG Lambrecht<\/p>\n<p>&nbsp;<\/p>\n<p>Wenn Sie die Einheit (\u00fcberwiegend durch Spenden finanziert) unterst\u00fctzten wollen, dann spenden Sie mit dem Verwendungszweck &#8222;First Responder&#8220; auf das Konto mit der IBAN: DE 51 5479 0000 0013 1062 07<\/p>\n\n<div class=\"ngg-galleryoverview\" id=\"ngg-gallery-410-11188\">\n\n\t<!-- Slideshow link -->\n\t<div class=\"slideshowlink\">\n\t\t<a class=\"slideshowlink\" href=\"https:\/\/feuerwehr-vglambrecht.de\/cms\/2023\/01\/09\/die-first-responder-sagen-danke\/nggallery\/slideshow\">\n\t\t\t[Show as slideshow]\t\t<\/a>\n\t<\/div>\n\n\t\n\t<!-- Thumbnails -->\n\t\t\n\t<div id=\"ngg-image-2372\" class=\"ngg-gallery-thumbnail-box\"  >\n\t\t<div class=\"ngg-gallery-thumbnail\" >\n\t\t\t<a href=\"https:\/\/feuerwehr-vglambrecht.de\/cms\/wp-content\/gallery\/danke-fr\/fr-3.jpg\" title=\" \" class=\"shutterset_set_410\" >\n\t\t\t\t\t\t\t\t<img loading=\"lazy\" decoding=\"async\" title=\"fr-3\" alt=\"fr-3\" src=\"https:\/\/feuerwehr-vglambrecht.de\/cms\/wp-content\/gallery\/danke-fr\/thumbs\/thumbs_fr-3.jpg\" width=\"100\" height=\"75\" \/>\n\t\t\t\t\t\t\t<\/a>\n\t\t<\/div>\n\t<\/div>\n\t\n\t\t\n \t\t\n\t<div id=\"ngg-image-2373\" class=\"ngg-gallery-thumbnail-box\"  >\n\t\t<div class=\"ngg-gallery-thumbnail\" >\n\t\t\t<a href=\"https:\/\/feuerwehr-vglambrecht.de\/cms\/wp-content\/gallery\/danke-fr\/fr-1.jpg\" title=\" \" class=\"shutterset_set_410\" >\n\t\t\t\t\t\t\t\t<img loading=\"lazy\" decoding=\"async\" title=\"fr-1\" alt=\"fr-1\" src=\"https:\/\/feuerwehr-vglambrecht.de\/cms\/wp-content\/gallery\/danke-fr\/thumbs\/thumbs_fr-1.jpg\" width=\"100\" height=\"75\" \/>\n\t\t\t\t\t\t\t<\/a>\n\t\t<\/div>\n\t<\/div>\n\t\n\t\t\n \t\t\n\t<div id=\"ngg-image-2374\" class=\"ngg-gallery-thumbnail-box\"  >\n\t\t<div class=\"ngg-gallery-thumbnail\" >\n\t\t\t<a href=\"https:\/\/feuerwehr-vglambrecht.de\/cms\/wp-content\/gallery\/danke-fr\/fr-2.jpg\" title=\" \" class=\"shutterset_set_410\" >\n\t\t\t\t\t\t\t\t<img loading=\"lazy\" decoding=\"async\" title=\"fr-2\" alt=\"fr-2\" src=\"https:\/\/feuerwehr-vglambrecht.de\/cms\/wp-content\/gallery\/danke-fr\/thumbs\/thumbs_fr-2.jpg\" width=\"100\" height=\"75\" \/>\n\t\t\t\t\t\t\t<\/a>\n\t\t<\/div>\n\t<\/div>\n\t\n\t\t\n \t \t\n\t<!-- Pagination -->\n \t<div class='ngg-clear'><\/div>\n \t\n<\/div>\n\n\n","protected":false},"excerpt":{"rendered":"<p>Zum Jahreswechsel k\u00f6nnen die First Responder der Feuerwehr VG Lambrecht auf ein ereignisreiches Jahr 2022 zur\u00fcckblicken. Es wurde eine Vielzahl von Eins\u00e4tzen zusammen mit dem Regelrettungsdienst und der Feuerwehr abgearbeitet. Ein Start in ein neues Jahr bietet immer Gelegenheit, um Danke zu sagen. Im Zuge dessen wollen sich die Verantwortlichen bei allen Mitgliedern bedanken, die in Ihrer Freizeit den Dienst an der Bev\u00f6lkerung leisten. Dank gilt auch allen Mitarbeitenden der DRK Rettungsdienst Vorderpfalz und Westpfalz GmbH, den Not\u00e4rzten und den Kameraden der Feuerwehr f\u00fcr die gute und vertrauensvolle Zusammenarbeit. Ein weiteres Danke richtet sich an alle Spender und Sponsoren, welche die Arbeit der First Responder unterst\u00fctzt haben. F\u00fcr das Jahr 2023 w\u00fcnschen wir allen viel Gesundheit. Ihre First Responder der Feuerwehr VG Lambrecht &nbsp; Wenn Sie die Einheit (\u00fcberwiegend durch Spenden finanziert) unterst\u00fctzten wollen, dann spenden Sie mit dem Verwendungszweck &#8222;First Responder&#8220; auf das Konto mit der IBAN: DE 51&hellip;<\/p>\n","protected":false},"author":20,"featured_media":10840,"comment_status":"closed","ping_status":"closed","sticky":false,"template":"","format":"standard","meta":{"footnotes":""},"categories":[1],"tags":[388,383,385,386,398],"class_list":["post-11188","post","type-post","status-publish","format-standard","has-post-thumbnail","hentry","category-allgemein","tag-ehrenamt","tag-feuerwehrvglambrecht","tag-first-reponder","tag-retterherzen","tag-wirfuereuch"],"better_featured_image":{"id":10840,"alt_text":"","caption":"","description":"","media_type":"image","media_details":{"width":1920,"height":1280,"file":"2022\/09\/IMG_0167-2.webp","filesize":370096,"sizes":{"medium_large":{"file":"IMG_0167-2-768x512.webp","width":768,"height":512,"mime-type":"image\/webp","filesize":85896,"source_url":"https:\/\/feuerwehr-vglambrecht.de\/cms\/wp-content\/uploads\/2022\/09\/IMG_0167-2-768x512.webp"},"1536x1536":{"file":"IMG_0167-2-1536x1024.webp","width":1536,"height":1024,"mime-type":"image\/webp","filesize":222828,"source_url":"https:\/\/feuerwehr-vglambrecht.de\/cms\/wp-content\/uploads\/2022\/09\/IMG_0167-2-1536x1024.webp"},"wptouch-new-thumbnail":{"file":"IMG_0167-2-144x144.webp","width":144,"height":144,"mime-type":"image\/webp","filesize":7480,"source_url":"https:\/\/feuerwehr-vglambrecht.de\/cms\/wp-content\/uploads\/2022\/09\/IMG_0167-2-144x144.webp"},"landing_image":{"file":"IMG_0167-2-1024x460.webp","width":1024,"height":460,"mime-type":"image\/webp","filesize":80804,"source_url":"https:\/\/feuerwehr-vglambrecht.de\/cms\/wp-content\/uploads\/2022\/09\/IMG_0167-2-1024x460.webp"},"foundation-featured-image":{"file":"IMG_0167-2-900x600.webp","width":900,"height":600,"mime-type":"image\/webp","filesize":108532,"source_url":"https:\/\/feuerwehr-vglambrecht.de\/cms\/wp-content\/uploads\/2022\/09\/IMG_0167-2-900x600.webp"}},"image_meta":{"aperture":"0","credit":"","camera":"","caption":"","created_timestamp":"0","copyright":"","focal_length":"0","iso":"0","shutter_speed":"0","title":"","orientation":"0","keywords":[]}},"post":10839,"source_url":"https:\/\/feuerwehr-vglambrecht.de\/cms\/wp-content\/uploads\/2022\/09\/IMG_0167-2.webp"},"_links":{"self":[{"href":"https:\/\/feuerwehr-vglambrecht.de\/cms\/wp-json\/wp\/v2\/posts\/11188","targetHints":{"allow":["GET"]}}],"collection":[{"href":"https:\/\/feuerwehr-vglambrecht.de\/cms\/wp-json\/wp\/v2\/posts"}],"about":[{"href":"https:\/\/feuerwehr-vglambrecht.de\/cms\/wp-json\/wp\/v2\/types\/post"}],"author":[{"embeddable":true,"href":"https:\/\/feuerwehr-vglambrecht.de\/cms\/wp-json\/wp\/v2\/users\/20"}],"replies":[{"embeddable":true,"href":"https:\/\/feuerwehr-vglambrecht.de\/cms\/wp-json\/wp\/v2\/comments?post=11188"}],"version-history":[{"count":6,"href":"https:\/\/feuerwehr-vglambrecht.de\/cms\/wp-json\/wp\/v2\/posts\/11188\/revisions"}],"predecessor-version":[{"id":11201,"href":"https:\/\/feuerwehr-vglambrecht.de\/cms\/wp-json\/wp\/v2\/posts\/11188\/revisions\/11201"}],"wp:featuredmedia":[{"embeddable":true,"href":"https:\/\/feuerwehr-vglambrecht.de\/cms\/wp-json\/wp\/v2\/media\/10840"}],"wp:attachment":[{"href":"https:\/\/feuerwehr-vglambrecht.de\/cms\/wp-json\/wp\/v2\/media?parent=11188"}],"wp:term":[{"taxonomy":"category","embeddable":true,"href":"https:\/\/feuerwehr-vglambrecht.de\/cms\/wp-json\/wp\/v2\/categories?post=11188"},{"taxonomy":"post_tag","embeddable":true,"href":"https:\/\/feuerwehr-vglambrecht.de\/cms\/wp-json\/wp\/v2\/tags?post=11188"}],"curies":[{"name":"wp","href":"https:\/\/api.w.org\/{rel}","templated":true}]}}