{"id":10926,"date":"2022-10-21T11:19:16","date_gmt":"2022-10-21T09:19:16","guid":{"rendered":"https:\/\/feuerwehr-vglambrecht.de\/cms\/?p=10926"},"modified":"2022-11-06T20:34:27","modified_gmt":"2022-11-06T19:34:27","slug":"gemeinschaftsuebung-im-ausrueckebereich-sued-west","status":"publish","type":"post","link":"https:\/\/feuerwehr-vglambrecht.de\/cms\/2022\/10\/21\/gemeinschaftsuebung-im-ausrueckebereich-sued-west\/","title":{"rendered":"Gemeinschafts\u00fcbung im Ausr\u00fcckebereich S\u00fcd-West"},"content":{"rendered":"<p style=\"font-weight: 400;\">Bei einer Einsatz\u00fcbung am Mittwoch den 19.10.2022, mussten die Feuerwehreinheiten des Ausr\u00fcckebereich S\u00fcd-West Elmstein und Iggelbach ein nicht allt\u00e4gliches Szenario abarbeiten.<\/p>\n<p style=\"font-weight: 400;\">Mit der Alarmmeldung \u201ePerson in Zwangslage\u201c wurden die Feuerwehreinheiten zur Einsatz\u00f6rtlichkeit in der N\u00e4he des Sportplatzes in Iggelbach alarmiert.<!--more--><\/p>\n<p style=\"font-weight: 400;\">An der Einsatzstelle angekommen, konnte nach vorangegangener Erkundung eine Person an einem Fahrzeug sitzend vorgefunden und zum Unfallgeschehen befragt werden. Eine weitere Person war unter dem Anh\u00e4nger des PKW eingeklemmt.<\/p>\n<p style=\"font-weight: 400;\">Nach Angaben der Person, sei das Fahrzeug vor dem Unfall in Hanglage abgestellt worden. Vermutlich l\u00f6ste sich hierbei die Parkbremse aufgrund eines technischen Defekts am Fahrzeug. Der Anh\u00e4nger \u00a0war zudem mit einem Fass Schwefels\u00e4ure beladen, welches beim Unfall umkippte und der Gefahrstoff freigesetzt wurde.<\/p>\n<p style=\"font-weight: 400;\">Die Einsatzkr\u00e4fte r\u00fcsteten sich aufgrund des austretenden Gefahrstoffs \u00a0zum Eigenschutz mit Atemschutz aus und sicherten den PKW gegen weiteres Wegrollen. Im Anschluss wurde die eingeklemmte Person mittels Hebekissen und Unterbaumaterial, aus ihrer hilflosen Lage befreit.<\/p>\n<p style=\"font-weight: 400;\">Ein weiterer Trupp unter Atemschutz l\u00f6schte einen Entstehungsbrand am Unfallfahrzeug ab und sicherte den anderen Trupp vor weiteren Brandgefahren.<\/p>\n<p style=\"font-weight: 400;\">W\u00e4hrenddessen richteten weitere Einsatzkr\u00e4fte unter ausreichendem Abstand zum Gefahrenbereich eine Sperrzone sowie einen sogenannten Schwarz-, Grau und Wei\u00dfbereich ein. Diese Bereiche dienen zur behelfsm\u00e4\u00dfigen Dekontamination und \u00dcbergabeort von Personen und Material nach einem Gefahrguteinsatz.<\/p>\n<p style=\"font-weight: 400;\">Das \u00dcbungsziel, unter Einbezug der GAMS-Regel die Menschenrettung durchzuf\u00fchren, konnte erfolgreich erreicht werden.<\/p>\n<p style=\"font-weight: 400;\"><em><strong>\n<div class=\"ngg-galleryoverview\" id=\"ngg-gallery-392-10926\">\n\n\t<!-- Slideshow link -->\n\t<div class=\"slideshowlink\">\n\t\t<a class=\"slideshowlink\" href=\"https:\/\/feuerwehr-vglambrecht.de\/cms\/2022\/10\/21\/gemeinschaftsuebung-im-ausrueckebereich-sued-west\/nggallery\/slideshow\">\n\t\t\t[Show as slideshow]\t\t<\/a>\n\t<\/div>\n\n\t\n\t<!-- Thumbnails -->\n\t\t\n\t<div id=\"ngg-image-2276\" class=\"ngg-gallery-thumbnail-box\"  >\n\t\t<div class=\"ngg-gallery-thumbnail\" >\n\t\t\t<a href=\"https:\/\/feuerwehr-vglambrecht.de\/cms\/wp-content\/gallery\/elmstein-iggelbach-uebung\/a4cb7668-e8b1-4031-9188-a6f1e91daace.jpg\" title=\" \" class=\"shutterset_set_392\" >\n\t\t\t\t\t\t\t\t<img loading=\"lazy\" decoding=\"async\" title=\"a4cb7668-e8b1-4031-9188-a6f1e91daace\" alt=\"a4cb7668-e8b1-4031-9188-a6f1e91daace\" src=\"https:\/\/feuerwehr-vglambrecht.de\/cms\/wp-content\/gallery\/elmstein-iggelbach-uebung\/thumbs\/thumbs_a4cb7668-e8b1-4031-9188-a6f1e91daace.jpg\" width=\"100\" height=\"75\" \/>\n\t\t\t\t\t\t\t<\/a>\n\t\t<\/div>\n\t<\/div>\n\t\n\t\t\n \t\t\n\t<div id=\"ngg-image-2277\" class=\"ngg-gallery-thumbnail-box\"  >\n\t\t<div class=\"ngg-gallery-thumbnail\" >\n\t\t\t<a href=\"https:\/\/feuerwehr-vglambrecht.de\/cms\/wp-content\/gallery\/elmstein-iggelbach-uebung\/e2ac1703-c763-4721-90c0-c334c13be371.jpg\" title=\" \" class=\"shutterset_set_392\" >\n\t\t\t\t\t\t\t\t<img loading=\"lazy\" decoding=\"async\" title=\"e2ac1703-c763-4721-90c0-c334c13be371\" alt=\"e2ac1703-c763-4721-90c0-c334c13be371\" src=\"https:\/\/feuerwehr-vglambrecht.de\/cms\/wp-content\/gallery\/elmstein-iggelbach-uebung\/thumbs\/thumbs_e2ac1703-c763-4721-90c0-c334c13be371.jpg\" width=\"100\" height=\"75\" \/>\n\t\t\t\t\t\t\t<\/a>\n\t\t<\/div>\n\t<\/div>\n\t\n\t\t\n \t\t\n\t<div id=\"ngg-image-2278\" class=\"ngg-gallery-thumbnail-box\"  >\n\t\t<div class=\"ngg-gallery-thumbnail\" >\n\t\t\t<a href=\"https:\/\/feuerwehr-vglambrecht.de\/cms\/wp-content\/gallery\/elmstein-iggelbach-uebung\/cdb4c2ba-b85e-423f-8156-d0e5ed5a796e.jpg\" title=\" \" class=\"shutterset_set_392\" >\n\t\t\t\t\t\t\t\t<img loading=\"lazy\" decoding=\"async\" title=\"cdb4c2ba-b85e-423f-8156-d0e5ed5a796e\" alt=\"cdb4c2ba-b85e-423f-8156-d0e5ed5a796e\" src=\"https:\/\/feuerwehr-vglambrecht.de\/cms\/wp-content\/gallery\/elmstein-iggelbach-uebung\/thumbs\/thumbs_cdb4c2ba-b85e-423f-8156-d0e5ed5a796e.jpg\" width=\"100\" height=\"75\" \/>\n\t\t\t\t\t\t\t<\/a>\n\t\t<\/div>\n\t<\/div>\n\t\n\t\t\n \t\t\n\t<div id=\"ngg-image-2279\" class=\"ngg-gallery-thumbnail-box\"  >\n\t\t<div class=\"ngg-gallery-thumbnail\" >\n\t\t\t<a href=\"https:\/\/feuerwehr-vglambrecht.de\/cms\/wp-content\/gallery\/elmstein-iggelbach-uebung\/4c54d690-8ed7-4e03-acbf-bb03c444469c.jpg\" title=\" \" class=\"shutterset_set_392\" >\n\t\t\t\t\t\t\t\t<img loading=\"lazy\" decoding=\"async\" title=\"4c54d690-8ed7-4e03-acbf-bb03c444469c\" alt=\"4c54d690-8ed7-4e03-acbf-bb03c444469c\" src=\"https:\/\/feuerwehr-vglambrecht.de\/cms\/wp-content\/gallery\/elmstein-iggelbach-uebung\/thumbs\/thumbs_4c54d690-8ed7-4e03-acbf-bb03c444469c.jpg\" width=\"100\" height=\"75\" \/>\n\t\t\t\t\t\t\t<\/a>\n\t\t<\/div>\n\t<\/div>\n\t\n\t\t\n \t\t\n\t<div id=\"ngg-image-2280\" class=\"ngg-gallery-thumbnail-box\"  >\n\t\t<div class=\"ngg-gallery-thumbnail\" >\n\t\t\t<a href=\"https:\/\/feuerwehr-vglambrecht.de\/cms\/wp-content\/gallery\/elmstein-iggelbach-uebung\/c2394ebb-f8ac-4d87-a734-64b3e894515c.jpg\" title=\" \" class=\"shutterset_set_392\" >\n\t\t\t\t\t\t\t\t<img loading=\"lazy\" decoding=\"async\" title=\"c2394ebb-f8ac-4d87-a734-64b3e894515c\" alt=\"c2394ebb-f8ac-4d87-a734-64b3e894515c\" src=\"https:\/\/feuerwehr-vglambrecht.de\/cms\/wp-content\/gallery\/elmstein-iggelbach-uebung\/thumbs\/thumbs_c2394ebb-f8ac-4d87-a734-64b3e894515c.jpg\" width=\"100\" height=\"75\" \/>\n\t\t\t\t\t\t\t<\/a>\n\t\t<\/div>\n\t<\/div>\n\t\n\t\t\n \t\t\n\t<div id=\"ngg-image-2281\" class=\"ngg-gallery-thumbnail-box\"  >\n\t\t<div class=\"ngg-gallery-thumbnail\" >\n\t\t\t<a href=\"https:\/\/feuerwehr-vglambrecht.de\/cms\/wp-content\/gallery\/elmstein-iggelbach-uebung\/e892d998-730a-4c7d-83f3-34e78072b037.jpg\" title=\" \" class=\"shutterset_set_392\" >\n\t\t\t\t\t\t\t\t<img loading=\"lazy\" decoding=\"async\" title=\"e892d998-730a-4c7d-83f3-34e78072b037\" alt=\"e892d998-730a-4c7d-83f3-34e78072b037\" src=\"https:\/\/feuerwehr-vglambrecht.de\/cms\/wp-content\/gallery\/elmstein-iggelbach-uebung\/thumbs\/thumbs_e892d998-730a-4c7d-83f3-34e78072b037.jpg\" width=\"100\" height=\"75\" \/>\n\t\t\t\t\t\t\t<\/a>\n\t\t<\/div>\n\t<\/div>\n\t\n\t\t\n \t \t\n\t<!-- Pagination -->\n \t<div class='ngg-clear'><\/div>\n \t\n<\/div>\n\n<\/strong><\/em><\/p>\n<p style=\"font-weight: 400;\">\n","protected":false},"excerpt":{"rendered":"<p>Bei einer Einsatz\u00fcbung am Mittwoch, den 19.10.2022, musste ein nicht allt\u00e4gliches Szenario abgearbeitet werden das den Kameraden der Feuerwehren Elmstein und Iggelbach umf\u00e4ngliches Wissen abverlangte. <\/p>\n","protected":false},"author":10,"featured_media":10930,"comment_status":"closed","ping_status":"closed","sticky":false,"template":"","format":"standard","meta":{"footnotes":""},"categories":[69,75],"tags":[195,395,388,139,383,143,373,246,386,190,168],"class_list":["post-10926","post","type-post","status-publish","format-standard","has-post-thumbnail","hentry","category-fw_elmstein","category-fw_iggelbach","tag-auslaufende-betriebsstoffe","tag-blaulicht","tag-ehrenamt","tag-elmstein","tag-feuerwehrvglambrecht","tag-iggelbach","tag-immerda","tag-personenrettung","tag-retterherzen","tag-technische-hilfe","tag-uebung"],"better_featured_image":{"id":10930,"alt_text":"","caption":"","description":"","media_type":"image","media_details":{"width":1024,"height":768,"file":"2022\/10\/BE5B3380-CE94-4D0A-B78C-C3CD81EF5665.jpeg","filesize":141155,"sizes":{"medium_large":{"file":"BE5B3380-CE94-4D0A-B78C-C3CD81EF5665-768x576.jpeg","width":768,"height":576,"mime-type":"image\/jpeg","filesize":95234,"source_url":"https:\/\/feuerwehr-vglambrecht.de\/cms\/wp-content\/uploads\/2022\/10\/BE5B3380-CE94-4D0A-B78C-C3CD81EF5665-768x576.jpeg"},"wptouch-new-thumbnail":{"file":"BE5B3380-CE94-4D0A-B78C-C3CD81EF5665-144x144.jpeg","width":144,"height":144,"mime-type":"image\/jpeg","filesize":5840,"source_url":"https:\/\/feuerwehr-vglambrecht.de\/cms\/wp-content\/uploads\/2022\/10\/BE5B3380-CE94-4D0A-B78C-C3CD81EF5665-144x144.jpeg"},"landing_image":{"file":"BE5B3380-CE94-4D0A-B78C-C3CD81EF5665-1024x460.jpeg","width":1024,"height":460,"mime-type":"image\/jpeg","filesize":124276,"source_url":"https:\/\/feuerwehr-vglambrecht.de\/cms\/wp-content\/uploads\/2022\/10\/BE5B3380-CE94-4D0A-B78C-C3CD81EF5665-1024x460.jpeg"},"foundation-featured-image":{"file":"BE5B3380-CE94-4D0A-B78C-C3CD81EF5665-900x675.jpeg","width":900,"height":675,"mime-type":"image\/jpeg","filesize":126345,"source_url":"https:\/\/feuerwehr-vglambrecht.de\/cms\/wp-content\/uploads\/2022\/10\/BE5B3380-CE94-4D0A-B78C-C3CD81EF5665-900x675.jpeg"},"thumbnail":{"file":"BE5B3380-CE94-4D0A-B78C-C3CD81EF5665-150x150.jpeg","width":150,"height":150,"source_url":"https:\/\/feuerwehr-vglambrecht.de\/cms\/wp-content\/uploads\/2022\/10\/BE5B3380-CE94-4D0A-B78C-C3CD81EF5665-150x150.jpeg"},"medium":{"file":"BE5B3380-CE94-4D0A-B78C-C3CD81EF5665-300x225.jpeg","width":300,"height":225,"source_url":"https:\/\/feuerwehr-vglambrecht.de\/cms\/wp-content\/uploads\/2022\/10\/BE5B3380-CE94-4D0A-B78C-C3CD81EF5665-300x225.jpeg"}},"image_meta":{"aperture":"0","credit":"","camera":"","caption":"","created_timestamp":"0","copyright":"","focal_length":"0","iso":"0","shutter_speed":"0","title":"","orientation":"0","keywords":[]},"image-converter":{"thumbnail":"IME","medium":"IME"}},"post":10926,"source_url":"https:\/\/feuerwehr-vglambrecht.de\/cms\/wp-content\/uploads\/2022\/10\/BE5B3380-CE94-4D0A-B78C-C3CD81EF5665.jpeg"},"_links":{"self":[{"href":"https:\/\/feuerwehr-vglambrecht.de\/cms\/wp-json\/wp\/v2\/posts\/10926","targetHints":{"allow":["GET"]}}],"collection":[{"href":"https:\/\/feuerwehr-vglambrecht.de\/cms\/wp-json\/wp\/v2\/posts"}],"about":[{"href":"https:\/\/feuerwehr-vglambrecht.de\/cms\/wp-json\/wp\/v2\/types\/post"}],"author":[{"embeddable":true,"href":"https:\/\/feuerwehr-vglambrecht.de\/cms\/wp-json\/wp\/v2\/users\/10"}],"replies":[{"embeddable":true,"href":"https:\/\/feuerwehr-vglambrecht.de\/cms\/wp-json\/wp\/v2\/comments?post=10926"}],"version-history":[{"count":6,"href":"https:\/\/feuerwehr-vglambrecht.de\/cms\/wp-json\/wp\/v2\/posts\/10926\/revisions"}],"predecessor-version":[{"id":10966,"href":"https:\/\/feuerwehr-vglambrecht.de\/cms\/wp-json\/wp\/v2\/posts\/10926\/revisions\/10966"}],"wp:featuredmedia":[{"embeddable":true,"href":"https:\/\/feuerwehr-vglambrecht.de\/cms\/wp-json\/wp\/v2\/media\/10930"}],"wp:attachment":[{"href":"https:\/\/feuerwehr-vglambrecht.de\/cms\/wp-json\/wp\/v2\/media?parent=10926"}],"wp:term":[{"taxonomy":"category","embeddable":true,"href":"https:\/\/feuerwehr-vglambrecht.de\/cms\/wp-json\/wp\/v2\/categories?post=10926"},{"taxonomy":"post_tag","embeddable":true,"href":"https:\/\/feuerwehr-vglambrecht.de\/cms\/wp-json\/wp\/v2\/tags?post=10926"}],"curies":[{"name":"wp","href":"https:\/\/api.w.org\/{rel}","templated":true}]}}