{"id":10624,"date":"2022-06-22T12:35:30","date_gmt":"2022-06-22T10:35:30","guid":{"rendered":"https:\/\/feuerwehr-vglambrecht.de\/cms\/?p=10624"},"modified":"2022-06-22T12:35:30","modified_gmt":"2022-06-22T10:35:30","slug":"kellerbrand-mit-mehreren-personen-im-gebaeude","status":"publish","type":"post","link":"https:\/\/feuerwehr-vglambrecht.de\/cms\/2022\/06\/22\/kellerbrand-mit-mehreren-personen-im-gebaeude\/","title":{"rendered":"Kellerbrand mit mehreren Personen im Geb\u00e4ude"},"content":{"rendered":"<p><strong>Kellerbrand mit mehreren Personen im Geb\u00e4ude<\/strong><\/p>\n<p>Dies war die Alarmierung zu einer Gro\u00df\u00fcbung f\u00fcr die Feuerwehren des Ausr\u00fcckebereichs West Esthal \u2013 Frankeneck und dem L\u00f6schzug Lambrecht am 21. Juni 2022 in Esthal mit circa f\u00fcnfzig<br \/>\nFeuerwehrleuten.<!--more--><\/p>\n<p>Beim Eintreffen der ersten Wehr drang dichter Qualm aus den Kellersch\u00e4chten und mehrere Personen waren im ersten Obergescho\u00df an den Fenstern zu sehen. Bei Renovierungsarbeiten an der Heizungsanlage war es zu einem Brand im Keller gekommen, bei der zwei Arbeiter vermisst wurden. Umgehend wurde die Menschenrettung und gleichzeitig die Brandbek\u00e4mpfung mit mehreren Trupps unter Atemschutz im Keller eingeleitet. Weil der bauliche Rettungsweg durch Rauch versperrt war wurden vier Personen \u00fcber mehrteilige Steckleitern aus dem ersten Obergescho\u00df (OG) und eine weitere Person, die sich im zweiten OG zu Renovierungsarbeiten aufhielt, \u00fcber die Drehleiter gerettet. Eine Riegelstellung zu anderen Geb\u00e4udeteilen wurde aufgebaut und eine zentrale Atemschutz\u00fcberwachung wurde eingerichtet.<\/p>\n<p>Ziel dieser \u00dcbung war es die Zusammenarbeit der Feuerwehreinheiten sowie der Strukturierung von gr\u00f6\u00dferen Einsatzstellen zu verbessern.<\/p>\n<p>W\u00e4hrend der \u00dcbung war die Entengasse &#8211; Hauptstrasse voll und teilweise gesperrt.<\/p>\n<p>Bei der Nachbesprechung der \u00dcbung wurden Kritikpunkte angesprochen und Verbesserungen gesehen.<\/p>\n<p>Ein Dank an die Familie Frick, die uns das \u00dcbungsobjekt zur Verf\u00fcgung gestellt hatte.<\/p>\n\n<div class=\"ngg-galleryoverview\" id=\"ngg-gallery-375-10624\">\n\n\t<!-- Slideshow link -->\n\t<div class=\"slideshowlink\">\n\t\t<a class=\"slideshowlink\" href=\"https:\/\/feuerwehr-vglambrecht.de\/cms\/2022\/06\/22\/kellerbrand-mit-mehreren-personen-im-gebaeude\/nggallery\/slideshow\">\n\t\t\t[Show as slideshow]\t\t<\/a>\n\t<\/div>\n\n\t\n\t<!-- Thumbnails -->\n\t\t\n\t<div id=\"ngg-image-2200\" class=\"ngg-gallery-thumbnail-box\"  >\n\t\t<div class=\"ngg-gallery-thumbnail\" >\n\t\t\t<a href=\"https:\/\/feuerwehr-vglambrecht.de\/cms\/wp-content\/gallery\/kellerbrand-esthal-uebung\/img_0330.jpg\" title=\" \" class=\"shutterset_set_375\" >\n\t\t\t\t\t\t\t\t<img loading=\"lazy\" decoding=\"async\" title=\"img_0330\" alt=\"img_0330\" src=\"https:\/\/feuerwehr-vglambrecht.de\/cms\/wp-content\/gallery\/kellerbrand-esthal-uebung\/thumbs\/thumbs_img_0330.jpg\" width=\"100\" height=\"75\" \/>\n\t\t\t\t\t\t\t<\/a>\n\t\t<\/div>\n\t<\/div>\n\t\n\t\t\n \t\t\n\t<div id=\"ngg-image-2201\" class=\"ngg-gallery-thumbnail-box\"  >\n\t\t<div class=\"ngg-gallery-thumbnail\" >\n\t\t\t<a href=\"https:\/\/feuerwehr-vglambrecht.de\/cms\/wp-content\/gallery\/kellerbrand-esthal-uebung\/img_0332.jpg\" title=\" \" class=\"shutterset_set_375\" >\n\t\t\t\t\t\t\t\t<img loading=\"lazy\" decoding=\"async\" title=\"img_0332\" alt=\"img_0332\" src=\"https:\/\/feuerwehr-vglambrecht.de\/cms\/wp-content\/gallery\/kellerbrand-esthal-uebung\/thumbs\/thumbs_img_0332.jpg\" width=\"100\" height=\"75\" \/>\n\t\t\t\t\t\t\t<\/a>\n\t\t<\/div>\n\t<\/div>\n\t\n\t\t\n \t\t\n\t<div id=\"ngg-image-2202\" class=\"ngg-gallery-thumbnail-box\"  >\n\t\t<div class=\"ngg-gallery-thumbnail\" >\n\t\t\t<a href=\"https:\/\/feuerwehr-vglambrecht.de\/cms\/wp-content\/gallery\/kellerbrand-esthal-uebung\/img_0335.jpg\" title=\" \" class=\"shutterset_set_375\" >\n\t\t\t\t\t\t\t\t<img loading=\"lazy\" decoding=\"async\" title=\"img_0335\" alt=\"img_0335\" src=\"https:\/\/feuerwehr-vglambrecht.de\/cms\/wp-content\/gallery\/kellerbrand-esthal-uebung\/thumbs\/thumbs_img_0335.jpg\" width=\"100\" height=\"75\" \/>\n\t\t\t\t\t\t\t<\/a>\n\t\t<\/div>\n\t<\/div>\n\t\n\t\t\n \t\t\n\t<div id=\"ngg-image-2203\" class=\"ngg-gallery-thumbnail-box\"  >\n\t\t<div class=\"ngg-gallery-thumbnail\" >\n\t\t\t<a href=\"https:\/\/feuerwehr-vglambrecht.de\/cms\/wp-content\/gallery\/kellerbrand-esthal-uebung\/img_0337.jpg\" title=\" \" class=\"shutterset_set_375\" >\n\t\t\t\t\t\t\t\t<img loading=\"lazy\" decoding=\"async\" title=\"img_0337\" alt=\"img_0337\" src=\"https:\/\/feuerwehr-vglambrecht.de\/cms\/wp-content\/gallery\/kellerbrand-esthal-uebung\/thumbs\/thumbs_img_0337.jpg\" width=\"100\" height=\"75\" \/>\n\t\t\t\t\t\t\t<\/a>\n\t\t<\/div>\n\t<\/div>\n\t\n\t\t\n \t\t\n\t<div id=\"ngg-image-2204\" class=\"ngg-gallery-thumbnail-box\"  >\n\t\t<div class=\"ngg-gallery-thumbnail\" >\n\t\t\t<a href=\"https:\/\/feuerwehr-vglambrecht.de\/cms\/wp-content\/gallery\/kellerbrand-esthal-uebung\/img_0339.jpg\" title=\" \" class=\"shutterset_set_375\" >\n\t\t\t\t\t\t\t\t<img loading=\"lazy\" decoding=\"async\" title=\"img_0339\" alt=\"img_0339\" src=\"https:\/\/feuerwehr-vglambrecht.de\/cms\/wp-content\/gallery\/kellerbrand-esthal-uebung\/thumbs\/thumbs_img_0339.jpg\" width=\"100\" height=\"75\" \/>\n\t\t\t\t\t\t\t<\/a>\n\t\t<\/div>\n\t<\/div>\n\t\n\t\t\n \t\t\n\t<div id=\"ngg-image-2205\" class=\"ngg-gallery-thumbnail-box\"  >\n\t\t<div class=\"ngg-gallery-thumbnail\" >\n\t\t\t<a href=\"https:\/\/feuerwehr-vglambrecht.de\/cms\/wp-content\/gallery\/kellerbrand-esthal-uebung\/img_0341.jpg\" title=\" \" class=\"shutterset_set_375\" >\n\t\t\t\t\t\t\t\t<img loading=\"lazy\" decoding=\"async\" title=\"img_0341\" alt=\"img_0341\" src=\"https:\/\/feuerwehr-vglambrecht.de\/cms\/wp-content\/gallery\/kellerbrand-esthal-uebung\/thumbs\/thumbs_img_0341.jpg\" width=\"100\" height=\"75\" \/>\n\t\t\t\t\t\t\t<\/a>\n\t\t<\/div>\n\t<\/div>\n\t\n\t\t\n \t\t\n\t<div id=\"ngg-image-2206\" class=\"ngg-gallery-thumbnail-box\"  >\n\t\t<div class=\"ngg-gallery-thumbnail\" >\n\t\t\t<a href=\"https:\/\/feuerwehr-vglambrecht.de\/cms\/wp-content\/gallery\/kellerbrand-esthal-uebung\/img_0342.jpg\" title=\" \" class=\"shutterset_set_375\" >\n\t\t\t\t\t\t\t\t<img loading=\"lazy\" decoding=\"async\" title=\"img_0342\" alt=\"img_0342\" src=\"https:\/\/feuerwehr-vglambrecht.de\/cms\/wp-content\/gallery\/kellerbrand-esthal-uebung\/thumbs\/thumbs_img_0342.jpg\" width=\"100\" height=\"75\" \/>\n\t\t\t\t\t\t\t<\/a>\n\t\t<\/div>\n\t<\/div>\n\t\n\t\t\n \t\t\n\t<div id=\"ngg-image-2207\" class=\"ngg-gallery-thumbnail-box\"  >\n\t\t<div class=\"ngg-gallery-thumbnail\" >\n\t\t\t<a href=\"https:\/\/feuerwehr-vglambrecht.de\/cms\/wp-content\/gallery\/kellerbrand-esthal-uebung\/img_0346.jpg\" title=\" \" class=\"shutterset_set_375\" >\n\t\t\t\t\t\t\t\t<img loading=\"lazy\" decoding=\"async\" title=\"img_0346\" alt=\"img_0346\" src=\"https:\/\/feuerwehr-vglambrecht.de\/cms\/wp-content\/gallery\/kellerbrand-esthal-uebung\/thumbs\/thumbs_img_0346.jpg\" width=\"100\" height=\"75\" \/>\n\t\t\t\t\t\t\t<\/a>\n\t\t<\/div>\n\t<\/div>\n\t\n\t\t\n \t\t\n\t<div id=\"ngg-image-2208\" class=\"ngg-gallery-thumbnail-box\"  >\n\t\t<div class=\"ngg-gallery-thumbnail\" >\n\t\t\t<a href=\"https:\/\/feuerwehr-vglambrecht.de\/cms\/wp-content\/gallery\/kellerbrand-esthal-uebung\/img_0351.jpg\" title=\" \" class=\"shutterset_set_375\" >\n\t\t\t\t\t\t\t\t<img loading=\"lazy\" decoding=\"async\" title=\"img_0351\" alt=\"img_0351\" src=\"https:\/\/feuerwehr-vglambrecht.de\/cms\/wp-content\/gallery\/kellerbrand-esthal-uebung\/thumbs\/thumbs_img_0351.jpg\" width=\"100\" height=\"75\" \/>\n\t\t\t\t\t\t\t<\/a>\n\t\t<\/div>\n\t<\/div>\n\t\n\t\t\n \t\t\n\t<div id=\"ngg-image-2209\" class=\"ngg-gallery-thumbnail-box\"  >\n\t\t<div class=\"ngg-gallery-thumbnail\" >\n\t\t\t<a href=\"https:\/\/feuerwehr-vglambrecht.de\/cms\/wp-content\/gallery\/kellerbrand-esthal-uebung\/img_0358.jpg\" title=\" \" class=\"shutterset_set_375\" >\n\t\t\t\t\t\t\t\t<img loading=\"lazy\" decoding=\"async\" title=\"img_0358\" alt=\"img_0358\" src=\"https:\/\/feuerwehr-vglambrecht.de\/cms\/wp-content\/gallery\/kellerbrand-esthal-uebung\/thumbs\/thumbs_img_0358.jpg\" width=\"100\" height=\"75\" \/>\n\t\t\t\t\t\t\t<\/a>\n\t\t<\/div>\n\t<\/div>\n\t\n\t\t\n \t\t\n\t<div id=\"ngg-image-2210\" class=\"ngg-gallery-thumbnail-box\"  >\n\t\t<div class=\"ngg-gallery-thumbnail\" >\n\t\t\t<a href=\"https:\/\/feuerwehr-vglambrecht.de\/cms\/wp-content\/gallery\/kellerbrand-esthal-uebung\/img_0363.jpg\" title=\" \" class=\"shutterset_set_375\" >\n\t\t\t\t\t\t\t\t<img loading=\"lazy\" decoding=\"async\" title=\"img_0363\" alt=\"img_0363\" src=\"https:\/\/feuerwehr-vglambrecht.de\/cms\/wp-content\/gallery\/kellerbrand-esthal-uebung\/thumbs\/thumbs_img_0363.jpg\" width=\"100\" height=\"75\" \/>\n\t\t\t\t\t\t\t<\/a>\n\t\t<\/div>\n\t<\/div>\n\t\n\t\t\n \t\t\n\t<div id=\"ngg-image-2211\" class=\"ngg-gallery-thumbnail-box\"  >\n\t\t<div class=\"ngg-gallery-thumbnail\" >\n\t\t\t<a href=\"https:\/\/feuerwehr-vglambrecht.de\/cms\/wp-content\/gallery\/kellerbrand-esthal-uebung\/img_0367.jpg\" title=\" \" class=\"shutterset_set_375\" >\n\t\t\t\t\t\t\t\t<img loading=\"lazy\" decoding=\"async\" title=\"img_0367\" alt=\"img_0367\" src=\"https:\/\/feuerwehr-vglambrecht.de\/cms\/wp-content\/gallery\/kellerbrand-esthal-uebung\/thumbs\/thumbs_img_0367.jpg\" width=\"100\" height=\"75\" \/>\n\t\t\t\t\t\t\t<\/a>\n\t\t<\/div>\n\t<\/div>\n\t\n\t\t\n \t\t\n\t<div id=\"ngg-image-2212\" class=\"ngg-gallery-thumbnail-box\"  >\n\t\t<div class=\"ngg-gallery-thumbnail\" >\n\t\t\t<a href=\"https:\/\/feuerwehr-vglambrecht.de\/cms\/wp-content\/gallery\/kellerbrand-esthal-uebung\/img_0368.jpg\" title=\" \" class=\"shutterset_set_375\" >\n\t\t\t\t\t\t\t\t<img loading=\"lazy\" decoding=\"async\" title=\"img_0368\" alt=\"img_0368\" src=\"https:\/\/feuerwehr-vglambrecht.de\/cms\/wp-content\/gallery\/kellerbrand-esthal-uebung\/thumbs\/thumbs_img_0368.jpg\" width=\"100\" height=\"75\" \/>\n\t\t\t\t\t\t\t<\/a>\n\t\t<\/div>\n\t<\/div>\n\t\n\t\t\n \t\t\n\t<div id=\"ngg-image-2213\" class=\"ngg-gallery-thumbnail-box\"  >\n\t\t<div class=\"ngg-gallery-thumbnail\" >\n\t\t\t<a href=\"https:\/\/feuerwehr-vglambrecht.de\/cms\/wp-content\/gallery\/kellerbrand-esthal-uebung\/img_0371.jpg\" title=\" \" class=\"shutterset_set_375\" >\n\t\t\t\t\t\t\t\t<img loading=\"lazy\" decoding=\"async\" title=\"img_0371\" alt=\"img_0371\" src=\"https:\/\/feuerwehr-vglambrecht.de\/cms\/wp-content\/gallery\/kellerbrand-esthal-uebung\/thumbs\/thumbs_img_0371.jpg\" width=\"100\" height=\"75\" \/>\n\t\t\t\t\t\t\t<\/a>\n\t\t<\/div>\n\t<\/div>\n\t\n\t\t\n \t\t\n\t<div id=\"ngg-image-2214\" class=\"ngg-gallery-thumbnail-box\"  >\n\t\t<div class=\"ngg-gallery-thumbnail\" >\n\t\t\t<a href=\"https:\/\/feuerwehr-vglambrecht.de\/cms\/wp-content\/gallery\/kellerbrand-esthal-uebung\/img_0372.jpg\" title=\" \" class=\"shutterset_set_375\" >\n\t\t\t\t\t\t\t\t<img loading=\"lazy\" decoding=\"async\" title=\"img_0372\" alt=\"img_0372\" src=\"https:\/\/feuerwehr-vglambrecht.de\/cms\/wp-content\/gallery\/kellerbrand-esthal-uebung\/thumbs\/thumbs_img_0372.jpg\" width=\"100\" height=\"75\" \/>\n\t\t\t\t\t\t\t<\/a>\n\t\t<\/div>\n\t<\/div>\n\t\n\t\t\n \t\t\n\t<div id=\"ngg-image-2215\" class=\"ngg-gallery-thumbnail-box\"  >\n\t\t<div class=\"ngg-gallery-thumbnail\" >\n\t\t\t<a href=\"https:\/\/feuerwehr-vglambrecht.de\/cms\/wp-content\/gallery\/kellerbrand-esthal-uebung\/img_0373.jpg\" title=\" \" class=\"shutterset_set_375\" >\n\t\t\t\t\t\t\t\t<img loading=\"lazy\" decoding=\"async\" title=\"img_0373\" alt=\"img_0373\" src=\"https:\/\/feuerwehr-vglambrecht.de\/cms\/wp-content\/gallery\/kellerbrand-esthal-uebung\/thumbs\/thumbs_img_0373.jpg\" width=\"100\" height=\"75\" \/>\n\t\t\t\t\t\t\t<\/a>\n\t\t<\/div>\n\t<\/div>\n\t\n\t\t\n \t\t\n\t<div id=\"ngg-image-2216\" class=\"ngg-gallery-thumbnail-box\"  >\n\t\t<div class=\"ngg-gallery-thumbnail\" >\n\t\t\t<a href=\"https:\/\/feuerwehr-vglambrecht.de\/cms\/wp-content\/gallery\/kellerbrand-esthal-uebung\/img_0374.jpg\" title=\" \" class=\"shutterset_set_375\" >\n\t\t\t\t\t\t\t\t<img loading=\"lazy\" decoding=\"async\" title=\"img_0374\" alt=\"img_0374\" src=\"https:\/\/feuerwehr-vglambrecht.de\/cms\/wp-content\/gallery\/kellerbrand-esthal-uebung\/thumbs\/thumbs_img_0374.jpg\" width=\"100\" height=\"75\" \/>\n\t\t\t\t\t\t\t<\/a>\n\t\t<\/div>\n\t<\/div>\n\t\n\t\t\n \t\t\n\t<div id=\"ngg-image-2217\" class=\"ngg-gallery-thumbnail-box\"  >\n\t\t<div class=\"ngg-gallery-thumbnail\" >\n\t\t\t<a href=\"https:\/\/feuerwehr-vglambrecht.de\/cms\/wp-content\/gallery\/kellerbrand-esthal-uebung\/img_0376.jpg\" title=\" \" class=\"shutterset_set_375\" >\n\t\t\t\t\t\t\t\t<img loading=\"lazy\" decoding=\"async\" title=\"img_0376\" alt=\"img_0376\" src=\"https:\/\/feuerwehr-vglambrecht.de\/cms\/wp-content\/gallery\/kellerbrand-esthal-uebung\/thumbs\/thumbs_img_0376.jpg\" width=\"100\" height=\"75\" \/>\n\t\t\t\t\t\t\t<\/a>\n\t\t<\/div>\n\t<\/div>\n\t\n\t\t\n \t \t\n\t<!-- Pagination -->\n \t<div class='ngg-clear'><\/div>\n \t\n<\/div>\n\n\n","protected":false},"excerpt":{"rendered":"<p>Kellerbrand mit mehreren Personen im Geb\u00e4ude Dies war die Alarmierung zu einer Gro\u00df\u00fcbung f\u00fcr die Feuerwehren des Ausr\u00fcckebereichs West Esthal \u2013 Frankeneck und dem L\u00f6schzug Lambrecht am 21. Juni 2022 in Esthal mit circa f\u00fcnfzig Feuerwehrleuten.<\/p>\n","protected":false},"author":5,"featured_media":10628,"comment_status":"closed","ping_status":"closed","sticky":false,"template":"","format":"standard","meta":{"footnotes":""},"categories":[1],"tags":[180,388,138,383,141,373,142,168],"class_list":["post-10624","post","type-post","status-publish","format-standard","has-post-thumbnail","hentry","category-allgemein","tag-brand","tag-ehrenamt","tag-esthal","tag-feuerwehrvglambrecht","tag-frankeneck","tag-immerda","tag-lambrecht","tag-uebung"],"better_featured_image":{"id":10628,"alt_text":"","caption":"","description":"","media_type":"image","media_details":{"width":1920,"height":2560,"file":"2022\/06\/IMG_0358-scaled.jpg","filesize":701279,"sizes":{"medium_large":{"file":"IMG_0358-768x1024.jpg","width":768,"height":1024,"mime-type":"image\/jpeg","filesize":133161,"source_url":"https:\/\/feuerwehr-vglambrecht.de\/cms\/wp-content\/uploads\/2022\/06\/IMG_0358-768x1024.jpg"},"1536x1536":{"file":"IMG_0358-1152x1536.jpg","width":1152,"height":1536,"mime-type":"image\/jpeg","filesize":287034,"source_url":"https:\/\/feuerwehr-vglambrecht.de\/cms\/wp-content\/uploads\/2022\/06\/IMG_0358-1152x1536.jpg"},"2048x2048":{"file":"IMG_0358-1536x2048.jpg","width":1536,"height":2048,"mime-type":"image\/jpeg","filesize":480356,"source_url":"https:\/\/feuerwehr-vglambrecht.de\/cms\/wp-content\/uploads\/2022\/06\/IMG_0358-1536x2048.jpg"},"wptouch-new-thumbnail":{"file":"IMG_0358-144x144.jpg","width":144,"height":144,"mime-type":"image\/jpeg","filesize":7817,"source_url":"https:\/\/feuerwehr-vglambrecht.de\/cms\/wp-content\/uploads\/2022\/06\/IMG_0358-144x144.jpg"},"landing_image":{"file":"IMG_0358-1024x460.jpg","width":1024,"height":460,"mime-type":"image\/jpeg","filesize":83487,"source_url":"https:\/\/feuerwehr-vglambrecht.de\/cms\/wp-content\/uploads\/2022\/06\/IMG_0358-1024x460.jpg"},"foundation-featured-image":{"file":"IMG_0358-900x1200.jpg","width":900,"height":1200,"mime-type":"image\/jpeg","filesize":181131,"source_url":"https:\/\/feuerwehr-vglambrecht.de\/cms\/wp-content\/uploads\/2022\/06\/IMG_0358-900x1200.jpg"},"thumbnail":{"file":"IMG_0358-150x150.jpg","width":150,"height":150,"source_url":"https:\/\/feuerwehr-vglambrecht.de\/cms\/wp-content\/uploads\/2022\/06\/IMG_0358-150x150.jpg"},"medium":{"file":"IMG_0358-300x225.jpg","width":300,"height":225,"source_url":"https:\/\/feuerwehr-vglambrecht.de\/cms\/wp-content\/uploads\/2022\/06\/IMG_0358-300x225.jpg"},"large":{"file":"IMG_0358-1024x768.jpg","width":1024,"height":768,"source_url":"https:\/\/feuerwehr-vglambrecht.de\/cms\/wp-content\/uploads\/2022\/06\/IMG_0358-1024x768.jpg"},"1536x1536_old_1536x1111":{"file":"IMG_0358-scaled-e1655889331385-1536x1111.jpg","width":1536,"height":1111,"mime-type":"image\/jpeg","source_url":"https:\/\/feuerwehr-vglambrecht.de\/cms\/wp-content\/uploads\/2022\/06\/IMG_0358-scaled-e1655889331385-1536x1111.jpg"}},"image_meta":{"aperture":"1.6","credit":"","camera":"iPhone 13","caption":"","created_timestamp":"1655841205","copyright":"","focal_length":"5.1","iso":"50","shutter_speed":"0.00069396252602359","title":"","orientation":1,"keywords":[]},"original_image":"IMG_0358.jpg","image-converter":{"thumbnail":"IME","medium":"IME","large":"IME"}},"post":10624,"source_url":"https:\/\/feuerwehr-vglambrecht.de\/cms\/wp-content\/uploads\/2022\/06\/IMG_0358-scaled.jpg"},"_links":{"self":[{"href":"https:\/\/feuerwehr-vglambrecht.de\/cms\/wp-json\/wp\/v2\/posts\/10624","targetHints":{"allow":["GET"]}}],"collection":[{"href":"https:\/\/feuerwehr-vglambrecht.de\/cms\/wp-json\/wp\/v2\/posts"}],"about":[{"href":"https:\/\/feuerwehr-vglambrecht.de\/cms\/wp-json\/wp\/v2\/types\/post"}],"author":[{"embeddable":true,"href":"https:\/\/feuerwehr-vglambrecht.de\/cms\/wp-json\/wp\/v2\/users\/5"}],"replies":[{"embeddable":true,"href":"https:\/\/feuerwehr-vglambrecht.de\/cms\/wp-json\/wp\/v2\/comments?post=10624"}],"version-history":[{"count":10,"href":"https:\/\/feuerwehr-vglambrecht.de\/cms\/wp-json\/wp\/v2\/posts\/10624\/revisions"}],"predecessor-version":[{"id":10635,"href":"https:\/\/feuerwehr-vglambrecht.de\/cms\/wp-json\/wp\/v2\/posts\/10624\/revisions\/10635"}],"wp:featuredmedia":[{"embeddable":true,"href":"https:\/\/feuerwehr-vglambrecht.de\/cms\/wp-json\/wp\/v2\/media\/10628"}],"wp:attachment":[{"href":"https:\/\/feuerwehr-vglambrecht.de\/cms\/wp-json\/wp\/v2\/media?parent=10624"}],"wp:term":[{"taxonomy":"category","embeddable":true,"href":"https:\/\/feuerwehr-vglambrecht.de\/cms\/wp-json\/wp\/v2\/categories?post=10624"},{"taxonomy":"post_tag","embeddable":true,"href":"https:\/\/feuerwehr-vglambrecht.de\/cms\/wp-json\/wp\/v2\/tags?post=10624"}],"curies":[{"name":"wp","href":"https:\/\/api.w.org\/{rel}","templated":true}]}}