{"id":10560,"date":"2022-06-07T09:05:16","date_gmt":"2022-06-07T07:05:16","guid":{"rendered":"https:\/\/feuerwehr-vglambrecht.de\/cms\/?p=10560"},"modified":"2022-06-07T09:10:12","modified_gmt":"2022-06-07T07:10:12","slug":"zeltlager-der-kreisjugendfeuerwehren-des-landkreises-bad-duerkheim-in-esthal","status":"publish","type":"post","link":"https:\/\/feuerwehr-vglambrecht.de\/cms\/2022\/06\/07\/zeltlager-der-kreisjugendfeuerwehren-des-landkreises-bad-duerkheim-in-esthal\/","title":{"rendered":"Zeltlager der Kreisjugendfeuerwehren des Landkreises Bad D\u00fcrkheim in Esthal"},"content":{"rendered":"<h2>Zeltlager der Kreisjugendfeuerwehren des Landkreises Bad D\u00fcrkheim in Esthal<\/h2>\n<h6><\/h6>\n<h6>Quelle\/Fotos: Harald K\u00f6nig, Mittelpfalz.de<\/h6>\n<p>&nbsp;<\/p>\n<p>Das Zeltlager der Jugendfeuerwehren des Landkreises Bad D\u00fcrkheim wird seit den 80er Jahren durchgef\u00fchrt und findet alle zwei Jahre an wechselnden Orten statt.<span id=\"more-76746\"><\/span><\/p>\n<p>Das letzte Kreisjugendfeuerwehrzeltlager vor Corona fand 2019 in Obrigheim statt. Im Jahr 2021 wurden alle Veranstaltungen der Kreisjugendfeuerwehren aufgrund der Pandemie abgesagt.<\/p>\n<p>Dieses Jahr konnte endlich wieder das Zeltlager angeboten werden. Hierzu meldeten sich 15 der 23 bestehenden Jugendfeuerwehren an. Sie kamen aus Deidesheim, Dirmstein, Ellerstadt, Friedelsheim\/G\u00f6nnheim, Gr\u00fcnstadt, Ha\u00dfloch, Iggelbach, Kirchheim-Kleinkarlbach, Lambrecht, Meckenheim, Neuleiningen, Niederkirchen, Wachenheim, Weidenthal und Weisenheim am Sand. Die teilnehmerst\u00e4rksten Gruppen waren mit jeweils 21 Personen die Jugendfeuerwehren aus Lambrecht und Wachenheim.<\/p>\n<p>An insgesamt vier Tagen wird den Nachwuchskr\u00e4ften ein tolles Programm geboten, erkl\u00e4rt Kreisjugendfeuerwehrwart Michael Kempter. Planung, Logistik und Ausf\u00fchrung sind f\u00fcr Kempter und sein Team jedes Mal eine gro\u00dfe Herausforderung. Viele Highlights f\u00fcr die kommenden Tage wurden vorbereitet. Darunter\u00a0 eine Fackelwanderung, Gulaschsuppe am Lagerfeuer, Wettk\u00e4mpfe, Wanderrally, ein bunter Abend und einen Discoabend mit Livemusik der Gruppe \u201eDuo Fair Play\u201c.<\/p>\n<p>Ein gut eingespieltes K\u00fcchenteam sorgt f\u00fcr das leibliche Wohl.<\/p>\n<p>Die Er\u00f6ffnung des Zeltlagers fand am Freitagabend statt. Dazu versammelten sich alle Teilnehmer in der ger\u00e4umigen Waldfesthalle. Als erster begr\u00fc\u00dfte der Kreisbeigeordnete Sven Hoffmann, der in seiner Funktion auch zust\u00e4ndig ist f\u00fcr die Feuerwehren im Landkreis, die 225 Teilnehmer.\u00a0 In seiner Ansprache erinnerte er an das letzte Zeltlager in Obrigheim und an die Wettk\u00e4mpfe, bei denen die Jugendlichen gro\u00dfes Engagement zeigten. Er ist sich sicher, dass dies auch in Esthal gezeigt wird.<\/p>\n<p>Gernot Kuhn, B\u00fcrgermeister der Verbandsgemeinde Lambrecht (Pfalz) und Ortsb\u00fcrgermeister von Esthal, findet es toll, dass es Jugendfeuerwehren gibt. Es ist eine wichtige Sache, dass aus dem Nachwuchs, die Nachfolger der Feuerwehrleute hervorgehen. Kuhn w\u00fcnschte den Teilnehmern ein sch\u00f6nes Wochenende in \u201eEschdl\u201c.<\/p>\n<p>Sascha Schwenk, neuer hauptamtlicher Brand- und Katastrophenschutzinspekteur im Landkreis Bad D\u00fcrkheim, erinnerte, dass Corona nicht vorbei ist, jedoch hat man gelernt, damit umzugehen. Umso mehr freute es ihn, dass das Zeltlager durchgef\u00fchrt werden kann. Es sind diesbez\u00fcglich Ma\u00dfnahmen getroffen worden, u.\u202fa. sind alle Teilnehmer getestet angereist.<\/p>\n<p>Kreisjugendfeuerwehrwart Michael Kempter w\u00fcnschte den Teilnehmern eine sch\u00f6ne Zeit und Erfolg bei den Wettk\u00e4mpfen-<\/p>\n<p>Im Gedenken an die verstorbenen Betreuer Ole Nowotny (Feuerwehr Lambrecht) und Vorstandsmitglied Christian Weisbrodt erhoben sich die Teilnehmer zu einer Gedenkminute von ihren Pl\u00e4tzen.<\/p>\n<p>Nach dem Abendessen fand ein gro\u00dfer Fackelumzug um und durch Esthal statt.<\/p>\n<p>Der Samstag stand ganz im Zeichen von \u201eSpiel und Spa\u00df\u201c-Wettk\u00e4mpfe sowie Wettk\u00e4mpfe um das Leistungsabzeichen der Jugendfeuerwehr im Landkreis Bad D\u00fcrkheim.<\/p>\n<p><strong>Siegerehrung<\/strong><br \/>\nAm Sonntagnachmittag fand die Siegerehrung f\u00fcr den \u201eSpiel und Spa\u00df Wettkampf\u201c sowie die Wettk\u00e4mpfe um die Leistungsabzeichen der Jugendfeuerwehr im Landkreis Bad D\u00fcrkheim. Den ersten Platz bei Spiel und Spa\u00df belegte die Feuerwehrjugend von Niederkirchen II. Das goldene Leistungsabzeichen erhielten die Mannschaften aus Ha\u00dfloch, Meckenheim, Lambrecht und Wachenheim.<\/p>\n<p><strong>Auszeichnung<\/strong><br \/>\nKreisjugendfeuerwehrwart Michael Kempter\u00a0 wurde in Anerkennung seines besonderen Einsatzes zum Wohle der Jugendfeuerwehr mit dem Ehrenzeichen der Stufe Gold der Jugendfeuerwehren Rheinland-Pfalz von Landrat Hans-Ulrich Ihlenfeld ausgezeichnet.<\/p>\n<p>Das Zeltlager wurde mit einem Discoabend beschlossen, bei dem das Duo Fair Play aus Lambrecht f\u00fcr Musik sorgte. Am Montagmittag endetet das Jugendfeuerwehrzeltlager in Esthal und die Teilnehmer fuhren zur\u00fcck nach Hause.<\/p>\n<p>&nbsp;<\/p>\n<h2 style=\"text-align: center;\">Fotogalerie<\/h2>\n<h3 style=\"text-align: center;\">Auftakt des Zeltlagers<\/h3>\n<p style=\"text-align: center;\">\n<div class=\"ngg-galleryoverview\" id=\"ngg-gallery-366-10560\">\n\n\t<!-- Slideshow link -->\n\t<div class=\"slideshowlink\">\n\t\t<a class=\"slideshowlink\" href=\"https:\/\/feuerwehr-vglambrecht.de\/cms\/2022\/06\/07\/zeltlager-der-kreisjugendfeuerwehren-des-landkreises-bad-duerkheim-in-esthal\/nggallery\/slideshow\">\n\t\t\t[Show as slideshow]\t\t<\/a>\n\t<\/div>\n\n\t\n\t<!-- Thumbnails -->\n\t\t\n\t<div id=\"ngg-image-2145\" class=\"ngg-gallery-thumbnail-box\"  >\n\t\t<div class=\"ngg-gallery-thumbnail\" >\n\t\t\t<a href=\"https:\/\/feuerwehr-vglambrecht.de\/cms\/wp-content\/gallery\/auftakt-zeltlager\/img_2148.jpg\" title=\" \" class=\"shutterset_set_366\" >\n\t\t\t\t\t\t\t\t<img loading=\"lazy\" decoding=\"async\" title=\"img_2148\" alt=\"img_2148\" src=\"https:\/\/feuerwehr-vglambrecht.de\/cms\/wp-content\/gallery\/auftakt-zeltlager\/thumbs\/thumbs_img_2148.jpg\" width=\"100\" height=\"75\" \/>\n\t\t\t\t\t\t\t<\/a>\n\t\t<\/div>\n\t<\/div>\n\t\n\t\t\n \t\t\n\t<div id=\"ngg-image-2146\" class=\"ngg-gallery-thumbnail-box\"  >\n\t\t<div class=\"ngg-gallery-thumbnail\" >\n\t\t\t<a href=\"https:\/\/feuerwehr-vglambrecht.de\/cms\/wp-content\/gallery\/auftakt-zeltlager\/img_2155.jpg\" title=\" \" class=\"shutterset_set_366\" >\n\t\t\t\t\t\t\t\t<img loading=\"lazy\" decoding=\"async\" title=\"img_2155\" alt=\"img_2155\" src=\"https:\/\/feuerwehr-vglambrecht.de\/cms\/wp-content\/gallery\/auftakt-zeltlager\/thumbs\/thumbs_img_2155.jpg\" width=\"100\" height=\"75\" \/>\n\t\t\t\t\t\t\t<\/a>\n\t\t<\/div>\n\t<\/div>\n\t\n\t\t\n \t\t\n\t<div id=\"ngg-image-2147\" class=\"ngg-gallery-thumbnail-box\"  >\n\t\t<div class=\"ngg-gallery-thumbnail\" >\n\t\t\t<a href=\"https:\/\/feuerwehr-vglambrecht.de\/cms\/wp-content\/gallery\/auftakt-zeltlager\/img_2164.jpg\" title=\" \" class=\"shutterset_set_366\" >\n\t\t\t\t\t\t\t\t<img loading=\"lazy\" decoding=\"async\" title=\"img_2164\" alt=\"img_2164\" src=\"https:\/\/feuerwehr-vglambrecht.de\/cms\/wp-content\/gallery\/auftakt-zeltlager\/thumbs\/thumbs_img_2164.jpg\" width=\"100\" height=\"75\" \/>\n\t\t\t\t\t\t\t<\/a>\n\t\t<\/div>\n\t<\/div>\n\t\n\t\t\n \t\t\n\t<div id=\"ngg-image-2148\" class=\"ngg-gallery-thumbnail-box\"  >\n\t\t<div class=\"ngg-gallery-thumbnail\" >\n\t\t\t<a href=\"https:\/\/feuerwehr-vglambrecht.de\/cms\/wp-content\/gallery\/auftakt-zeltlager\/img_2172.jpg\" title=\" \" class=\"shutterset_set_366\" >\n\t\t\t\t\t\t\t\t<img loading=\"lazy\" decoding=\"async\" title=\"img_2172\" alt=\"img_2172\" src=\"https:\/\/feuerwehr-vglambrecht.de\/cms\/wp-content\/gallery\/auftakt-zeltlager\/thumbs\/thumbs_img_2172.jpg\" width=\"100\" height=\"75\" \/>\n\t\t\t\t\t\t\t<\/a>\n\t\t<\/div>\n\t<\/div>\n\t\n\t\t\n \t\t\n\t<div id=\"ngg-image-2149\" class=\"ngg-gallery-thumbnail-box\"  >\n\t\t<div class=\"ngg-gallery-thumbnail\" >\n\t\t\t<a href=\"https:\/\/feuerwehr-vglambrecht.de\/cms\/wp-content\/gallery\/auftakt-zeltlager\/img_2177.jpg\" title=\" \" class=\"shutterset_set_366\" >\n\t\t\t\t\t\t\t\t<img loading=\"lazy\" decoding=\"async\" title=\"img_2177\" alt=\"img_2177\" src=\"https:\/\/feuerwehr-vglambrecht.de\/cms\/wp-content\/gallery\/auftakt-zeltlager\/thumbs\/thumbs_img_2177.jpg\" width=\"100\" height=\"75\" \/>\n\t\t\t\t\t\t\t<\/a>\n\t\t<\/div>\n\t<\/div>\n\t\n\t\t\n \t\t\n\t<div id=\"ngg-image-2150\" class=\"ngg-gallery-thumbnail-box\"  >\n\t\t<div class=\"ngg-gallery-thumbnail\" >\n\t\t\t<a href=\"https:\/\/feuerwehr-vglambrecht.de\/cms\/wp-content\/gallery\/auftakt-zeltlager\/img_2188.jpg\" title=\" \" class=\"shutterset_set_366\" >\n\t\t\t\t\t\t\t\t<img loading=\"lazy\" decoding=\"async\" title=\"img_2188\" alt=\"img_2188\" src=\"https:\/\/feuerwehr-vglambrecht.de\/cms\/wp-content\/gallery\/auftakt-zeltlager\/thumbs\/thumbs_img_2188.jpg\" width=\"100\" height=\"75\" \/>\n\t\t\t\t\t\t\t<\/a>\n\t\t<\/div>\n\t<\/div>\n\t\n\t\t\n \t\t\n\t<div id=\"ngg-image-2151\" class=\"ngg-gallery-thumbnail-box\"  >\n\t\t<div class=\"ngg-gallery-thumbnail\" >\n\t\t\t<a href=\"https:\/\/feuerwehr-vglambrecht.de\/cms\/wp-content\/gallery\/auftakt-zeltlager\/img_2190.jpg\" title=\" \" class=\"shutterset_set_366\" >\n\t\t\t\t\t\t\t\t<img loading=\"lazy\" decoding=\"async\" title=\"img_2190\" alt=\"img_2190\" src=\"https:\/\/feuerwehr-vglambrecht.de\/cms\/wp-content\/gallery\/auftakt-zeltlager\/thumbs\/thumbs_img_2190.jpg\" width=\"100\" height=\"75\" \/>\n\t\t\t\t\t\t\t<\/a>\n\t\t<\/div>\n\t<\/div>\n\t\n\t\t\n \t\t\n\t<div id=\"ngg-image-2152\" class=\"ngg-gallery-thumbnail-box\"  >\n\t\t<div class=\"ngg-gallery-thumbnail\" >\n\t\t\t<a href=\"https:\/\/feuerwehr-vglambrecht.de\/cms\/wp-content\/gallery\/auftakt-zeltlager\/img_2196.jpg\" title=\" \" class=\"shutterset_set_366\" >\n\t\t\t\t\t\t\t\t<img loading=\"lazy\" decoding=\"async\" title=\"img_2196\" alt=\"img_2196\" src=\"https:\/\/feuerwehr-vglambrecht.de\/cms\/wp-content\/gallery\/auftakt-zeltlager\/thumbs\/thumbs_img_2196.jpg\" width=\"100\" height=\"75\" \/>\n\t\t\t\t\t\t\t<\/a>\n\t\t<\/div>\n\t<\/div>\n\t\n\t\t\n \t\t\n\t<div id=\"ngg-image-2153\" class=\"ngg-gallery-thumbnail-box\"  >\n\t\t<div class=\"ngg-gallery-thumbnail\" >\n\t\t\t<a href=\"https:\/\/feuerwehr-vglambrecht.de\/cms\/wp-content\/gallery\/auftakt-zeltlager\/img_2201.jpg\" title=\" \" class=\"shutterset_set_366\" >\n\t\t\t\t\t\t\t\t<img loading=\"lazy\" decoding=\"async\" title=\"img_2201\" alt=\"img_2201\" src=\"https:\/\/feuerwehr-vglambrecht.de\/cms\/wp-content\/gallery\/auftakt-zeltlager\/thumbs\/thumbs_img_2201.jpg\" width=\"100\" height=\"75\" \/>\n\t\t\t\t\t\t\t<\/a>\n\t\t<\/div>\n\t<\/div>\n\t\n\t\t\n \t\t\n\t<div id=\"ngg-image-2154\" class=\"ngg-gallery-thumbnail-box\"  >\n\t\t<div class=\"ngg-gallery-thumbnail\" >\n\t\t\t<a href=\"https:\/\/feuerwehr-vglambrecht.de\/cms\/wp-content\/gallery\/auftakt-zeltlager\/img_2211.jpg\" title=\" \" class=\"shutterset_set_366\" >\n\t\t\t\t\t\t\t\t<img loading=\"lazy\" decoding=\"async\" title=\"img_2211\" alt=\"img_2211\" src=\"https:\/\/feuerwehr-vglambrecht.de\/cms\/wp-content\/gallery\/auftakt-zeltlager\/thumbs\/thumbs_img_2211.jpg\" width=\"100\" height=\"75\" \/>\n\t\t\t\t\t\t\t<\/a>\n\t\t<\/div>\n\t<\/div>\n\t\n\t\t\n \t\t\n\t<div id=\"ngg-image-2155\" class=\"ngg-gallery-thumbnail-box\"  >\n\t\t<div class=\"ngg-gallery-thumbnail\" >\n\t\t\t<a href=\"https:\/\/feuerwehr-vglambrecht.de\/cms\/wp-content\/gallery\/auftakt-zeltlager\/img_2215.jpg\" title=\" \" class=\"shutterset_set_366\" >\n\t\t\t\t\t\t\t\t<img loading=\"lazy\" decoding=\"async\" title=\"img_2215\" alt=\"img_2215\" src=\"https:\/\/feuerwehr-vglambrecht.de\/cms\/wp-content\/gallery\/auftakt-zeltlager\/thumbs\/thumbs_img_2215.jpg\" width=\"100\" height=\"75\" \/>\n\t\t\t\t\t\t\t<\/a>\n\t\t<\/div>\n\t<\/div>\n\t\n\t\t\n \t\t\n\t<div id=\"ngg-image-2156\" class=\"ngg-gallery-thumbnail-box\"  >\n\t\t<div class=\"ngg-gallery-thumbnail\" >\n\t\t\t<a href=\"https:\/\/feuerwehr-vglambrecht.de\/cms\/wp-content\/gallery\/auftakt-zeltlager\/img_2222.jpg\" title=\" \" class=\"shutterset_set_366\" >\n\t\t\t\t\t\t\t\t<img loading=\"lazy\" decoding=\"async\" title=\"img_2222\" alt=\"img_2222\" src=\"https:\/\/feuerwehr-vglambrecht.de\/cms\/wp-content\/gallery\/auftakt-zeltlager\/thumbs\/thumbs_img_2222.jpg\" width=\"100\" height=\"75\" \/>\n\t\t\t\t\t\t\t<\/a>\n\t\t<\/div>\n\t<\/div>\n\t\n\t\t\n \t\t\n\t<div id=\"ngg-image-2157\" class=\"ngg-gallery-thumbnail-box\"  >\n\t\t<div class=\"ngg-gallery-thumbnail\" >\n\t\t\t<a href=\"https:\/\/feuerwehr-vglambrecht.de\/cms\/wp-content\/gallery\/auftakt-zeltlager\/img_2223.jpg\" title=\" \" class=\"shutterset_set_366\" >\n\t\t\t\t\t\t\t\t<img loading=\"lazy\" decoding=\"async\" title=\"img_2223\" alt=\"img_2223\" src=\"https:\/\/feuerwehr-vglambrecht.de\/cms\/wp-content\/gallery\/auftakt-zeltlager\/thumbs\/thumbs_img_2223.jpg\" width=\"100\" height=\"75\" \/>\n\t\t\t\t\t\t\t<\/a>\n\t\t<\/div>\n\t<\/div>\n\t\n\t\t\n \t\t\n\t<div id=\"ngg-image-2158\" class=\"ngg-gallery-thumbnail-box\"  >\n\t\t<div class=\"ngg-gallery-thumbnail\" >\n\t\t\t<a href=\"https:\/\/feuerwehr-vglambrecht.de\/cms\/wp-content\/gallery\/auftakt-zeltlager\/img_2226.jpg\" title=\" \" class=\"shutterset_set_366\" >\n\t\t\t\t\t\t\t\t<img loading=\"lazy\" decoding=\"async\" title=\"img_2226\" alt=\"img_2226\" src=\"https:\/\/feuerwehr-vglambrecht.de\/cms\/wp-content\/gallery\/auftakt-zeltlager\/thumbs\/thumbs_img_2226.jpg\" width=\"100\" height=\"75\" \/>\n\t\t\t\t\t\t\t<\/a>\n\t\t<\/div>\n\t<\/div>\n\t\n\t\t\n \t\t\n\t<div id=\"ngg-image-2159\" class=\"ngg-gallery-thumbnail-box\"  >\n\t\t<div class=\"ngg-gallery-thumbnail\" >\n\t\t\t<a href=\"https:\/\/feuerwehr-vglambrecht.de\/cms\/wp-content\/gallery\/auftakt-zeltlager\/img_2227.jpg\" title=\" \" class=\"shutterset_set_366\" >\n\t\t\t\t\t\t\t\t<img loading=\"lazy\" decoding=\"async\" title=\"img_2227\" alt=\"img_2227\" src=\"https:\/\/feuerwehr-vglambrecht.de\/cms\/wp-content\/gallery\/auftakt-zeltlager\/thumbs\/thumbs_img_2227.jpg\" width=\"100\" height=\"75\" \/>\n\t\t\t\t\t\t\t<\/a>\n\t\t<\/div>\n\t<\/div>\n\t\n\t\t\n \t\t\n\t<div id=\"ngg-image-2160\" class=\"ngg-gallery-thumbnail-box\"  >\n\t\t<div class=\"ngg-gallery-thumbnail\" >\n\t\t\t<a href=\"https:\/\/feuerwehr-vglambrecht.de\/cms\/wp-content\/gallery\/auftakt-zeltlager\/img_2228.jpg\" title=\" \" class=\"shutterset_set_366\" >\n\t\t\t\t\t\t\t\t<img loading=\"lazy\" decoding=\"async\" title=\"img_2228\" alt=\"img_2228\" src=\"https:\/\/feuerwehr-vglambrecht.de\/cms\/wp-content\/gallery\/auftakt-zeltlager\/thumbs\/thumbs_img_2228.jpg\" width=\"100\" height=\"75\" \/>\n\t\t\t\t\t\t\t<\/a>\n\t\t<\/div>\n\t<\/div>\n\t\n\t\t\n \t \t\n\t<!-- Pagination -->\n \t<div class='ngg-clear'><\/div>\n \t\n<\/div>\n\n<\/p>\n<p>____________________________________________________________________________________<\/p>\n<h3 style=\"text-align: center;\">Fackelwanderung<\/h3>\n<h5 style=\"text-align: center;\">Fotos: Feuerwehr Esthal<\/h5>\n<p style=\"text-align: center;\">\n<div class=\"ngg-galleryoverview\" id=\"ngg-gallery-368-10560\">\n\n\t<!-- Slideshow link -->\n\t<div class=\"slideshowlink\">\n\t\t<a class=\"slideshowlink\" href=\"https:\/\/feuerwehr-vglambrecht.de\/cms\/2022\/06\/07\/zeltlager-der-kreisjugendfeuerwehren-des-landkreises-bad-duerkheim-in-esthal\/nggallery\/slideshow\">\n\t\t\t[Show as slideshow]\t\t<\/a>\n\t<\/div>\n\n\t\n\t<!-- Thumbnails -->\n\t\t\n\t<div id=\"ngg-image-2164\" class=\"ngg-gallery-thumbnail-box\"  >\n\t\t<div class=\"ngg-gallery-thumbnail\" >\n\t\t\t<a href=\"https:\/\/feuerwehr-vglambrecht.de\/cms\/wp-content\/gallery\/fackelwanderung\/whatsapp-image-2022-06-04-at-11-23-18-1.jpg\" title=\" \" class=\"shutterset_set_368\" >\n\t\t\t\t\t\t\t\t<img loading=\"lazy\" decoding=\"async\" title=\"whatsapp-image-2022-06-04-at-11-23-18-1\" alt=\"whatsapp-image-2022-06-04-at-11-23-18-1\" src=\"https:\/\/feuerwehr-vglambrecht.de\/cms\/wp-content\/gallery\/fackelwanderung\/thumbs\/thumbs_whatsapp-image-2022-06-04-at-11-23-18-1.jpg\" width=\"100\" height=\"75\" \/>\n\t\t\t\t\t\t\t<\/a>\n\t\t<\/div>\n\t<\/div>\n\t\n\t\t\n \t\t\n\t<div id=\"ngg-image-2165\" class=\"ngg-gallery-thumbnail-box\"  >\n\t\t<div class=\"ngg-gallery-thumbnail\" >\n\t\t\t<a href=\"https:\/\/feuerwehr-vglambrecht.de\/cms\/wp-content\/gallery\/fackelwanderung\/whatsapp-image-2022-06-04-at-11-23-18.jpg\" title=\" \" class=\"shutterset_set_368\" >\n\t\t\t\t\t\t\t\t<img loading=\"lazy\" decoding=\"async\" title=\"whatsapp-image-2022-06-04-at-11-23-18\" alt=\"whatsapp-image-2022-06-04-at-11-23-18\" src=\"https:\/\/feuerwehr-vglambrecht.de\/cms\/wp-content\/gallery\/fackelwanderung\/thumbs\/thumbs_whatsapp-image-2022-06-04-at-11-23-18.jpg\" width=\"100\" height=\"75\" \/>\n\t\t\t\t\t\t\t<\/a>\n\t\t<\/div>\n\t<\/div>\n\t\n\t\t\n \t\t\n\t<div id=\"ngg-image-2166\" class=\"ngg-gallery-thumbnail-box\"  >\n\t\t<div class=\"ngg-gallery-thumbnail\" >\n\t\t\t<a href=\"https:\/\/feuerwehr-vglambrecht.de\/cms\/wp-content\/gallery\/fackelwanderung\/whatsapp-image-2022-06-04-at-11-23-19-1.jpg\" title=\" \" class=\"shutterset_set_368\" >\n\t\t\t\t\t\t\t\t<img loading=\"lazy\" decoding=\"async\" title=\"whatsapp-image-2022-06-04-at-11-23-19-1\" alt=\"whatsapp-image-2022-06-04-at-11-23-19-1\" src=\"https:\/\/feuerwehr-vglambrecht.de\/cms\/wp-content\/gallery\/fackelwanderung\/thumbs\/thumbs_whatsapp-image-2022-06-04-at-11-23-19-1.jpg\" width=\"100\" height=\"75\" \/>\n\t\t\t\t\t\t\t<\/a>\n\t\t<\/div>\n\t<\/div>\n\t\n\t\t\n \t\t\n\t<div id=\"ngg-image-2167\" class=\"ngg-gallery-thumbnail-box\"  >\n\t\t<div class=\"ngg-gallery-thumbnail\" >\n\t\t\t<a href=\"https:\/\/feuerwehr-vglambrecht.de\/cms\/wp-content\/gallery\/fackelwanderung\/whatsapp-image-2022-06-04-at-11-23-21.jpg\" title=\" \" class=\"shutterset_set_368\" >\n\t\t\t\t\t\t\t\t<img loading=\"lazy\" decoding=\"async\" title=\"whatsapp-image-2022-06-04-at-11-23-21\" alt=\"whatsapp-image-2022-06-04-at-11-23-21\" src=\"https:\/\/feuerwehr-vglambrecht.de\/cms\/wp-content\/gallery\/fackelwanderung\/thumbs\/thumbs_whatsapp-image-2022-06-04-at-11-23-21.jpg\" width=\"100\" height=\"75\" \/>\n\t\t\t\t\t\t\t<\/a>\n\t\t<\/div>\n\t<\/div>\n\t\n\t\t\n \t\t\n\t<div id=\"ngg-image-2168\" class=\"ngg-gallery-thumbnail-box\"  >\n\t\t<div class=\"ngg-gallery-thumbnail\" >\n\t\t\t<a href=\"https:\/\/feuerwehr-vglambrecht.de\/cms\/wp-content\/gallery\/fackelwanderung\/whatsapp-image-2022-06-04-at-11-23-23.jpg\" title=\" \" class=\"shutterset_set_368\" >\n\t\t\t\t\t\t\t\t<img loading=\"lazy\" decoding=\"async\" title=\"whatsapp-image-2022-06-04-at-11-23-23\" alt=\"whatsapp-image-2022-06-04-at-11-23-23\" src=\"https:\/\/feuerwehr-vglambrecht.de\/cms\/wp-content\/gallery\/fackelwanderung\/thumbs\/thumbs_whatsapp-image-2022-06-04-at-11-23-23.jpg\" width=\"100\" height=\"75\" \/>\n\t\t\t\t\t\t\t<\/a>\n\t\t<\/div>\n\t<\/div>\n\t\n\t\t\n \t\t\n\t<div id=\"ngg-image-2169\" class=\"ngg-gallery-thumbnail-box\"  >\n\t\t<div class=\"ngg-gallery-thumbnail\" >\n\t\t\t<a href=\"https:\/\/feuerwehr-vglambrecht.de\/cms\/wp-content\/gallery\/fackelwanderung\/whatsapp-image-2022-06-04-at-11-23-25.jpg\" title=\" \" class=\"shutterset_set_368\" >\n\t\t\t\t\t\t\t\t<img loading=\"lazy\" decoding=\"async\" title=\"whatsapp-image-2022-06-04-at-11-23-25\" alt=\"whatsapp-image-2022-06-04-at-11-23-25\" src=\"https:\/\/feuerwehr-vglambrecht.de\/cms\/wp-content\/gallery\/fackelwanderung\/thumbs\/thumbs_whatsapp-image-2022-06-04-at-11-23-25.jpg\" width=\"100\" height=\"75\" \/>\n\t\t\t\t\t\t\t<\/a>\n\t\t<\/div>\n\t<\/div>\n\t\n\t\t\n \t \t\n\t<!-- Pagination -->\n \t<div class='ngg-clear'><\/div>\n \t\n<\/div>\n\n<\/p>\n<p>____________________________________________________________________________________<\/p>\n<h3 style=\"text-align: center;\">Wettk\u00e4mpfe<\/h3>\n<p style=\"text-align: center;\">\n<div class=\"ngg-galleryoverview\" id=\"ngg-gallery-370-10560\">\n\n\t<!-- Slideshow link -->\n\t<div class=\"slideshowlink\">\n\t\t<a class=\"slideshowlink\" href=\"https:\/\/feuerwehr-vglambrecht.de\/cms\/2022\/06\/07\/zeltlager-der-kreisjugendfeuerwehren-des-landkreises-bad-duerkheim-in-esthal\/nggallery\/slideshow\">\n\t\t\t[Show as slideshow]\t\t<\/a>\n\t<\/div>\n\n\t\n\t<!-- Thumbnails -->\n\t\t\n\t<div id=\"ngg-image-2183\" class=\"ngg-gallery-thumbnail-box\"  >\n\t\t<div class=\"ngg-gallery-thumbnail\" >\n\t\t\t<a href=\"https:\/\/feuerwehr-vglambrecht.de\/cms\/wp-content\/gallery\/wettkaempfe\/wettkampf0.jpg\" title=\" \" class=\"shutterset_set_370\" >\n\t\t\t\t\t\t\t\t<img loading=\"lazy\" decoding=\"async\" title=\"wettkampf0\" alt=\"wettkampf0\" src=\"https:\/\/feuerwehr-vglambrecht.de\/cms\/wp-content\/gallery\/wettkaempfe\/thumbs\/thumbs_wettkampf0.jpg\" width=\"100\" height=\"75\" \/>\n\t\t\t\t\t\t\t<\/a>\n\t\t<\/div>\n\t<\/div>\n\t\n\t\t\n \t\t\n\t<div id=\"ngg-image-2184\" class=\"ngg-gallery-thumbnail-box\"  >\n\t\t<div class=\"ngg-gallery-thumbnail\" >\n\t\t\t<a href=\"https:\/\/feuerwehr-vglambrecht.de\/cms\/wp-content\/gallery\/wettkaempfe\/wettkampf1.jpg\" title=\" \" class=\"shutterset_set_370\" >\n\t\t\t\t\t\t\t\t<img loading=\"lazy\" decoding=\"async\" title=\"wettkampf1\" alt=\"wettkampf1\" src=\"https:\/\/feuerwehr-vglambrecht.de\/cms\/wp-content\/gallery\/wettkaempfe\/thumbs\/thumbs_wettkampf1.jpg\" width=\"100\" height=\"75\" \/>\n\t\t\t\t\t\t\t<\/a>\n\t\t<\/div>\n\t<\/div>\n\t\n\t\t\n \t\t\n\t<div id=\"ngg-image-2185\" class=\"ngg-gallery-thumbnail-box\"  >\n\t\t<div class=\"ngg-gallery-thumbnail\" >\n\t\t\t<a href=\"https:\/\/feuerwehr-vglambrecht.de\/cms\/wp-content\/gallery\/wettkaempfe\/wettkampf2.jpg\" title=\" \" class=\"shutterset_set_370\" >\n\t\t\t\t\t\t\t\t<img loading=\"lazy\" decoding=\"async\" title=\"wettkampf2\" alt=\"wettkampf2\" src=\"https:\/\/feuerwehr-vglambrecht.de\/cms\/wp-content\/gallery\/wettkaempfe\/thumbs\/thumbs_wettkampf2.jpg\" width=\"100\" height=\"75\" \/>\n\t\t\t\t\t\t\t<\/a>\n\t\t<\/div>\n\t<\/div>\n\t\n\t\t\n \t\t\n\t<div id=\"ngg-image-2186\" class=\"ngg-gallery-thumbnail-box\"  >\n\t\t<div class=\"ngg-gallery-thumbnail\" >\n\t\t\t<a href=\"https:\/\/feuerwehr-vglambrecht.de\/cms\/wp-content\/gallery\/wettkaempfe\/wettkampf3.jpg\" title=\" \" class=\"shutterset_set_370\" >\n\t\t\t\t\t\t\t\t<img loading=\"lazy\" decoding=\"async\" title=\"wettkampf3\" alt=\"wettkampf3\" src=\"https:\/\/feuerwehr-vglambrecht.de\/cms\/wp-content\/gallery\/wettkaempfe\/thumbs\/thumbs_wettkampf3.jpg\" width=\"100\" height=\"75\" \/>\n\t\t\t\t\t\t\t<\/a>\n\t\t<\/div>\n\t<\/div>\n\t\n\t\t\n \t \t\n\t<!-- Pagination -->\n \t<div class='ngg-clear'><\/div>\n \t\n<\/div>\n\n<\/p>\n<p>____________________________________________________________________________________<\/p>\n<h3 style=\"text-align: center;\">Siegerehrung<\/h3>\n<p style=\"text-align: center;\">\n<div class=\"ngg-galleryoverview\" id=\"ngg-gallery-369-10560\">\n\n\t<!-- Slideshow link -->\n\t<div class=\"slideshowlink\">\n\t\t<a class=\"slideshowlink\" href=\"https:\/\/feuerwehr-vglambrecht.de\/cms\/2022\/06\/07\/zeltlager-der-kreisjugendfeuerwehren-des-landkreises-bad-duerkheim-in-esthal\/nggallery\/slideshow\">\n\t\t\t[Show as slideshow]\t\t<\/a>\n\t<\/div>\n\n\t\n\t<!-- Thumbnails -->\n\t\t\n\t<div id=\"ngg-image-2170\" class=\"ngg-gallery-thumbnail-box\"  >\n\t\t<div class=\"ngg-gallery-thumbnail\" >\n\t\t\t<a href=\"https:\/\/feuerwehr-vglambrecht.de\/cms\/wp-content\/gallery\/siegerehrung\/img_2145.jpg\" title=\" \" class=\"shutterset_set_369\" >\n\t\t\t\t\t\t\t\t<img loading=\"lazy\" decoding=\"async\" title=\"img_2145\" alt=\"img_2145\" src=\"https:\/\/feuerwehr-vglambrecht.de\/cms\/wp-content\/gallery\/siegerehrung\/thumbs\/thumbs_img_2145.jpg\" width=\"100\" height=\"75\" \/>\n\t\t\t\t\t\t\t<\/a>\n\t\t<\/div>\n\t<\/div>\n\t\n\t\t\n \t\t\n\t<div id=\"ngg-image-2171\" class=\"ngg-gallery-thumbnail-box\"  >\n\t\t<div class=\"ngg-gallery-thumbnail\" >\n\t\t\t<a href=\"https:\/\/feuerwehr-vglambrecht.de\/cms\/wp-content\/gallery\/siegerehrung\/img_2336.jpg\" title=\" \" class=\"shutterset_set_369\" >\n\t\t\t\t\t\t\t\t<img loading=\"lazy\" decoding=\"async\" title=\"img_2336\" alt=\"img_2336\" src=\"https:\/\/feuerwehr-vglambrecht.de\/cms\/wp-content\/gallery\/siegerehrung\/thumbs\/thumbs_img_2336.jpg\" width=\"100\" height=\"75\" \/>\n\t\t\t\t\t\t\t<\/a>\n\t\t<\/div>\n\t<\/div>\n\t\n\t\t\n \t\t\n\t<div id=\"ngg-image-2172\" class=\"ngg-gallery-thumbnail-box\"  >\n\t\t<div class=\"ngg-gallery-thumbnail\" >\n\t\t\t<a href=\"https:\/\/feuerwehr-vglambrecht.de\/cms\/wp-content\/gallery\/siegerehrung\/img_2338.jpg\" title=\" \" class=\"shutterset_set_369\" >\n\t\t\t\t\t\t\t\t<img loading=\"lazy\" decoding=\"async\" title=\"img_2338\" alt=\"img_2338\" src=\"https:\/\/feuerwehr-vglambrecht.de\/cms\/wp-content\/gallery\/siegerehrung\/thumbs\/thumbs_img_2338.jpg\" width=\"100\" height=\"75\" \/>\n\t\t\t\t\t\t\t<\/a>\n\t\t<\/div>\n\t<\/div>\n\t\n\t\t\n \t\t\n\t<div id=\"ngg-image-2173\" class=\"ngg-gallery-thumbnail-box\"  >\n\t\t<div class=\"ngg-gallery-thumbnail\" >\n\t\t\t<a href=\"https:\/\/feuerwehr-vglambrecht.de\/cms\/wp-content\/gallery\/siegerehrung\/img_2342.jpg\" title=\" \" class=\"shutterset_set_369\" >\n\t\t\t\t\t\t\t\t<img loading=\"lazy\" decoding=\"async\" title=\"img_2342\" alt=\"img_2342\" src=\"https:\/\/feuerwehr-vglambrecht.de\/cms\/wp-content\/gallery\/siegerehrung\/thumbs\/thumbs_img_2342.jpg\" width=\"100\" height=\"75\" \/>\n\t\t\t\t\t\t\t<\/a>\n\t\t<\/div>\n\t<\/div>\n\t\n\t\t\n \t\t\n\t<div id=\"ngg-image-2174\" class=\"ngg-gallery-thumbnail-box\"  >\n\t\t<div class=\"ngg-gallery-thumbnail\" >\n\t\t\t<a href=\"https:\/\/feuerwehr-vglambrecht.de\/cms\/wp-content\/gallery\/siegerehrung\/img_2349.jpg\" title=\" \" class=\"shutterset_set_369\" >\n\t\t\t\t\t\t\t\t<img loading=\"lazy\" decoding=\"async\" title=\"img_2349\" alt=\"img_2349\" src=\"https:\/\/feuerwehr-vglambrecht.de\/cms\/wp-content\/gallery\/siegerehrung\/thumbs\/thumbs_img_2349.jpg\" width=\"100\" height=\"75\" \/>\n\t\t\t\t\t\t\t<\/a>\n\t\t<\/div>\n\t<\/div>\n\t\n\t\t\n \t\t\n\t<div id=\"ngg-image-2175\" class=\"ngg-gallery-thumbnail-box\"  >\n\t\t<div class=\"ngg-gallery-thumbnail\" >\n\t\t\t<a href=\"https:\/\/feuerwehr-vglambrecht.de\/cms\/wp-content\/gallery\/siegerehrung\/img_2350.jpg\" title=\" \" class=\"shutterset_set_369\" >\n\t\t\t\t\t\t\t\t<img loading=\"lazy\" decoding=\"async\" title=\"img_2350\" alt=\"img_2350\" src=\"https:\/\/feuerwehr-vglambrecht.de\/cms\/wp-content\/gallery\/siegerehrung\/thumbs\/thumbs_img_2350.jpg\" width=\"100\" height=\"75\" \/>\n\t\t\t\t\t\t\t<\/a>\n\t\t<\/div>\n\t<\/div>\n\t\n\t\t\n \t\t\n\t<div id=\"ngg-image-2176\" class=\"ngg-gallery-thumbnail-box\"  >\n\t\t<div class=\"ngg-gallery-thumbnail\" >\n\t\t\t<a href=\"https:\/\/feuerwehr-vglambrecht.de\/cms\/wp-content\/gallery\/siegerehrung\/img_2356.jpg\" title=\" \" class=\"shutterset_set_369\" >\n\t\t\t\t\t\t\t\t<img loading=\"lazy\" decoding=\"async\" title=\"img_2356\" alt=\"img_2356\" src=\"https:\/\/feuerwehr-vglambrecht.de\/cms\/wp-content\/gallery\/siegerehrung\/thumbs\/thumbs_img_2356.jpg\" width=\"100\" height=\"75\" \/>\n\t\t\t\t\t\t\t<\/a>\n\t\t<\/div>\n\t<\/div>\n\t\n\t\t\n \t\t\n\t<div id=\"ngg-image-2177\" class=\"ngg-gallery-thumbnail-box\"  >\n\t\t<div class=\"ngg-gallery-thumbnail\" >\n\t\t\t<a href=\"https:\/\/feuerwehr-vglambrecht.de\/cms\/wp-content\/gallery\/siegerehrung\/img_2371.jpg\" title=\" \" class=\"shutterset_set_369\" >\n\t\t\t\t\t\t\t\t<img loading=\"lazy\" decoding=\"async\" title=\"img_2371\" alt=\"img_2371\" src=\"https:\/\/feuerwehr-vglambrecht.de\/cms\/wp-content\/gallery\/siegerehrung\/thumbs\/thumbs_img_2371.jpg\" width=\"100\" height=\"75\" \/>\n\t\t\t\t\t\t\t<\/a>\n\t\t<\/div>\n\t<\/div>\n\t\n\t\t\n \t\t\n\t<div id=\"ngg-image-2178\" class=\"ngg-gallery-thumbnail-box\"  >\n\t\t<div class=\"ngg-gallery-thumbnail\" >\n\t\t\t<a href=\"https:\/\/feuerwehr-vglambrecht.de\/cms\/wp-content\/gallery\/siegerehrung\/img_2374.jpg\" title=\" \" class=\"shutterset_set_369\" >\n\t\t\t\t\t\t\t\t<img loading=\"lazy\" decoding=\"async\" title=\"img_2374\" alt=\"img_2374\" src=\"https:\/\/feuerwehr-vglambrecht.de\/cms\/wp-content\/gallery\/siegerehrung\/thumbs\/thumbs_img_2374.jpg\" width=\"100\" height=\"75\" \/>\n\t\t\t\t\t\t\t<\/a>\n\t\t<\/div>\n\t<\/div>\n\t\n\t\t\n \t\t\n\t<div id=\"ngg-image-2179\" class=\"ngg-gallery-thumbnail-box\"  >\n\t\t<div class=\"ngg-gallery-thumbnail\" >\n\t\t\t<a href=\"https:\/\/feuerwehr-vglambrecht.de\/cms\/wp-content\/gallery\/siegerehrung\/img_2391.jpg\" title=\" \" class=\"shutterset_set_369\" >\n\t\t\t\t\t\t\t\t<img loading=\"lazy\" decoding=\"async\" title=\"img_2391\" alt=\"img_2391\" src=\"https:\/\/feuerwehr-vglambrecht.de\/cms\/wp-content\/gallery\/siegerehrung\/thumbs\/thumbs_img_2391.jpg\" width=\"100\" height=\"75\" \/>\n\t\t\t\t\t\t\t<\/a>\n\t\t<\/div>\n\t<\/div>\n\t\n\t\t\n \t\t\n\t<div id=\"ngg-image-2180\" class=\"ngg-gallery-thumbnail-box\"  >\n\t\t<div class=\"ngg-gallery-thumbnail\" >\n\t\t\t<a href=\"https:\/\/feuerwehr-vglambrecht.de\/cms\/wp-content\/gallery\/siegerehrung\/img_2393.jpg\" title=\" \" class=\"shutterset_set_369\" >\n\t\t\t\t\t\t\t\t<img loading=\"lazy\" decoding=\"async\" title=\"img_2393\" alt=\"img_2393\" src=\"https:\/\/feuerwehr-vglambrecht.de\/cms\/wp-content\/gallery\/siegerehrung\/thumbs\/thumbs_img_2393.jpg\" width=\"100\" height=\"75\" \/>\n\t\t\t\t\t\t\t<\/a>\n\t\t<\/div>\n\t<\/div>\n\t\n\t\t\n \t\t\n\t<div id=\"ngg-image-2181\" class=\"ngg-gallery-thumbnail-box\"  >\n\t\t<div class=\"ngg-gallery-thumbnail\" >\n\t\t\t<a href=\"https:\/\/feuerwehr-vglambrecht.de\/cms\/wp-content\/gallery\/siegerehrung\/img_2426.jpg\" title=\" \" class=\"shutterset_set_369\" >\n\t\t\t\t\t\t\t\t<img loading=\"lazy\" decoding=\"async\" title=\"img_2426\" alt=\"img_2426\" src=\"https:\/\/feuerwehr-vglambrecht.de\/cms\/wp-content\/gallery\/siegerehrung\/thumbs\/thumbs_img_2426.jpg\" width=\"100\" height=\"75\" \/>\n\t\t\t\t\t\t\t<\/a>\n\t\t<\/div>\n\t<\/div>\n\t\n\t\t\n \t\t\n\t<div id=\"ngg-image-2182\" class=\"ngg-gallery-thumbnail-box\"  >\n\t\t<div class=\"ngg-gallery-thumbnail\" >\n\t\t\t<a href=\"https:\/\/feuerwehr-vglambrecht.de\/cms\/wp-content\/gallery\/siegerehrung\/img_2441.jpg\" title=\" \" class=\"shutterset_set_369\" >\n\t\t\t\t\t\t\t\t<img loading=\"lazy\" decoding=\"async\" title=\"img_2441\" alt=\"img_2441\" src=\"https:\/\/feuerwehr-vglambrecht.de\/cms\/wp-content\/gallery\/siegerehrung\/thumbs\/thumbs_img_2441.jpg\" width=\"100\" height=\"75\" \/>\n\t\t\t\t\t\t\t<\/a>\n\t\t<\/div>\n\t<\/div>\n\t\n\t\t\n \t \t\n\t<!-- Pagination -->\n \t<div class='ngg-clear'><\/div>\n \t\n<\/div>\n\n<\/p>\n<p>____________________________________________________________________________________<\/p>\n<h3 style=\"text-align: center;\">Auszeichnung Michael Kempter<\/h3>\n<p style=\"text-align: center;\">\n<div class=\"ngg-galleryoverview\" id=\"ngg-gallery-367-10560\">\n\n\t<!-- Slideshow link -->\n\t<div class=\"slideshowlink\">\n\t\t<a class=\"slideshowlink\" href=\"https:\/\/feuerwehr-vglambrecht.de\/cms\/2022\/06\/07\/zeltlager-der-kreisjugendfeuerwehren-des-landkreises-bad-duerkheim-in-esthal\/nggallery\/slideshow\">\n\t\t\t[Show as slideshow]\t\t<\/a>\n\t<\/div>\n\n\t\n\t<!-- Thumbnails -->\n\t\t\n\t<div id=\"ngg-image-2161\" class=\"ngg-gallery-thumbnail-box\"  >\n\t\t<div class=\"ngg-gallery-thumbnail\" >\n\t\t\t<a href=\"https:\/\/feuerwehr-vglambrecht.de\/cms\/wp-content\/gallery\/auszeichnung-michael-kempter\/img_2461.jpg\" title=\" \" class=\"shutterset_set_367\" >\n\t\t\t\t\t\t\t\t<img loading=\"lazy\" decoding=\"async\" title=\"img_2461\" alt=\"img_2461\" src=\"https:\/\/feuerwehr-vglambrecht.de\/cms\/wp-content\/gallery\/auszeichnung-michael-kempter\/thumbs\/thumbs_img_2461.jpg\" width=\"100\" height=\"75\" \/>\n\t\t\t\t\t\t\t<\/a>\n\t\t<\/div>\n\t<\/div>\n\t\n\t\t\n \t\t\n\t<div id=\"ngg-image-2162\" class=\"ngg-gallery-thumbnail-box\"  >\n\t\t<div class=\"ngg-gallery-thumbnail\" >\n\t\t\t<a href=\"https:\/\/feuerwehr-vglambrecht.de\/cms\/wp-content\/gallery\/auszeichnung-michael-kempter\/img_2480.jpg\" title=\" \" class=\"shutterset_set_367\" >\n\t\t\t\t\t\t\t\t<img loading=\"lazy\" decoding=\"async\" title=\"img_2480\" alt=\"img_2480\" src=\"https:\/\/feuerwehr-vglambrecht.de\/cms\/wp-content\/gallery\/auszeichnung-michael-kempter\/thumbs\/thumbs_img_2480.jpg\" width=\"100\" height=\"75\" \/>\n\t\t\t\t\t\t\t<\/a>\n\t\t<\/div>\n\t<\/div>\n\t\n\t\t\n \t\t\n\t<div id=\"ngg-image-2163\" class=\"ngg-gallery-thumbnail-box\"  >\n\t\t<div class=\"ngg-gallery-thumbnail\" >\n\t\t\t<a href=\"https:\/\/feuerwehr-vglambrecht.de\/cms\/wp-content\/gallery\/auszeichnung-michael-kempter\/img_2491.jpg\" title=\" \" class=\"shutterset_set_367\" >\n\t\t\t\t\t\t\t\t<img loading=\"lazy\" decoding=\"async\" title=\"img_2491\" alt=\"img_2491\" src=\"https:\/\/feuerwehr-vglambrecht.de\/cms\/wp-content\/gallery\/auszeichnung-michael-kempter\/thumbs\/thumbs_img_2491.jpg\" width=\"100\" height=\"75\" \/>\n\t\t\t\t\t\t\t<\/a>\n\t\t<\/div>\n\t<\/div>\n\t\n\t\t\n \t \t\n\t<!-- Pagination -->\n \t<div class='ngg-clear'><\/div>\n \t\n<\/div>\n\n<\/p>\n<p>____________________________________________________________________________________<\/p>\n<p>&nbsp;<\/p>\n","protected":false},"excerpt":{"rendered":"<p>Zeltlager der Kreisjugendfeuerwehren des Landkreises Bad D\u00fcrkheim in Esthal Quelle\/Fotos: Harald K\u00f6nig, Mittelpfalz.de &nbsp; Das Zeltlager der Jugendfeuerwehren des Landkreises Bad D\u00fcrkheim wird seit den 80er Jahren durchgef\u00fchrt und findet alle zwei Jahre an wechselnden Orten statt. Das letzte Kreisjugendfeuerwehrzeltlager vor Corona fand 2019 in Obrigheim statt. Im Jahr 2021 wurden alle Veranstaltungen der Kreisjugendfeuerwehren aufgrund der Pandemie abgesagt. Dieses Jahr konnte endlich wieder das Zeltlager angeboten werden. Hierzu meldeten sich 15 der 23 bestehenden Jugendfeuerwehren an. Sie kamen aus Deidesheim, Dirmstein, Ellerstadt, Friedelsheim\/G\u00f6nnheim, Gr\u00fcnstadt, Ha\u00dfloch, Iggelbach, Kirchheim-Kleinkarlbach, Lambrecht, Meckenheim, Neuleiningen, Niederkirchen, Wachenheim, Weidenthal und Weisenheim am Sand. Die teilnehmerst\u00e4rksten Gruppen waren mit jeweils 21 Personen die Jugendfeuerwehren aus Lambrecht und Wachenheim. An insgesamt vier Tagen wird den Nachwuchskr\u00e4ften ein tolles Programm geboten, erkl\u00e4rt Kreisjugendfeuerwehrwart Michael Kempter. Planung, Logistik und Ausf\u00fchrung sind f\u00fcr Kempter und sein Team jedes Mal eine gro\u00dfe Herausforderung. Viele Highlights f\u00fcr die kommenden Tage wurden vorbereitet.&hellip;<\/p>\n","protected":false},"author":17,"featured_media":10569,"comment_status":"closed","ping_status":"closed","sticky":false,"template":"","format":"standard","meta":{"footnotes":""},"categories":[1],"tags":[],"class_list":["post-10560","post","type-post","status-publish","format-standard","has-post-thumbnail","hentry","category-allgemein"],"better_featured_image":{"id":10569,"alt_text":"","caption":"","description":"","media_type":"image","media_details":{"width":960,"height":534,"file":"2022\/06\/wettkampf0.jpg","filesize":429183,"sizes":{"medium_large":{"file":"wettkampf0-768x427.jpg","width":768,"height":427,"mime-type":"image\/jpeg","filesize":90630,"source_url":"https:\/\/feuerwehr-vglambrecht.de\/cms\/wp-content\/uploads\/2022\/06\/wettkampf0-768x427.jpg"},"wptouch-new-thumbnail":{"file":"wettkampf0-144x144.jpg","width":144,"height":144,"mime-type":"image\/jpeg","filesize":17290,"source_url":"https:\/\/feuerwehr-vglambrecht.de\/cms\/wp-content\/uploads\/2022\/06\/wettkampf0-144x144.jpg"},"landing_image":{"file":"wettkampf0-960x460.jpg","width":960,"height":460,"mime-type":"image\/jpeg","filesize":120336,"source_url":"https:\/\/feuerwehr-vglambrecht.de\/cms\/wp-content\/uploads\/2022\/06\/wettkampf0-960x460.jpg"},"foundation-featured-image":{"file":"wettkampf0-900x501.jpg","width":900,"height":501,"mime-type":"image\/jpeg","filesize":114860,"source_url":"https:\/\/feuerwehr-vglambrecht.de\/cms\/wp-content\/uploads\/2022\/06\/wettkampf0-900x501.jpg"},"thumbnail":{"file":"wettkampf0-150x150.jpg","width":150,"height":150,"source_url":"https:\/\/feuerwehr-vglambrecht.de\/cms\/wp-content\/uploads\/2022\/06\/wettkampf0-150x150.jpg"},"medium":{"file":"wettkampf0-300x167.jpg","width":300,"height":167,"source_url":"https:\/\/feuerwehr-vglambrecht.de\/cms\/wp-content\/uploads\/2022\/06\/wettkampf0-300x167.jpg"}},"image_meta":{"aperture":"0","credit":"","camera":"","caption":"","created_timestamp":"0","copyright":"","focal_length":"0","iso":"0","shutter_speed":"0","title":"","orientation":"1","keywords":[]},"image-converter":{"thumbnail":"IME","medium":"IME"}},"post":10560,"source_url":"https:\/\/feuerwehr-vglambrecht.de\/cms\/wp-content\/uploads\/2022\/06\/wettkampf0.jpg"},"_links":{"self":[{"href":"https:\/\/feuerwehr-vglambrecht.de\/cms\/wp-json\/wp\/v2\/posts\/10560","targetHints":{"allow":["GET"]}}],"collection":[{"href":"https:\/\/feuerwehr-vglambrecht.de\/cms\/wp-json\/wp\/v2\/posts"}],"about":[{"href":"https:\/\/feuerwehr-vglambrecht.de\/cms\/wp-json\/wp\/v2\/types\/post"}],"author":[{"embeddable":true,"href":"https:\/\/feuerwehr-vglambrecht.de\/cms\/wp-json\/wp\/v2\/users\/17"}],"replies":[{"embeddable":true,"href":"https:\/\/feuerwehr-vglambrecht.de\/cms\/wp-json\/wp\/v2\/comments?post=10560"}],"version-history":[{"count":9,"href":"https:\/\/feuerwehr-vglambrecht.de\/cms\/wp-json\/wp\/v2\/posts\/10560\/revisions"}],"predecessor-version":[{"id":10565,"href":"https:\/\/feuerwehr-vglambrecht.de\/cms\/wp-json\/wp\/v2\/posts\/10560\/revisions\/10565"}],"wp:featuredmedia":[{"embeddable":true,"href":"https:\/\/feuerwehr-vglambrecht.de\/cms\/wp-json\/wp\/v2\/media\/10569"}],"wp:attachment":[{"href":"https:\/\/feuerwehr-vglambrecht.de\/cms\/wp-json\/wp\/v2\/media?parent=10560"}],"wp:term":[{"taxonomy":"category","embeddable":true,"href":"https:\/\/feuerwehr-vglambrecht.de\/cms\/wp-json\/wp\/v2\/categories?post=10560"},{"taxonomy":"post_tag","embeddable":true,"href":"https:\/\/feuerwehr-vglambrecht.de\/cms\/wp-json\/wp\/v2\/tags?post=10560"}],"curies":[{"name":"wp","href":"https:\/\/api.w.org\/{rel}","templated":true}]}}