{"id":10472,"date":"2022-04-29T15:10:34","date_gmt":"2022-04-29T13:10:34","guid":{"rendered":"https:\/\/feuerwehr-vglambrecht.de\/cms\/?p=10472"},"modified":"2022-04-29T15:10:34","modified_gmt":"2022-04-29T13:10:34","slug":"feuerwehrkamerad-absolviert-erfolgreich-spendenlauf-ins-ahrtal","status":"publish","type":"post","link":"https:\/\/feuerwehr-vglambrecht.de\/cms\/2022\/04\/29\/feuerwehrkamerad-absolviert-erfolgreich-spendenlauf-ins-ahrtal\/","title":{"rendered":"Feuerwehrkamerad absolviert erfolgreich Spendenlauf ins Ahrtal"},"content":{"rendered":"<p>Am 14. April starteten vier Kameraden der freiwilligen Feuerwehr Neustadt an der Weinstra\u00dfe einen Spendenlauf in die 2021 vom Jahrhunderthochwasser betroffene Region im Ahrtal. Mit dabei Sascha K\u00f6ppler, welcher sowohl seit 2019 hauptberuflich bei der Feuerwehr Neustadt t\u00e4tig ist, aber auch ehrenamtlich die freiwillige Feuerwehr Lambrecht seit 2008 unterst\u00fctzt. Er selbst war letztes Jahr im Ahrtal im Einsatz gewesen und hat die schrecklichen Bilder mit eigenen Augen gesehen. Umso mehr war es f\u00fcr ihn selbst ein pers\u00f6nliches Anliegen den Menschen vor Ort zu helfen und organisierte deshalb mit weiteren Kameraden einen Spendenlauf von Neustadt an der Weinstra\u00dfe nach Mayscho\u00df im Ahrtal.<\/p>\n<p>In mehreren Tagesetappen ging es von Neustadt \u00fcber Ludwigshafen, Worms, Mainz, Bingen, St. Goar, Koblenz bis nach Mayscho\u00df, eine Distanz von knapp 300 Kilometern. Um das Ganze noch zu steigern wurde der Lauf nat\u00fcrlich nicht in Sportkleidung, sondern mit angelegter Feuerwehrschutzausr\u00fcstung durchgef\u00fchrt. Feuerwehrhelm, Jacke, Hose, Atemschutzger\u00e4t bescherten jedem L\u00e4ufer ein zus\u00e4tzliches Gewicht von sch\u00e4tzungsweise 20 Kilogramm.<\/p>\n<p>Auf dem Weg ins Ahrtal wurden mehrere Feuerwehren angelaufen, welche die L\u00e4ufer sowohl mit Verpflegung und \u00dcbernachtungsm\u00f6glichkeiten, aber vor allem auch moralisch sehr stark unterst\u00fctzten. &#8222;Die st\u00e4ndigen Anfeuerungen von Kameraden sowie das positive Feedback aus der Bev\u00f6lkerung half mir und motivierte mich, wenn es mal kr\u00e4ftezehrend wurde&#8220;, so Sascha K\u00f6ppler.<\/p>\n<p>Nach 10 Tagen erreichte die Gruppe am 23. April die Ortschaft Mayscho\u00df und konnte der Gemeinde einen Scheck aufgrund der gesammelten Spenden in H\u00f6he von 250.000 Euro \u00fcberreichen.<\/p>\n<p>Auch wir gratulieren den L\u00e4ufern zu Ihrer ph\u00e4nomenalen sportlichen Leistung und zollen gr\u00f6\u00dften Respekt.<\/p>\n<p><strong>\n<div class=\"ngg-galleryoverview\" id=\"ngg-gallery-361-10472\">\n\n\t<!-- Slideshow link -->\n\t<div class=\"slideshowlink\">\n\t\t<a class=\"slideshowlink\" href=\"https:\/\/feuerwehr-vglambrecht.de\/cms\/2022\/04\/29\/feuerwehrkamerad-absolviert-erfolgreich-spendenlauf-ins-ahrtal\/nggallery\/slideshow\">\n\t\t\t[Show as slideshow]\t\t<\/a>\n\t<\/div>\n\n\t\n\t<!-- Thumbnails -->\n\t\t\n\t<div id=\"ngg-image-2123\" class=\"ngg-gallery-thumbnail-box\"  >\n\t\t<div class=\"ngg-gallery-thumbnail\" >\n\t\t\t<a href=\"https:\/\/feuerwehr-vglambrecht.de\/cms\/wp-content\/gallery\/spendenlauf-ahrtal\/img-20220429-wa0000.jpg\" title=\" \" class=\"shutterset_set_361\" >\n\t\t\t\t\t\t\t\t<img loading=\"lazy\" decoding=\"async\" title=\"img-20220429-wa0000\" alt=\"img-20220429-wa0000\" src=\"https:\/\/feuerwehr-vglambrecht.de\/cms\/wp-content\/gallery\/spendenlauf-ahrtal\/thumbs\/thumbs_img-20220429-wa0000.jpg\" width=\"100\" height=\"75\" \/>\n\t\t\t\t\t\t\t<\/a>\n\t\t<\/div>\n\t<\/div>\n\t\n\t\t\n \t\t\n\t<div id=\"ngg-image-2124\" class=\"ngg-gallery-thumbnail-box\"  >\n\t\t<div class=\"ngg-gallery-thumbnail\" >\n\t\t\t<a href=\"https:\/\/feuerwehr-vglambrecht.de\/cms\/wp-content\/gallery\/spendenlauf-ahrtal\/img-20220429-wa0001.jpg\" title=\" \" class=\"shutterset_set_361\" >\n\t\t\t\t\t\t\t\t<img loading=\"lazy\" decoding=\"async\" title=\"img-20220429-wa0001\" alt=\"img-20220429-wa0001\" src=\"https:\/\/feuerwehr-vglambrecht.de\/cms\/wp-content\/gallery\/spendenlauf-ahrtal\/thumbs\/thumbs_img-20220429-wa0001.jpg\" width=\"100\" height=\"75\" \/>\n\t\t\t\t\t\t\t<\/a>\n\t\t<\/div>\n\t<\/div>\n\t\n\t\t\n \t\t\n\t<div id=\"ngg-image-2125\" class=\"ngg-gallery-thumbnail-box\"  >\n\t\t<div class=\"ngg-gallery-thumbnail\" >\n\t\t\t<a href=\"https:\/\/feuerwehr-vglambrecht.de\/cms\/wp-content\/gallery\/spendenlauf-ahrtal\/img-20220429-wa0002.jpg\" title=\" \" class=\"shutterset_set_361\" >\n\t\t\t\t\t\t\t\t<img loading=\"lazy\" decoding=\"async\" title=\"img-20220429-wa0002\" alt=\"img-20220429-wa0002\" src=\"https:\/\/feuerwehr-vglambrecht.de\/cms\/wp-content\/gallery\/spendenlauf-ahrtal\/thumbs\/thumbs_img-20220429-wa0002.jpg\" width=\"100\" height=\"75\" \/>\n\t\t\t\t\t\t\t<\/a>\n\t\t<\/div>\n\t<\/div>\n\t\n\t\t\n \t\t\n\t<div id=\"ngg-image-2126\" class=\"ngg-gallery-thumbnail-box\"  >\n\t\t<div class=\"ngg-gallery-thumbnail\" >\n\t\t\t<a href=\"https:\/\/feuerwehr-vglambrecht.de\/cms\/wp-content\/gallery\/spendenlauf-ahrtal\/img-20220429-wa0003.jpg\" title=\" \" class=\"shutterset_set_361\" >\n\t\t\t\t\t\t\t\t<img loading=\"lazy\" decoding=\"async\" title=\"img-20220429-wa0003\" alt=\"img-20220429-wa0003\" src=\"https:\/\/feuerwehr-vglambrecht.de\/cms\/wp-content\/gallery\/spendenlauf-ahrtal\/thumbs\/thumbs_img-20220429-wa0003.jpg\" width=\"100\" height=\"75\" \/>\n\t\t\t\t\t\t\t<\/a>\n\t\t<\/div>\n\t<\/div>\n\t\n\t\t\n \t\t\n\t<div id=\"ngg-image-2127\" class=\"ngg-gallery-thumbnail-box\"  >\n\t\t<div class=\"ngg-gallery-thumbnail\" >\n\t\t\t<a href=\"https:\/\/feuerwehr-vglambrecht.de\/cms\/wp-content\/gallery\/spendenlauf-ahrtal\/img-20220429-wa0004.jpg\" title=\" \" class=\"shutterset_set_361\" >\n\t\t\t\t\t\t\t\t<img loading=\"lazy\" decoding=\"async\" title=\"img-20220429-wa0004\" alt=\"img-20220429-wa0004\" src=\"https:\/\/feuerwehr-vglambrecht.de\/cms\/wp-content\/gallery\/spendenlauf-ahrtal\/thumbs\/thumbs_img-20220429-wa0004.jpg\" width=\"100\" height=\"75\" \/>\n\t\t\t\t\t\t\t<\/a>\n\t\t<\/div>\n\t<\/div>\n\t\n\t\t\n \t \t\n\t<!-- Pagination -->\n \t<div class='ngg-clear'><\/div>\n \t\n<\/div>\n\n<\/strong><\/p>\n<p>&nbsp;<\/p>\n","protected":false},"excerpt":{"rendered":"<p>Am 14. April starteten vier Kameraden der freiwilligen Feuerwehr Neustadt an der Weinstra\u00dfe einen Spendenlauf in die 2021 vom Jahrhunderthochwasser betroffene Region im Ahrtal. Mit dabei Sascha K\u00f6ppler, welcher sowohl seit 2019 hauptberuflich bei der Feuerwehr Neustadt t\u00e4tig ist, aber auch ehrenamtlich die freiwillige Feuerwehr Lambrecht seit 2008 unterst\u00fctzt. Er selbst war letztes Jahr im Ahrtal im Einsatz gewesen und hat die schrecklichen Bilder mit eigenen Augen gesehen. Umso mehr war es f\u00fcr ihn selbst ein pers\u00f6nliches Anliegen den Menschen vor Ort zu helfen und organisierte deshalb mit weiteren Kameraden einen Spendenlauf von Neustadt an der Weinstra\u00dfe nach Mayscho\u00df im Ahrtal. In mehreren Tagesetappen ging es von Neustadt \u00fcber Ludwigshafen, Worms, Mainz, Bingen, St. Goar, Koblenz bis nach Mayscho\u00df, eine Distanz von knapp 300 Kilometern. Um das Ganze noch zu steigern wurde der Lauf nat\u00fcrlich nicht in Sportkleidung, sondern mit angelegter Feuerwehrschutzausr\u00fcstung durchgef\u00fchrt. Feuerwehrhelm, Jacke, Hose, Atemschutzger\u00e4t bescherten jedem L\u00e4ufer&hellip;<\/p>\n","protected":false},"author":17,"featured_media":10476,"comment_status":"closed","ping_status":"closed","sticky":false,"template":"","format":"standard","meta":{"footnotes":""},"categories":[1,5,2,3,84],"tags":[],"class_list":["post-10472","post","type-post","status-publish","format-standard","has-post-thumbnail","hentry","category-allgemein","category-hello","category-new","category-news","category-start"],"better_featured_image":{"id":10476,"alt_text":"","caption":"","description":"","media_type":"image","media_details":{"width":1368,"height":1824,"file":"2022\/04\/IMG-20220429-WA0004.jpg","filesize":304314,"sizes":{"medium_large":{"file":"IMG-20220429-WA0004-768x1024.jpg","width":768,"height":1024,"mime-type":"image\/jpeg","filesize":126084,"source_url":"https:\/\/feuerwehr-vglambrecht.de\/cms\/wp-content\/uploads\/2022\/04\/IMG-20220429-WA0004-768x1024.jpg"},"1536x1536":{"file":"IMG-20220429-WA0004-1152x1536.jpg","width":1152,"height":1536,"mime-type":"image\/jpeg","filesize":253326,"source_url":"https:\/\/feuerwehr-vglambrecht.de\/cms\/wp-content\/uploads\/2022\/04\/IMG-20220429-WA0004-1152x1536.jpg"},"wptouch-new-thumbnail":{"file":"IMG-20220429-WA0004-144x144.jpg","width":144,"height":144,"mime-type":"image\/jpeg","filesize":5779,"source_url":"https:\/\/feuerwehr-vglambrecht.de\/cms\/wp-content\/uploads\/2022\/04\/IMG-20220429-WA0004-144x144.jpg"},"landing_image":{"file":"IMG-20220429-WA0004-1024x460.jpg","width":1024,"height":460,"mime-type":"image\/jpeg","filesize":85452,"source_url":"https:\/\/feuerwehr-vglambrecht.de\/cms\/wp-content\/uploads\/2022\/04\/IMG-20220429-WA0004-1024x460.jpg"},"foundation-featured-image":{"file":"IMG-20220429-WA0004-900x1200.jpg","width":900,"height":1200,"mime-type":"image\/jpeg","filesize":167145,"source_url":"https:\/\/feuerwehr-vglambrecht.de\/cms\/wp-content\/uploads\/2022\/04\/IMG-20220429-WA0004-900x1200.jpg"},"thumbnail":{"file":"IMG-20220429-WA0004-150x150.jpg","width":150,"height":150,"source_url":"https:\/\/feuerwehr-vglambrecht.de\/cms\/wp-content\/uploads\/2022\/04\/IMG-20220429-WA0004-150x150.jpg"},"medium":{"file":"IMG-20220429-WA0004-225x300.jpg","width":225,"height":300,"source_url":"https:\/\/feuerwehr-vglambrecht.de\/cms\/wp-content\/uploads\/2022\/04\/IMG-20220429-WA0004-225x300.jpg"},"large":{"file":"IMG-20220429-WA0004-768x1024.jpg","width":768,"height":1024,"source_url":"https:\/\/feuerwehr-vglambrecht.de\/cms\/wp-content\/uploads\/2022\/04\/IMG-20220429-WA0004-768x1024.jpg"}},"image_meta":{"aperture":"0","credit":"","camera":"","caption":"","created_timestamp":"0","copyright":"","focal_length":"0","iso":"0","shutter_speed":"0","title":"","orientation":"0","keywords":[]},"image-converter":{"thumbnail":"IME","medium":"IME","large":"IME"}},"post":10472,"source_url":"https:\/\/feuerwehr-vglambrecht.de\/cms\/wp-content\/uploads\/2022\/04\/IMG-20220429-WA0004.jpg"},"_links":{"self":[{"href":"https:\/\/feuerwehr-vglambrecht.de\/cms\/wp-json\/wp\/v2\/posts\/10472","targetHints":{"allow":["GET"]}}],"collection":[{"href":"https:\/\/feuerwehr-vglambrecht.de\/cms\/wp-json\/wp\/v2\/posts"}],"about":[{"href":"https:\/\/feuerwehr-vglambrecht.de\/cms\/wp-json\/wp\/v2\/types\/post"}],"author":[{"embeddable":true,"href":"https:\/\/feuerwehr-vglambrecht.de\/cms\/wp-json\/wp\/v2\/users\/17"}],"replies":[{"embeddable":true,"href":"https:\/\/feuerwehr-vglambrecht.de\/cms\/wp-json\/wp\/v2\/comments?post=10472"}],"version-history":[{"count":8,"href":"https:\/\/feuerwehr-vglambrecht.de\/cms\/wp-json\/wp\/v2\/posts\/10472\/revisions"}],"predecessor-version":[{"id":10481,"href":"https:\/\/feuerwehr-vglambrecht.de\/cms\/wp-json\/wp\/v2\/posts\/10472\/revisions\/10481"}],"wp:featuredmedia":[{"embeddable":true,"href":"https:\/\/feuerwehr-vglambrecht.de\/cms\/wp-json\/wp\/v2\/media\/10476"}],"wp:attachment":[{"href":"https:\/\/feuerwehr-vglambrecht.de\/cms\/wp-json\/wp\/v2\/media?parent=10472"}],"wp:term":[{"taxonomy":"category","embeddable":true,"href":"https:\/\/feuerwehr-vglambrecht.de\/cms\/wp-json\/wp\/v2\/categories?post=10472"},{"taxonomy":"post_tag","embeddable":true,"href":"https:\/\/feuerwehr-vglambrecht.de\/cms\/wp-json\/wp\/v2\/tags?post=10472"}],"curies":[{"name":"wp","href":"https:\/\/api.w.org\/{rel}","templated":true}]}}