{"id":10383,"date":"2022-04-02T09:30:47","date_gmt":"2022-04-02T07:30:47","guid":{"rendered":"https:\/\/feuerwehr-vglambrecht.de\/cms\/?p=10383"},"modified":"2022-04-01T11:33:53","modified_gmt":"2022-04-01T09:33:53","slug":"60-jahre-florian-lambrecht-23-der-oldtimer-feiert-geburtstag","status":"publish","type":"post","link":"https:\/\/feuerwehr-vglambrecht.de\/cms\/2022\/04\/02\/60-jahre-florian-lambrecht-23-der-oldtimer-feiert-geburtstag\/","title":{"rendered":"60 Jahre Florian Lambrecht 23 &#8211; Der Oldtimer feiert Geburtstag"},"content":{"rendered":"<p>02.04.2022\u2026. genau heute vor 60 Jahren war es endlich soweit!<\/p>\n<p>Im Jahre 1962 erblickte ich bei der Firma Metz in Karlsruhe das Licht der Welt.<\/p>\n<p>Mit gro\u00dfer Freude und hoch motiviert wurde ich 1962 in mein zuk\u00fcnftiges Einsatzgebiet \u00fcberf\u00fchrt und am 02.04.1962 offiziell zum Dienst angemeldet.<\/p>\n<p>Bei jedem Einsatz habe ich f\u00fcr die\u00a0 Feuerwehr Lambrecht treue Dienste geleistet.<\/p>\n<p>Ich war Anfang der sechziger Jahre das erste Rundhauberfahrzeug auf Mercedes-Benz Fahrgestell im damaligen Landkreis Neustadt an der Weinstra\u00dfe.Meine Haupteinsatzgebiete waren damals in erster Linie Industrie- und Geb\u00e4udebr\u00e4nde, sowie sp\u00e4ter auch Wald- und Fl\u00e4chenbr\u00e4nde. Im April 1999 wurde ich nach 37 erfolgreichen Dienstjahren in den wohlverdienten Ruhestand geschickt und durch ein moderneres Tankl\u00f6schfahrzeug 16\/24 ersetzt. Am meisten freute mich, dass die \u201eTankerfreunde Lambrecht\u201c daf\u00fcr sorgten, dass ich nicht meine liebgewonnene Verbandsgemeinde verlassen musste und haben mich als Oldtimer \u00fcbernommen.<\/p>\n<p>Auch heute noch, zu meinem 60. Geburtstag, fahre ich mit meinen 10 Tonnen und 135 PS durch die Verbandsgemeinde Lambrecht und dar\u00fcber hinaus.\u00a0 Ich fahre sehr gerne auf Feuerwehrfeste, Blaulichtumz\u00fcge und habe im Rentenalter gro\u00dfe Freude an Oldtimertreffen gefunden.<\/p>\n<p>Auff\u00e4llig auf meinem Fahrzeugdach ist der Gei\u00dfbockkopf. Dieser wurde extra f\u00fcr die Jubil\u00e4umsfeier anl\u00e4sslich des \u00a0100j\u00e4hrigen Bestehen der Feuerwehr Lambrecht im Jahre 1969 angefertigt. P\u00fcnktlich zum Jubil\u00e4um im Jahre 2019\u00a0 (150 Jahre Feuerwehr Lambrecht) wurde er aufwendig restauriert und ist bei jeder Ausfahrt mein treuer Begleiter.<\/p>\n<p><strong>\n<div class=\"ngg-galleryoverview\" id=\"ngg-gallery-352-10383\">\n\n\t<!-- Slideshow link -->\n\t<div class=\"slideshowlink\">\n\t\t<a class=\"slideshowlink\" href=\"https:\/\/feuerwehr-vglambrecht.de\/cms\/2022\/04\/02\/60-jahre-florian-lambrecht-23-der-oldtimer-feiert-geburtstag\/nggallery\/slideshow\">\n\t\t\t[Show as slideshow]\t\t<\/a>\n\t<\/div>\n\n\t\n\t<!-- Thumbnails -->\n\t\t\n\t<div id=\"ngg-image-2057\" class=\"ngg-gallery-thumbnail-box\"  >\n\t\t<div class=\"ngg-gallery-thumbnail\" >\n\t\t\t<a href=\"https:\/\/feuerwehr-vglambrecht.de\/cms\/wp-content\/gallery\/oldtimer\/img_20190504_084003.jpg\" title=\" \" class=\"shutterset_set_352\" >\n\t\t\t\t\t\t\t\t<img loading=\"lazy\" decoding=\"async\" title=\"dav\" alt=\"dav\" src=\"https:\/\/feuerwehr-vglambrecht.de\/cms\/wp-content\/gallery\/oldtimer\/thumbs\/thumbs_img_20190504_084003.jpg\" width=\"100\" height=\"75\" \/>\n\t\t\t\t\t\t\t<\/a>\n\t\t<\/div>\n\t<\/div>\n\t\n\t\t\n \t\t\n\t<div id=\"ngg-image-2058\" class=\"ngg-gallery-thumbnail-box\"  >\n\t\t<div class=\"ngg-gallery-thumbnail\" >\n\t\t\t<a href=\"https:\/\/feuerwehr-vglambrecht.de\/cms\/wp-content\/gallery\/oldtimer\/img_20190721_121957.jpg\" title=\" \" class=\"shutterset_set_352\" >\n\t\t\t\t\t\t\t\t<img loading=\"lazy\" decoding=\"async\" title=\"rhdr\" alt=\"rhdr\" src=\"https:\/\/feuerwehr-vglambrecht.de\/cms\/wp-content\/gallery\/oldtimer\/thumbs\/thumbs_img_20190721_121957.jpg\" width=\"100\" height=\"75\" \/>\n\t\t\t\t\t\t\t<\/a>\n\t\t<\/div>\n\t<\/div>\n\t\n\t\t\n \t\t\n\t<div id=\"ngg-image-2059\" class=\"ngg-gallery-thumbnail-box\"  >\n\t\t<div class=\"ngg-gallery-thumbnail\" >\n\t\t\t<a href=\"https:\/\/feuerwehr-vglambrecht.de\/cms\/wp-content\/gallery\/oldtimer\/img_20190721_122002.jpg\" title=\" \" class=\"shutterset_set_352\" >\n\t\t\t\t\t\t\t\t<img loading=\"lazy\" decoding=\"async\" title=\"dav\" alt=\"dav\" src=\"https:\/\/feuerwehr-vglambrecht.de\/cms\/wp-content\/gallery\/oldtimer\/thumbs\/thumbs_img_20190721_122002.jpg\" width=\"100\" height=\"75\" \/>\n\t\t\t\t\t\t\t<\/a>\n\t\t<\/div>\n\t<\/div>\n\t\n\t\t\n \t\t\n\t<div id=\"ngg-image-2060\" class=\"ngg-gallery-thumbnail-box\"  >\n\t\t<div class=\"ngg-gallery-thumbnail\" >\n\t\t\t<a href=\"https:\/\/feuerwehr-vglambrecht.de\/cms\/wp-content\/gallery\/oldtimer\/img_20190831_175317.jpg\" title=\" \" class=\"shutterset_set_352\" >\n\t\t\t\t\t\t\t\t<img loading=\"lazy\" decoding=\"async\" title=\"dav\" alt=\"dav\" src=\"https:\/\/feuerwehr-vglambrecht.de\/cms\/wp-content\/gallery\/oldtimer\/thumbs\/thumbs_img_20190831_175317.jpg\" width=\"100\" height=\"75\" \/>\n\t\t\t\t\t\t\t<\/a>\n\t\t<\/div>\n\t<\/div>\n\t\n\t\t\n \t\t\n\t<div id=\"ngg-image-2061\" class=\"ngg-gallery-thumbnail-box\"  >\n\t\t<div class=\"ngg-gallery-thumbnail\" >\n\t\t\t<a href=\"https:\/\/feuerwehr-vglambrecht.de\/cms\/wp-content\/gallery\/oldtimer\/img_20210718_125354.jpg\" title=\" \" class=\"shutterset_set_352\" >\n\t\t\t\t\t\t\t\t<img loading=\"lazy\" decoding=\"async\" title=\"img_20210718_125354\" alt=\"img_20210718_125354\" src=\"https:\/\/feuerwehr-vglambrecht.de\/cms\/wp-content\/gallery\/oldtimer\/thumbs\/thumbs_img_20210718_125354.jpg\" width=\"100\" height=\"75\" \/>\n\t\t\t\t\t\t\t<\/a>\n\t\t<\/div>\n\t<\/div>\n\t\n\t\t\n \t\t\n\t<div id=\"ngg-image-2062\" class=\"ngg-gallery-thumbnail-box\"  >\n\t\t<div class=\"ngg-gallery-thumbnail\" >\n\t\t\t<a href=\"https:\/\/feuerwehr-vglambrecht.de\/cms\/wp-content\/gallery\/oldtimer\/screenshot_20190506_082221.jpg\" title=\" \" class=\"shutterset_set_352\" >\n\t\t\t\t\t\t\t\t<img loading=\"lazy\" decoding=\"async\" title=\"screenshot_20190506_082221\" alt=\"screenshot_20190506_082221\" src=\"https:\/\/feuerwehr-vglambrecht.de\/cms\/wp-content\/gallery\/oldtimer\/thumbs\/thumbs_screenshot_20190506_082221.jpg\" width=\"100\" height=\"75\" \/>\n\t\t\t\t\t\t\t<\/a>\n\t\t<\/div>\n\t<\/div>\n\t\n\t\t\n \t\t\n\t<div id=\"ngg-image-2063\" class=\"ngg-gallery-thumbnail-box\"  >\n\t\t<div class=\"ngg-gallery-thumbnail\" >\n\t\t\t<a href=\"https:\/\/feuerwehr-vglambrecht.de\/cms\/wp-content\/gallery\/oldtimer\/screenshot_20200316_162943.jpg\" title=\" \" class=\"shutterset_set_352\" >\n\t\t\t\t\t\t\t\t<img loading=\"lazy\" decoding=\"async\" title=\"screenshot_20200316_162943\" alt=\"screenshot_20200316_162943\" src=\"https:\/\/feuerwehr-vglambrecht.de\/cms\/wp-content\/gallery\/oldtimer\/thumbs\/thumbs_screenshot_20200316_162943.jpg\" width=\"100\" height=\"75\" \/>\n\t\t\t\t\t\t\t<\/a>\n\t\t<\/div>\n\t<\/div>\n\t\n\t\t\n \t \t\n\t<!-- Pagination -->\n \t<div class='ngg-clear'><\/div>\n \t\n<\/div>\n\n<\/strong><\/p>\n","protected":false},"excerpt":{"rendered":"<p>02.04.2022\u2026. genau heute vor 60 Jahren war es endlich soweit! Im Jahre 1962 erblickte ich bei der Firma Metz in Karlsruhe das Licht der Welt. Mit gro\u00dfer Freude und hoch motiviert wurde ich 1962 in mein zuk\u00fcnftiges Einsatzgebiet \u00fcberf\u00fchrt und am 02.04.1962 offiziell zum Dienst angemeldet. Bei jedem Einsatz habe ich f\u00fcr die\u00a0 Feuerwehr Lambrecht treue Dienste geleistet. Ich war Anfang der sechziger Jahre das erste Rundhauberfahrzeug auf Mercedes-Benz Fahrgestell im damaligen Landkreis Neustadt an der Weinstra\u00dfe.Meine Haupteinsatzgebiete waren damals in erster Linie Industrie- und Geb\u00e4udebr\u00e4nde, sowie sp\u00e4ter auch Wald- und Fl\u00e4chenbr\u00e4nde. Im April 1999 wurde ich nach 37 erfolgreichen Dienstjahren in den wohlverdienten Ruhestand geschickt und durch ein moderneres Tankl\u00f6schfahrzeug 16\/24 ersetzt. Am meisten freute mich, dass die \u201eTankerfreunde Lambrecht\u201c daf\u00fcr sorgten, dass ich nicht meine liebgewonnene Verbandsgemeinde verlassen musste und haben mich als Oldtimer \u00fcbernommen. Auch heute noch, zu meinem 60. Geburtstag, fahre ich mit meinen 10 Tonnen&hellip;<\/p>\n","protected":false},"author":17,"featured_media":10384,"comment_status":"closed","ping_status":"closed","sticky":false,"template":"","format":"standard","meta":{"footnotes":""},"categories":[1],"tags":[383,142,358],"class_list":["post-10383","post","type-post","status-publish","format-standard","has-post-thumbnail","hentry","category-allgemein","tag-feuerwehrvglambrecht","tag-lambrecht","tag-oldtimer"],"better_featured_image":{"id":10384,"alt_text":"","caption":"","description":"","media_type":"image","media_details":{"width":2560,"height":1920,"file":"2022\/04\/IMG_20210718_125354-scaled.jpg","filesize":1485857,"sizes":{"medium_large":{"file":"IMG_20210718_125354-768x576.jpg","width":768,"height":576,"mime-type":"image\/jpeg","filesize":203321,"source_url":"https:\/\/feuerwehr-vglambrecht.de\/cms\/wp-content\/uploads\/2022\/04\/IMG_20210718_125354-768x576.jpg"},"1536x1536":{"file":"IMG_20210718_125354-1536x1152.jpg","width":1536,"height":1152,"mime-type":"image\/jpeg","filesize":629047,"source_url":"https:\/\/feuerwehr-vglambrecht.de\/cms\/wp-content\/uploads\/2022\/04\/IMG_20210718_125354-1536x1152.jpg"},"2048x2048":{"file":"IMG_20210718_125354-2048x1536.jpg","width":2048,"height":1536,"mime-type":"image\/jpeg","filesize":1029328,"source_url":"https:\/\/feuerwehr-vglambrecht.de\/cms\/wp-content\/uploads\/2022\/04\/IMG_20210718_125354-2048x1536.jpg"},"wptouch-new-thumbnail":{"file":"IMG_20210718_125354-144x144.jpg","width":144,"height":144,"mime-type":"image\/jpeg","filesize":69942,"source_url":"https:\/\/feuerwehr-vglambrecht.de\/cms\/wp-content\/uploads\/2022\/04\/IMG_20210718_125354-144x144.jpg"},"landing_image":{"file":"IMG_20210718_125354-1024x460.jpg","width":1024,"height":460,"mime-type":"image\/jpeg","filesize":216143,"source_url":"https:\/\/feuerwehr-vglambrecht.de\/cms\/wp-content\/uploads\/2022\/04\/IMG_20210718_125354-1024x460.jpg"},"foundation-featured-image":{"file":"IMG_20210718_125354-900x675.jpg","width":900,"height":675,"mime-type":"image\/jpeg","filesize":259390,"source_url":"https:\/\/feuerwehr-vglambrecht.de\/cms\/wp-content\/uploads\/2022\/04\/IMG_20210718_125354-900x675.jpg"},"thumbnail":{"file":"IMG_20210718_125354-150x150.jpg","width":150,"height":150,"source_url":"https:\/\/feuerwehr-vglambrecht.de\/cms\/wp-content\/uploads\/2022\/04\/IMG_20210718_125354-150x150.jpg"},"medium":{"file":"IMG_20210718_125354-300x225.jpg","width":300,"height":225,"source_url":"https:\/\/feuerwehr-vglambrecht.de\/cms\/wp-content\/uploads\/2022\/04\/IMG_20210718_125354-300x225.jpg"},"large":{"file":"IMG_20210718_125354-1024x768.jpg","width":1024,"height":768,"source_url":"https:\/\/feuerwehr-vglambrecht.de\/cms\/wp-content\/uploads\/2022\/04\/IMG_20210718_125354-1024x768.jpg"}},"image_meta":{"aperture":"1.8","credit":"","camera":"CLT-L29","caption":"","created_timestamp":"1626612835","copyright":"","focal_length":"5.58","iso":"50","shutter_speed":"0.001264","title":"","orientation":"0","keywords":[]},"original_image":"IMG_20210718_125354.jpg","image-converter":{"thumbnail":"IME","medium":"IME","large":"IME"}},"post":10383,"source_url":"https:\/\/feuerwehr-vglambrecht.de\/cms\/wp-content\/uploads\/2022\/04\/IMG_20210718_125354-scaled.jpg"},"_links":{"self":[{"href":"https:\/\/feuerwehr-vglambrecht.de\/cms\/wp-json\/wp\/v2\/posts\/10383","targetHints":{"allow":["GET"]}}],"collection":[{"href":"https:\/\/feuerwehr-vglambrecht.de\/cms\/wp-json\/wp\/v2\/posts"}],"about":[{"href":"https:\/\/feuerwehr-vglambrecht.de\/cms\/wp-json\/wp\/v2\/types\/post"}],"author":[{"embeddable":true,"href":"https:\/\/feuerwehr-vglambrecht.de\/cms\/wp-json\/wp\/v2\/users\/17"}],"replies":[{"embeddable":true,"href":"https:\/\/feuerwehr-vglambrecht.de\/cms\/wp-json\/wp\/v2\/comments?post=10383"}],"version-history":[{"count":3,"href":"https:\/\/feuerwehr-vglambrecht.de\/cms\/wp-json\/wp\/v2\/posts\/10383\/revisions"}],"predecessor-version":[{"id":10387,"href":"https:\/\/feuerwehr-vglambrecht.de\/cms\/wp-json\/wp\/v2\/posts\/10383\/revisions\/10387"}],"wp:featuredmedia":[{"embeddable":true,"href":"https:\/\/feuerwehr-vglambrecht.de\/cms\/wp-json\/wp\/v2\/media\/10384"}],"wp:attachment":[{"href":"https:\/\/feuerwehr-vglambrecht.de\/cms\/wp-json\/wp\/v2\/media?parent=10383"}],"wp:term":[{"taxonomy":"category","embeddable":true,"href":"https:\/\/feuerwehr-vglambrecht.de\/cms\/wp-json\/wp\/v2\/categories?post=10383"},{"taxonomy":"post_tag","embeddable":true,"href":"https:\/\/feuerwehr-vglambrecht.de\/cms\/wp-json\/wp\/v2\/tags?post=10383"}],"curies":[{"name":"wp","href":"https:\/\/api.w.org\/{rel}","templated":true}]}}