{"id":10257,"date":"2022-02-18T14:55:20","date_gmt":"2022-02-18T13:55:20","guid":{"rendered":"https:\/\/feuerwehr-vglambrecht.de\/cms\/?p=10257"},"modified":"2022-02-22T21:43:21","modified_gmt":"2022-02-22T20:43:21","slug":"einer-von-uns","status":"publish","type":"post","link":"https:\/\/feuerwehr-vglambrecht.de\/cms\/2022\/02\/18\/einer-von-uns\/","title":{"rendered":"Einer von uns"},"content":{"rendered":"<h1 style=\"text-align: center;\"><u>Einer von uns<\/u><\/h1>\n<p>Wir k\u00f6nnen es immer noch nicht fassen.<\/p>\n<p>Wir sind ersch\u00fcttert.<\/p>\n<p>Eine Einsatzmeldung diese keine Seltenheit bei uns ist. \u201eVerkehrsunfall\u201c. Bei diesem Stichwort haben wir alle schon immer ein ungutes Gef\u00fchl. Wir bereiten uns auf vieles vor, da es meistens keine genaueren Angaben zu dem Einsatz gibt. Wir fahren zur Feuerwache, besetzen die Fahrzeuge und fahren zur gemeldeten Einsatzstelle. Auf der Einsatzfahrt geht uns vieles durch den Kopf. Doch dieser Einsatz, war kein Einsatz wie jeder andere zuvor. Nach diesem Einsatz wird etwas fehlen, n\u00e4mlich einer von uns. Einer der ebenfalls bei vielen Eins\u00e4tzen dabei war und sich wahrscheinlich auch Gedanken gemacht hat. Was kann da nur passiert sein? Hoffentlich gibt es keine Verletzten?! Einer, der neben uns im Einsatzfahrzeug sa\u00df. Einer, auf den man sich verlassen konnte, egal was war. Einer mit dem man bei den \u00dcbungen viel Spa\u00df hatte, durch seine offene und freundliche Art. Einer, der sich f\u00fcr nichts zu Schade war und jede Aufgabe mit Freude erledigt hatte. Einer, \u00a0der sich zus\u00e4tzlich als Jugendbetreuer in der Jugendfeuerwehr engagierte und mit viel Eifer den jungen Feuerwehrleuten sein geliebtes Hobby \u201eFeuerwehr\u201c n\u00e4her brachte. Einer, der in seinem jungen Alter viel zu fr\u00fch von uns gegangen ist.<\/p>\n<p>Nur es war nicht nur \u201eEiner\u201c, sondern ein Kamerad, Freund, Sohn, Bruder und Mensch. Ein treuer Kamerad, der eine gro\u00dfe L\u00fccke hinterl\u00e4sst und noch am Anfang seiner Feuerwehrlaufbahn stand. Ein hilfsbereiter Freund, den man nicht mehr anrufen kann. Ein geliebter Sohn, der aus seinem noch jungen Leben gerissen wurde. Ein Bruder, mit dem man nicht mehr zusammen Quatsch machen, oder seine Sorgen und \u00c4ngste teilen kann. Ein Mensch, der als Vorbild, mit nur 18 Jahren im Leben stand. Ein Mensch, der einen wichtigen Dienst f\u00fcr unsere Gesellschaft leistete und dies mit h\u00f6chstem Engagement.<\/p>\n<p>Wir trauern zutiefst um unseren Kameraden Ole, der viel zu fr\u00fch von uns gegangen ist.<\/p>\n<p>Er wurde bei einem Verkehrsunfall am 17.02.2022 t\u00f6dlich verletzt.<\/p>\n<p>Wir m\u00f6chten zutiefst unser Beileid seiner Familie, Freunden und Angeh\u00f6rigen aussprechen.<\/p>\n<p>Gott zu Ehr, dem n\u00e4chsten zur Wehr.<\/p>\n<p><strong>In stiller Verbundenheit, Deine Kameraden der Freiwilligen Feuerwehr Lambrecht (Pfalz)<\/strong><\/p>\n","protected":false},"excerpt":{"rendered":"<p>Einer von uns Wir k\u00f6nnen es immer noch nicht fassen. Wir sind ersch\u00fcttert. Eine Einsatzmeldung diese keine Seltenheit bei uns ist. \u201eVerkehrsunfall\u201c. Bei diesem Stichwort haben wir alle schon immer ein ungutes Gef\u00fchl. Wir bereiten uns auf vieles vor, da es meistens keine genaueren Angaben zu dem Einsatz gibt. Wir fahren zur Feuerwache, besetzen die Fahrzeuge und fahren zur gemeldeten Einsatzstelle. Auf der Einsatzfahrt geht uns vieles durch den Kopf. Doch dieser Einsatz, war kein Einsatz wie jeder andere zuvor. Nach diesem Einsatz wird etwas fehlen, n\u00e4mlich einer von uns. Einer der ebenfalls bei vielen Eins\u00e4tzen dabei war und sich wahrscheinlich auch Gedanken gemacht hat. Was kann da nur passiert sein? Hoffentlich gibt es keine Verletzten?! Einer, der neben uns im Einsatzfahrzeug sa\u00df. Einer, auf den man sich verlassen konnte, egal was war. Einer mit dem man bei den \u00dcbungen viel Spa\u00df hatte, durch seine offene und freundliche Art. Einer,&hellip;<\/p>\n","protected":false},"author":17,"featured_media":10260,"comment_status":"closed","ping_status":"closed","sticky":false,"template":"","format":"standard","meta":{"footnotes":""},"categories":[1],"tags":[],"class_list":["post-10257","post","type-post","status-publish","format-standard","has-post-thumbnail","hentry","category-allgemein"],"better_featured_image":{"id":10260,"alt_text":"","caption":"","description":"","media_type":"image","media_details":{"width":750,"height":1333,"file":"2022\/02\/WhatsApp-Image-2022-02-18-at-11.00.52.jpeg","filesize":65077,"sizes":{"wptouch-new-thumbnail":{"file":"WhatsApp-Image-2022-02-18-at-11.00.52-144x144.jpeg","width":144,"height":144,"mime-type":"image\/jpeg","filesize":5717,"source_url":"https:\/\/feuerwehr-vglambrecht.de\/cms\/wp-content\/uploads\/2022\/02\/WhatsApp-Image-2022-02-18-at-11.00.52-144x144.jpeg"},"landing_image":{"file":"WhatsApp-Image-2022-02-18-at-11.00.52-750x460.jpeg","width":750,"height":460,"mime-type":"image\/jpeg","filesize":37198,"source_url":"https:\/\/feuerwehr-vglambrecht.de\/cms\/wp-content\/uploads\/2022\/02\/WhatsApp-Image-2022-02-18-at-11.00.52-750x460.jpeg"},"thumbnail":{"file":"WhatsApp-Image-2022-02-18-at-11.00.52-150x150.jpeg","width":150,"height":150,"source_url":"https:\/\/feuerwehr-vglambrecht.de\/cms\/wp-content\/uploads\/2022\/02\/WhatsApp-Image-2022-02-18-at-11.00.52-150x150.jpeg"},"medium":{"file":"WhatsApp-Image-2022-02-18-at-11.00.52-169x300.jpeg","width":169,"height":300,"source_url":"https:\/\/feuerwehr-vglambrecht.de\/cms\/wp-content\/uploads\/2022\/02\/WhatsApp-Image-2022-02-18-at-11.00.52-169x300.jpeg"},"large":{"file":"WhatsApp-Image-2022-02-18-at-11.00.52-576x1024.jpeg","width":576,"height":1024,"source_url":"https:\/\/feuerwehr-vglambrecht.de\/cms\/wp-content\/uploads\/2022\/02\/WhatsApp-Image-2022-02-18-at-11.00.52-576x1024.jpeg"}},"image_meta":{"aperture":"0","credit":"","camera":"","caption":"","created_timestamp":"0","copyright":"","focal_length":"0","iso":"0","shutter_speed":"0","title":"","orientation":"0","keywords":[]},"image-converter":{"thumbnail":"IME","medium":"IME","large":"IME"}},"post":10257,"source_url":"https:\/\/feuerwehr-vglambrecht.de\/cms\/wp-content\/uploads\/2022\/02\/WhatsApp-Image-2022-02-18-at-11.00.52.jpeg"},"_links":{"self":[{"href":"https:\/\/feuerwehr-vglambrecht.de\/cms\/wp-json\/wp\/v2\/posts\/10257","targetHints":{"allow":["GET"]}}],"collection":[{"href":"https:\/\/feuerwehr-vglambrecht.de\/cms\/wp-json\/wp\/v2\/posts"}],"about":[{"href":"https:\/\/feuerwehr-vglambrecht.de\/cms\/wp-json\/wp\/v2\/types\/post"}],"author":[{"embeddable":true,"href":"https:\/\/feuerwehr-vglambrecht.de\/cms\/wp-json\/wp\/v2\/users\/17"}],"replies":[{"embeddable":true,"href":"https:\/\/feuerwehr-vglambrecht.de\/cms\/wp-json\/wp\/v2\/comments?post=10257"}],"version-history":[{"count":3,"href":"https:\/\/feuerwehr-vglambrecht.de\/cms\/wp-json\/wp\/v2\/posts\/10257\/revisions"}],"predecessor-version":[{"id":10282,"href":"https:\/\/feuerwehr-vglambrecht.de\/cms\/wp-json\/wp\/v2\/posts\/10257\/revisions\/10282"}],"wp:featuredmedia":[{"embeddable":true,"href":"https:\/\/feuerwehr-vglambrecht.de\/cms\/wp-json\/wp\/v2\/media\/10260"}],"wp:attachment":[{"href":"https:\/\/feuerwehr-vglambrecht.de\/cms\/wp-json\/wp\/v2\/media?parent=10257"}],"wp:term":[{"taxonomy":"category","embeddable":true,"href":"https:\/\/feuerwehr-vglambrecht.de\/cms\/wp-json\/wp\/v2\/categories?post=10257"},{"taxonomy":"post_tag","embeddable":true,"href":"https:\/\/feuerwehr-vglambrecht.de\/cms\/wp-json\/wp\/v2\/tags?post=10257"}],"curies":[{"name":"wp","href":"https:\/\/api.w.org\/{rel}","templated":true}]}}