{"id":10234,"date":"2022-02-11T11:14:16","date_gmt":"2022-02-11T10:14:16","guid":{"rendered":"https:\/\/feuerwehr-vglambrecht.de\/cms\/?p=10234"},"modified":"2022-02-11T11:14:16","modified_gmt":"2022-02-11T10:14:16","slug":"11-2-tag-des-europaeischen-notrufes","status":"publish","type":"post","link":"https:\/\/feuerwehr-vglambrecht.de\/cms\/2022\/02\/11\/11-2-tag-des-europaeischen-notrufes\/","title":{"rendered":"11.2 \u2013 Tag des europ\u00e4ischen Notrufes"},"content":{"rendered":"<blockquote><p><strong>11.2 \u2013 Tag des europ\u00e4ischen Notrufes<\/strong><\/p>\n<p>Mit dem Aktionstag am 11. Februar (11.2.) wird auf die lebensrettende Notrufnummer 112 aufmerksam gemacht. Wer sie w\u00e4hlt, erreicht in Deutschland wie auch in vielen anderen L\u00e4ndern fl\u00e4chendeckend immer die n\u00e4chstgelegene Leitstelle. Ein Notruf aus der Verbandsgemeinde Lambrecht landet in der Integrierten Leitstelle Ludwigshafen.<\/p>\n<p>Sollten Sie den Notruf 112 w\u00e4hlen, so teilen Sie dem Disponenten bitte die 5-W Fragen mit.<\/p>\n<ul>\n<li>Wo ist etwas passiert?<\/li>\n<li>Was ist passiert?<\/li>\n<li>Wie viele Verletze\/Betroffene gibt es?<\/li>\n<li>Welche Verletzungen oder Sch\u00e4den gibt es?<\/li>\n<li>Warten Sie auf R\u00fcckfragen<\/li>\n<\/ul>\n<p>Legen Sie auf keinen Fall auf und beantworten Sie die R\u00fcckfragen so genau wie m\u00f6glich. Das Gespr\u00e4ch wird immer durch den Disponenten beendet.<\/p>\n<p>Ein Missbrauch des Notrufes ist allerdings strafbar ist und wird auch verfolgt.<\/p>\n<p>#Notruf #eineinszwei #tagdesnotrufes #feuerwehrvglambrecht #wirfuereuch #247365 #einsatzfuerdievglambrecht<\/p><\/blockquote>\n","protected":false},"excerpt":{"rendered":"<p>11.2 \u2013 Tag des europ\u00e4ischen Notrufes Mit dem Aktionstag am 11. Februar (11.2.) wird auf die lebensrettende Notrufnummer 112 aufmerksam gemacht. Wer sie w\u00e4hlt, erreicht in Deutschland wie auch in vielen anderen L\u00e4ndern fl\u00e4chendeckend immer die n\u00e4chstgelegene Leitstelle. Ein Notruf aus der Verbandsgemeinde Lambrecht landet in der Integrierten Leitstelle Ludwigshafen. Sollten Sie den Notruf 112 w\u00e4hlen, so teilen Sie dem Disponenten bitte die 5-W Fragen mit. Wo ist etwas passiert? Was ist passiert? Wie viele Verletze\/Betroffene gibt es? Welche Verletzungen oder Sch\u00e4den gibt es? Warten Sie auf R\u00fcckfragen Legen Sie auf keinen Fall auf und beantworten Sie die R\u00fcckfragen so genau wie m\u00f6glich. Das Gespr\u00e4ch wird immer durch den Disponenten beendet. Ein Missbrauch des Notrufes ist allerdings strafbar ist und wird auch verfolgt. #Notruf #eineinszwei #tagdesnotrufes #feuerwehrvglambrecht #wirfuereuch #247365 #einsatzfuerdievglambrecht<\/p>\n","protected":false},"author":17,"featured_media":10235,"comment_status":"closed","ping_status":"closed","sticky":false,"template":"","format":"standard","meta":{"footnotes":""},"categories":[1],"tags":[],"class_list":["post-10234","post","type-post","status-publish","format-standard","has-post-thumbnail","hentry","category-allgemein"],"better_featured_image":{"id":10235,"alt_text":"","caption":"","description":"","media_type":"image","media_details":{"width":346,"height":346,"file":"2022\/02\/2170_4538_1_m.jpg","filesize":81156,"sizes":{"wptouch-new-thumbnail":{"file":"2170_4538_1_m-144x144.jpg","width":144,"height":144,"mime-type":"image\/jpeg","filesize":25040,"source_url":"https:\/\/feuerwehr-vglambrecht.de\/cms\/wp-content\/uploads\/2022\/02\/2170_4538_1_m-144x144.jpg"},"thumbnail":{"file":"2170_4538_1_m-150x150.jpg","width":150,"height":150,"source_url":"https:\/\/feuerwehr-vglambrecht.de\/cms\/wp-content\/uploads\/2022\/02\/2170_4538_1_m-150x150.jpg"},"medium":{"file":"2170_4538_1_m-300x300.jpg","width":300,"height":300,"source_url":"https:\/\/feuerwehr-vglambrecht.de\/cms\/wp-content\/uploads\/2022\/02\/2170_4538_1_m-300x300.jpg"}},"image_meta":{"aperture":"0","credit":"winterbilder - stock.adobe.com","camera":"","caption":"","created_timestamp":"1486798391","copyright":"\u00a9winterbilder - stock.adobe.com","focal_length":"0","iso":"0","shutter_speed":"0","title":"Notruf Stempel","orientation":"1","keywords":["notruf","stempel","logo","zeichen","symbol","polizei","112","110","telefon","telefonh\u00f6rer","not","internationaler","international","notdienst","europ\u00e4ischer","emblem","schild","retten","rettung","lebensrettung","notarzt","sanit\u00e4ter","notfall","notfallsanit\u00e4ter","hilfe","feuerwehr","blaulicht","unfall","ungl\u00fcck","feuer","einbruch","polizist","feuerwehrmann","l\u00f6schzug","verkehrsunfall","notrufnummer","anrufen","sos","brand","krankenwagen","rettungswagen","polizeiauto","rettungsdienste","lebensretter","helfen","erste","notfallretter","notfallrettung","deutsche","deutschland"]},"image-converter":{"thumbnail":"IME","medium":"IME"}},"post":10234,"source_url":"https:\/\/feuerwehr-vglambrecht.de\/cms\/wp-content\/uploads\/2022\/02\/2170_4538_1_m.jpg"},"_links":{"self":[{"href":"https:\/\/feuerwehr-vglambrecht.de\/cms\/wp-json\/wp\/v2\/posts\/10234","targetHints":{"allow":["GET"]}}],"collection":[{"href":"https:\/\/feuerwehr-vglambrecht.de\/cms\/wp-json\/wp\/v2\/posts"}],"about":[{"href":"https:\/\/feuerwehr-vglambrecht.de\/cms\/wp-json\/wp\/v2\/types\/post"}],"author":[{"embeddable":true,"href":"https:\/\/feuerwehr-vglambrecht.de\/cms\/wp-json\/wp\/v2\/users\/17"}],"replies":[{"embeddable":true,"href":"https:\/\/feuerwehr-vglambrecht.de\/cms\/wp-json\/wp\/v2\/comments?post=10234"}],"version-history":[{"count":1,"href":"https:\/\/feuerwehr-vglambrecht.de\/cms\/wp-json\/wp\/v2\/posts\/10234\/revisions"}],"predecessor-version":[{"id":10236,"href":"https:\/\/feuerwehr-vglambrecht.de\/cms\/wp-json\/wp\/v2\/posts\/10234\/revisions\/10236"}],"wp:featuredmedia":[{"embeddable":true,"href":"https:\/\/feuerwehr-vglambrecht.de\/cms\/wp-json\/wp\/v2\/media\/10235"}],"wp:attachment":[{"href":"https:\/\/feuerwehr-vglambrecht.de\/cms\/wp-json\/wp\/v2\/media?parent=10234"}],"wp:term":[{"taxonomy":"category","embeddable":true,"href":"https:\/\/feuerwehr-vglambrecht.de\/cms\/wp-json\/wp\/v2\/categories?post=10234"},{"taxonomy":"post_tag","embeddable":true,"href":"https:\/\/feuerwehr-vglambrecht.de\/cms\/wp-json\/wp\/v2\/tags?post=10234"}],"curies":[{"name":"wp","href":"https:\/\/api.w.org\/{rel}","templated":true}]}}